{"id":76280,"date":"2024-06-07T06:39:38","date_gmt":"2024-06-07T11:39:38","guid":{"rendered":"https:\/\/losperiodistas.com.mx\/portal\/?p=76280"},"modified":"2024-06-07T06:39:41","modified_gmt":"2024-06-07T11:39:41","slug":"recibe-lupita-cuautle-constancia-de-mayoria-ya-es-presidenta-electa-de-san-andres-cholula-intolerancia-diario","status":"publish","type":"post","link":"https:\/\/losperiodistas.com.mx\/portal\/recibe-lupita-cuautle-constancia-de-mayoria-ya-es-presidenta-electa-de-san-andres-cholula-intolerancia-diario\/","title":{"rendered":"Recibe Lupita Cuautle constancia de mayor\u00eda; ya es presidenta electa de San Andr\u00e9s Cholula | Intolerancia Diario"},"content":{"rendered":"\n<h2 class=\"has-medium-font-size wp-block-heading\">Fueron 171 casillas computadas las cuales contabilizaron 36 mil 491 votos a favor de la candidata de Acci\u00f3n Nacional.<\/h2>\n\n\n\n<figure class=\"wp-block-image size-large\"><img fetchpriority=\"high\" decoding=\"async\" width=\"1024\" height=\"733\" src=\"https:\/\/losperiodistas.com.mx\/portal\/wp-content\/uploads\/2024\/06\/Captura-de-Pantalla-2024-06-07-a-las-5.35.59-1024x733.jpg\" alt=\"\" class=\"wp-image-76330\" srcset=\"https:\/\/losperiodistas.com.mx\/portal\/wp-content\/uploads\/2024\/06\/Captura-de-Pantalla-2024-06-07-a-las-5.35.59-1024x733.jpg 1024w, https:\/\/losperiodistas.com.mx\/portal\/wp-content\/uploads\/2024\/06\/Captura-de-Pantalla-2024-06-07-a-las-5.35.59-300x215.jpg 300w, https:\/\/losperiodistas.com.mx\/portal\/wp-content\/uploads\/2024\/06\/Captura-de-Pantalla-2024-06-07-a-las-5.35.59-768x550.jpg 768w, https:\/\/losperiodistas.com.mx\/portal\/wp-content\/uploads\/2024\/06\/Captura-de-Pantalla-2024-06-07-a-las-5.35.59.jpg 1282w\" sizes=\"(max-width: 1024px) 100vw, 1024px\" \/><\/figure>\n\n\n\n<p><\/p>\n\n\n\n<p class=\"has-vivid-red-color has-text-color has-medium-font-size\"><strong>Redacci\u00f3n Intolerancia Diario<\/strong><\/p>\n\n\n\n<p>Esta noche de jueves, 6 de junio,\u00a0<strong>Lupita Cuautle recibi\u00f3 su constancia de mayor\u00eda<\/strong>\u00a0la cual la acredita como\u00a0<strong>presidenta electa de San Andr\u00e9s Cholula<\/strong>\u00a0para el\u00a0<strong>per\u00edodo 2024-2027<\/strong>.<\/p>\n\n\n\n<p>Fueron&nbsp;<strong>171 casillas computadas<\/strong>&nbsp;las cuales contabilizaron&nbsp;<strong>36 mil 491 votos a favor<\/strong>&nbsp;de la candidata de&nbsp;<strong>Acci\u00f3n Nacional<\/strong>.<\/p>\n\n\n\n<figure class=\"wp-block-image\"><img decoding=\"async\" src=\"https:\/\/img.intoleranciadiario.com\/images\/WhatsApp%20Image%202024-06-07%20at%2000_02_39.jpeg\" alt=\"Foto: Cortes\u00eda\"\/><figcaption>Foto: Cortes\u00eda<\/figcaption><\/figure>\n\n\n\n<p><strong>Lupita Cuautle<\/strong>, qui\u00e9n ser\u00e1 la&nbsp;<strong>primera presidenta del PAN<\/strong>&nbsp;en el municipio, asegur\u00f3 que tendr\u00e1 un&nbsp;<strong>gobierno que atender\u00e1<\/strong>&nbsp;las&nbsp;<strong>demandas de los ciudadanos<\/strong>&nbsp;en materia de&nbsp;<strong>seguridad<\/strong>,&nbsp;<strong>infraestructura<\/strong>,&nbsp;<strong>transparencia<\/strong>,&nbsp;<strong>innovaci\u00f3n<\/strong>&nbsp;y&nbsp;<strong>equidad<\/strong>&nbsp;e inclusi\u00f3n social, tal como present\u00f3 semanalmente en cada una de sus&nbsp;<strong>agendas que conforman<\/strong>&nbsp;la \u00ab<strong>Agenda P\u00fablica de San Andr\u00e9s Cholula<\/strong>\u00bb durante la&nbsp;<strong>campa\u00f1a electoral<\/strong>.<\/p>\n\n\n\n<p>Este ejercicio lo hizo de la mano de los\u00a0<strong>ciudadanos<\/strong>, donde se\u00a0<strong>reunieron empresarios, estudiantes, mujeres, adultos y personas<\/strong>\u00a0con\u00a0<strong>discapacidad para pronunciar<\/strong>\u00a0sus\u00a0<strong>neesidades<\/strong>\u00a0mismas que\u00a0<strong>Lupita Cuautle<\/strong>\u00a0se comprometi\u00f3 a\u00a0<strong>atender desde sus primeros d\u00edas<\/strong>\u00a0de\u00a0<strong>gobierno<\/strong>.<\/p>\n\n\n\n<p>Fuente: <a href=\"https:\/\/intoleranciadiario.com\/articles\/municipios\/2024\/06\/07\/1026230-recibe-lupita-cuautle-constancia-de-mayoria-ya-es-presidenta-electa-de-san-andres-cholula.html\">https:\/\/intoleranciadiario.com\/articles\/municipios\/2024\/06\/07\/1026230-recibe-lupita-cuautle-constancia-de-mayoria-ya-es-presidenta-electa-de-san-andres-cholula.html<\/a><\/p>\n","protected":false},"excerpt":{"rendered":"<p>Fueron 171 casillas computadas las cuales contabilizaron 36 mil 491 votos a favor de la candidata de Acci\u00f3n Nacional. Redacci\u00f3n [&hellip;]<\/p>\n","protected":false},"author":1,"featured_media":76330,"comment_status":"open","ping_status":"open","sticky":false,"template":"","format":"standard","meta":{"site-sidebar-layout":"default","site-content-layout":"","ast-site-content-layout":"default","site-content-style":"default","site-sidebar-style":"default","ast-global-header-display":"","ast-banner-title-visibility":"","ast-main-header-display":"","ast-hfb-above-header-display":"","ast-hfb-below-header-display":"","ast-hfb-mobile-header-display":"","site-post-title":"","ast-breadcrumbs-content":"","ast-featured-img":"","footer-sml-layout":"","theme-transparent-header-meta":"","adv-header-id-meta":"","stick-header-meta":"","header-above-stick-meta":"","header-main-stick-meta":"","header-below-stick-meta":"","astra-migrate-meta-layouts":"default","ast-page-background-enabled":"default","ast-page-background-meta":{"desktop":{"background-color":"var(--ast-global-color-4)","background-image":"","background-repeat":"repeat","background-position":"center center","background-size":"auto","background-attachment":"scroll","background-type":"","background-media":"","overlay-type":"","overlay-color":"","overlay-opacity":"","overlay-gradient":""},"tablet":{"background-color":"","background-image":"","background-repeat":"repeat","background-position":"center center","background-size":"auto","background-attachment":"scroll","background-type":"","background-media":"","overlay-type":"","overlay-color":"","overlay-opacity":"","overlay-gradient":""},"mobile":{"background-color":"","background-image":"","background-repeat":"repeat","background-position":"center center","background-size":"auto","background-attachment":"scroll","background-type":"","background-media":"","overlay-type":"","overlay-color":"","overlay-opacity":"","overlay-gradient":""}},"ast-content-background-meta":{"desktop":{"background-color":"var(--ast-global-color-5)","background-image":"","background-repeat":"repeat","background-position":"center center","background-size":"auto","background-attachment":"scroll","background-type":"","background-media":"","overlay-type":"","overlay-color":"","overlay-opacity":"","overlay-gradient":""},"tablet":{"background-color":"var(--ast-global-color-5)","background-image":"","background-repeat":"repeat","background-position":"center center","background-size":"auto","background-attachment":"scroll","background-type":"","background-media":"","overlay-type":"","overlay-color":"","overlay-opacity":"","overlay-gradient":""},"mobile":{"background-color":"var(--ast-global-color-5)","background-image":"","background-repeat":"repeat","background-position":"center center","background-size":"auto","background-attachment":"scroll","background-type":"","background-media":"","overlay-type":"","overlay-color":"","overlay-opacity":"","overlay-gradient":""}},"footnotes":""},"categories":[8],"tags":[25925,6933],"class_list":["post-76280","post","type-post","status-publish","format-standard","has-post-thumbnail","hentry","category-noticias","tag-lupita-cuautle","tag-san-andres-cholula"],"_links":{"self":[{"href":"https:\/\/losperiodistas.com.mx\/portal\/wp-json\/wp\/v2\/posts\/76280","targetHints":{"allow":["GET"]}}],"collection":[{"href":"https:\/\/losperiodistas.com.mx\/portal\/wp-json\/wp\/v2\/posts"}],"about":[{"href":"https:\/\/losperiodistas.com.mx\/portal\/wp-json\/wp\/v2\/types\/post"}],"author":[{"embeddable":true,"href":"https:\/\/losperiodistas.com.mx\/portal\/wp-json\/wp\/v2\/users\/1"}],"replies":[{"embeddable":true,"href":"https:\/\/losperiodistas.com.mx\/portal\/wp-json\/wp\/v2\/comments?post=76280"}],"version-history":[{"count":1,"href":"https:\/\/losperiodistas.com.mx\/portal\/wp-json\/wp\/v2\/posts\/76280\/revisions"}],"predecessor-version":[{"id":76331,"href":"https:\/\/losperiodistas.com.mx\/portal\/wp-json\/wp\/v2\/posts\/76280\/revisions\/76331"}],"wp:featuredmedia":[{"embeddable":true,"href":"https:\/\/losperiodistas.com.mx\/portal\/wp-json\/wp\/v2\/media\/76330"}],"wp:attachment":[{"href":"https:\/\/losperiodistas.com.mx\/portal\/wp-json\/wp\/v2\/media?parent=76280"}],"wp:term":[{"taxonomy":"category","embeddable":true,"href":"https:\/\/losperiodistas.com.mx\/portal\/wp-json\/wp\/v2\/categories?post=76280"},{"taxonomy":"post_tag","embeddable":true,"href":"https:\/\/losperiodistas.com.mx\/portal\/wp-json\/wp\/v2\/tags?post=76280"}],"curies":[{"name":"wp","href":"https:\/\/api.w.org\/{rel}","templated":true}]}}