{"id":7626,"date":"2021-05-04T20:16:28","date_gmt":"2021-05-05T01:16:28","guid":{"rendered":"http:\/\/losperiodistas.com.mx\/portal\/?p=7626"},"modified":"2021-05-04T20:16:30","modified_gmt":"2021-05-05T01:16:30","slug":"se-cayo-la-12-se-la-cobraran-en-el-21","status":"publish","type":"post","link":"https:\/\/losperiodistas.com.mx\/portal\/se-cayo-la-12-se-la-cobraran-en-el-21\/","title":{"rendered":"Se cay\u00f3 la 12, se la cobrar\u00e1n en el 21"},"content":{"rendered":"\n<p><\/p>\n\n\n\n<figure class=\"wp-block-image size-large\"><img fetchpriority=\"high\" decoding=\"async\" width=\"1024\" height=\"317\" src=\"https:\/\/losperiodistas.com.mx\/portal\/wp-content\/uploads\/2021\/05\/Captura-de-Pantalla-2021-05-04-a-las-20.15.20-1024x317.png\" alt=\"\" class=\"wp-image-7627\" srcset=\"https:\/\/losperiodistas.com.mx\/portal\/wp-content\/uploads\/2021\/05\/Captura-de-Pantalla-2021-05-04-a-las-20.15.20-1024x317.png 1024w, https:\/\/losperiodistas.com.mx\/portal\/wp-content\/uploads\/2021\/05\/Captura-de-Pantalla-2021-05-04-a-las-20.15.20-300x93.png 300w, https:\/\/losperiodistas.com.mx\/portal\/wp-content\/uploads\/2021\/05\/Captura-de-Pantalla-2021-05-04-a-las-20.15.20-768x238.png 768w, https:\/\/losperiodistas.com.mx\/portal\/wp-content\/uploads\/2021\/05\/Captura-de-Pantalla-2021-05-04-a-las-20.15.20-1536x475.png 1536w, https:\/\/losperiodistas.com.mx\/portal\/wp-content\/uploads\/2021\/05\/Captura-de-Pantalla-2021-05-04-a-las-20.15.20-2048x634.png 2048w\" sizes=\"(max-width: 1024px) 100vw, 1024px\" \/><\/figure>\n\n\n\n<p class=\"has-vivid-cyan-blue-color has-text-color\" style=\"font-size:26px\"><em>Por Humberto Aguilar Coronado<\/em><\/p>\n\n\n\n<p>Una trabe se venci\u00f3, declar\u00f3 la Jefa de Gobierno de la CDMX, refiri\u00e9ndose al lamentable accidente en donde perdieron la vida 25 personas y que tiene hospitalizadas a m\u00e1s de 75 por el desplome de algunos vagones del metro.<\/p>\n\n\n\n<p>\u00bfAs\u00ed de sencillo es justificar por parte de la autoridad un accidente?. Yo creo que no.&nbsp;<\/p>\n\n\n\n<p>Sobre todo, si se sabe que la l\u00ednea 12 del metro de la CDMX tiene su historia y sus protagonistas principales son altos funcionarios gubernamentales y dirigentes del partido de MORENA.<\/p>\n\n\n\n<p>Aqu\u00ed la historia. La obra fue inaugurada en el a\u00f1o 2012, despu\u00e9s de que 6 a\u00f1os antes, el Jefe de Gobierno, Marcelo Ebrard, la anunciara como la obra emblem\u00e1tica de su gobierno. La l\u00ednea ser\u00eda conocida como la l\u00ednea dorada del bicentenario.<\/p>\n\n\n\n<p>Sin embargo, desde el inicio de la construcci\u00f3n, se se\u00f1alaron diversas anomal\u00edas que vendr\u00edan a salir a la luz p\u00fablica con el sismo que azot\u00f3 a la CDMX en septiembre del a\u00f1o 2019, al descarrilarse un par de vagones por los da\u00f1os estructurales causados, y que, seg\u00fan vecinos de la zona, no fueron atendidos con oportunidad y auguraban la posibilidad de un desastre.<\/p>\n\n\n\n<p>En marzo del 2014, se tuvo que cerrar el tramo elevado de la l\u00ednea para su revisi\u00f3n y mantenimiento, dado que los rieles y las v\u00edas no eran compatibles con la construcci\u00f3n de una v\u00eda f\u00e9rrea.<\/p>\n\n\n\n<p>Han sido tantas las fallas desde el inicio, que muchos han afirmado que la obra de la l\u00ednea dorada ha estado marcada por las fallas t\u00e9cnicas, la falta de mantenimiento y evidentemente, la corrupci\u00f3n, misma que ha sido denunciada por diferentes ciudadanos y organizaciones en diferentes momentos.<\/p>\n\n\n\n<p>La construcci\u00f3n de la obra se encareci\u00f3 en casi un 60% del costo inicial estimado y se llegaron a detectar m\u00e1s de 11 mil fallas t\u00e9cnicas por la Auditor\u00eda Superior de la Federaci\u00f3n y por la Comisi\u00f3n Especial de la C\u00e1mara de Diputados que se cre\u00f3 para la investigaci\u00f3n del caso.<\/p>\n\n\n\n<p>Dicha Comisi\u00f3n, en su informe presentado concluye que \u201ces imperioso fincar responsabilidades a quienes aprobaron el Proyecto del Metro y el Consorcio Constructor, a trav\u00e9s de sucesivos convenios modificatorios, incrementos en el costo de construcci\u00f3n de estaciones, tramos de conducci\u00f3n y en los porcentajes de los anticipos entregados a las compa\u00f1\u00edas privadas\u201d.<\/p>\n\n\n\n<p>El informe concluye que se deben deslindar las responsabilidades del ex jefe de gobierno, Marcelo Ebrard; del ex secretario de finanzas, Mario Delgado Carrillo, y del ex titular del Proyecto Metro, Enrique Horcasitas.<\/p>\n\n\n\n<p>Al final, se solicit\u00f3 a la Procuradur\u00eda General de Justicia del Distrito Federal estudiar los posibles il\u00edcitos cometidos para realizar el desglose correspondiente a la Procuradur\u00eda General de la Rep\u00fablica porque la propia comisi\u00f3n determin\u00f3 que hubo delitos de peculado, pagos indebidos y uso indebido del ejercicio p\u00fablico.<\/p>\n\n\n\n<p>\u00bfCu\u00e1l fue el resultado de estas investigaciones? Usted le atin\u00f3. No se encontraron responsables.&nbsp;<\/p>\n\n\n\n<p>Ahora Marcelo Ebrard es el Secretario de Relaciones Exteriores del Gobierno de MORENA y Mario Delgado Carrillo es el presidente de MORENA, sin contar, por supuesto, a la jefa actual de Gobierno, Claudia Sheinbaum que tambi\u00e9n es de MORENA.<\/p>\n\n\n\n<p>As\u00ed las cosas, la corrupci\u00f3n, la falta de transparencia y la impunidad aplican para los altos mandos de quienes participan con MORENA mientras que, por lo menos, 23 familias lloran en sus casas por la negligencia de las autoridades que tuvo como consecuencia el fatal accidente.<\/p>\n\n\n\n<p>Que no se les olvide a MORENA que ya se les cay\u00f3 la l\u00ednea 12, y est\u00e1n por cruzar, a la baja, la l\u00ednea de flotaci\u00f3n del 21, a\u00f1o electoral.<\/p>\n\n\n\n<p>*Es polit\u00f3logo con Maestr\u00eda en Negociaci\u00f3n por la Universidad Carlos III de Madrid, Espa\u00f1a.<\/p>\n","protected":false},"excerpt":{"rendered":"<p>Por Humberto Aguilar Coronado Una trabe se venci\u00f3, declar\u00f3 la Jefa de Gobierno de la CDMX, refiri\u00e9ndose al lamentable accidente [&hellip;]<\/p>\n","protected":false},"author":1,"featured_media":7627,"comment_status":"open","ping_status":"open","sticky":false,"template":"","format":"standard","meta":{"site-sidebar-layout":"default","site-content-layout":"","ast-site-content-layout":"default","site-content-style":"default","site-sidebar-style":"default","ast-global-header-display":"","ast-banner-title-visibility":"","ast-main-header-display":"","ast-hfb-above-header-display":"","ast-hfb-below-header-display":"","ast-hfb-mobile-header-display":"","site-post-title":"","ast-breadcrumbs-content":"","ast-featured-img":"","footer-sml-layout":"","theme-transparent-header-meta":"","adv-header-id-meta":"","stick-header-meta":"","header-above-stick-meta":"","header-main-stick-meta":"","header-below-stick-meta":"","astra-migrate-meta-layouts":"default","ast-page-background-enabled":"default","ast-page-background-meta":{"desktop":{"background-color":"var(--ast-global-color-4)","background-image":"","background-repeat":"repeat","background-position":"center center","background-size":"auto","background-attachment":"scroll","background-type":"","background-media":"","overlay-type":"","overlay-color":"","overlay-opacity":"","overlay-gradient":""},"tablet":{"background-color":"","background-image":"","background-repeat":"repeat","background-position":"center center","background-size":"auto","background-attachment":"scroll","background-type":"","background-media":"","overlay-type":"","overlay-color":"","overlay-opacity":"","overlay-gradient":""},"mobile":{"background-color":"","background-image":"","background-repeat":"repeat","background-position":"center center","background-size":"auto","background-attachment":"scroll","background-type":"","background-media":"","overlay-type":"","overlay-color":"","overlay-opacity":"","overlay-gradient":""}},"ast-content-background-meta":{"desktop":{"background-color":"var(--ast-global-color-5)","background-image":"","background-repeat":"repeat","background-position":"center center","background-size":"auto","background-attachment":"scroll","background-type":"","background-media":"","overlay-type":"","overlay-color":"","overlay-opacity":"","overlay-gradient":""},"tablet":{"background-color":"var(--ast-global-color-5)","background-image":"","background-repeat":"repeat","background-position":"center center","background-size":"auto","background-attachment":"scroll","background-type":"","background-media":"","overlay-type":"","overlay-color":"","overlay-opacity":"","overlay-gradient":""},"mobile":{"background-color":"var(--ast-global-color-5)","background-image":"","background-repeat":"repeat","background-position":"center center","background-size":"auto","background-attachment":"scroll","background-type":"","background-media":"","overlay-type":"","overlay-color":"","overlay-opacity":"","overlay-gradient":""}},"footnotes":""},"categories":[8,18],"tags":[1327],"class_list":["post-7626","post","type-post","status-publish","format-standard","has-post-thumbnail","hentry","category-noticias","category-palabra-de-tigre","tag-linea-12-metro-cdmx"],"_links":{"self":[{"href":"https:\/\/losperiodistas.com.mx\/portal\/wp-json\/wp\/v2\/posts\/7626","targetHints":{"allow":["GET"]}}],"collection":[{"href":"https:\/\/losperiodistas.com.mx\/portal\/wp-json\/wp\/v2\/posts"}],"about":[{"href":"https:\/\/losperiodistas.com.mx\/portal\/wp-json\/wp\/v2\/types\/post"}],"author":[{"embeddable":true,"href":"https:\/\/losperiodistas.com.mx\/portal\/wp-json\/wp\/v2\/users\/1"}],"replies":[{"embeddable":true,"href":"https:\/\/losperiodistas.com.mx\/portal\/wp-json\/wp\/v2\/comments?post=7626"}],"version-history":[{"count":1,"href":"https:\/\/losperiodistas.com.mx\/portal\/wp-json\/wp\/v2\/posts\/7626\/revisions"}],"predecessor-version":[{"id":7628,"href":"https:\/\/losperiodistas.com.mx\/portal\/wp-json\/wp\/v2\/posts\/7626\/revisions\/7628"}],"wp:featuredmedia":[{"embeddable":true,"href":"https:\/\/losperiodistas.com.mx\/portal\/wp-json\/wp\/v2\/media\/7627"}],"wp:attachment":[{"href":"https:\/\/losperiodistas.com.mx\/portal\/wp-json\/wp\/v2\/media?parent=7626"}],"wp:term":[{"taxonomy":"category","embeddable":true,"href":"https:\/\/losperiodistas.com.mx\/portal\/wp-json\/wp\/v2\/categories?post=7626"},{"taxonomy":"post_tag","embeddable":true,"href":"https:\/\/losperiodistas.com.mx\/portal\/wp-json\/wp\/v2\/tags?post=7626"}],"curies":[{"name":"wp","href":"https:\/\/api.w.org\/{rel}","templated":true}]}}