{"id":76169,"date":"2024-06-05T11:36:05","date_gmt":"2024-06-05T16:36:05","guid":{"rendered":"https:\/\/losperiodistas.com.mx\/portal\/?p=76169"},"modified":"2024-06-05T11:36:07","modified_gmt":"2024-06-05T16:36:07","slug":"opinion-una-obligada-reflexion-post-electoral","status":"publish","type":"post","link":"https:\/\/losperiodistas.com.mx\/portal\/opinion-una-obligada-reflexion-post-electoral\/","title":{"rendered":"Opini\u00f3n | Una obligada reflexi\u00f3n post electoral"},"content":{"rendered":"\n<p><\/p>\n\n\n\n<p><\/p>\n\n\n\n<p class=\"has-vivid-red-color has-text-color\" style=\"font-size:26px\"><strong><em>Por Fernando Manzanilla Prieto \/ @Fer_Manzanilla<\/em><\/strong><\/p>\n\n\n\n<p><\/p>\n\n\n\n<p>Este fin de semana se llev\u00f3 a cabo un proceso electoral hist\u00f3rico en el pa\u00eds, no s\u00f3lo porque en \u00e9l estuvieron en juego m\u00e1s de 20 mil cargos de elecci\u00f3n popular, entre ellos la Presidencia de la Rep\u00fablica, as\u00ed como el Congreso de la Uni\u00f3n (128 senadores y 500 diputados), 31 congresos locales, adem\u00e1s de ocho gubernaturas, m\u00e1s la jefatura de la Ciudad de M\u00e9xico, aunado a que en 29 entidades se renovaron ayuntamientos y en la capital a los nuevos titulares de las 16 alcald\u00edas.<\/p>\n\n\n\n<p>Sino que, adem\u00e1s, ya se vaticinaba por primera vez en la historia de M\u00e9xico, la inminente investidura de una mujer para dirigir a la segunda econom\u00eda m\u00e1s grande de Am\u00e9rica Latina.<\/p>\n\n\n\n<p>M\u00e1s all\u00e1 de las obviedades en el contexto nacional, considero que los resultados de la reciente elecci\u00f3n, merecen una reflexi\u00f3n, pues revelan una realidad social profunda y compleja, enraizada en entender que existe una enorme mayor\u00eda en este pa\u00eds que, durante mucho tiempo, no se ha sentido representada ni escuchada, pero que a trav\u00e9s del voto masivo han encontrado su desfogue para manifestar el descontento contra un sistema decadente y marginal.<\/p>\n\n\n\n<p>Este fen\u00f3meno, lejos de ser un tema nuevo, es un reflejo de d\u00e9cadas de desigualdad y exclusi\u00f3n social que ha caracterizado a la historia contempor\u00e1nea de nuestro pa\u00eds y que se proyecta en que al menos la mitad de la poblaci\u00f3n nacional viva en situaci\u00f3n de pobreza.<\/p>\n\n\n\n<p>Esa es precisamente la clave con la que debemos observar estos resultados postelectorales que marcan el fehaciente triunfo de una fuerza pol\u00edtica en el pa\u00eds: hay una gran mayor\u00eda que necesita ser vista, escuchada y representada.<\/p>\n\n\n\n<p>No ha sido fortuito que la pol\u00edtica de la llamada Cuarta Transformaci\u00f3n haya estado enmarcada en pol\u00edticas p\u00fablicas dirigidas a los sectores m\u00e1s vulnerables y marginados de la sociedad. Programas sociales como las becas para estudiantes, las pensiones para adultos mayores y los apoyos para personas con discapacidad han creado una sensaci\u00f3n de inclusi\u00f3n y reconocimiento en estas comunidades. Para muchos, estas ayudas representan no solo un alivio econ\u00f3mico, sino tambi\u00e9n un reconocimiento de su existencia y de sus necesidades por parte del Estado.<\/p>\n\n\n\n<p>El propio CONEVAL ratifica esta idea, pues basta observar que entre 2018 y 2022, el porcentaje de la poblaci\u00f3n en situaci\u00f3n de pobreza multidimensional a nivel nacional pas\u00f3 de 41.9% a 36.3%, lo que represent\u00f3 un cambio de 51.9 a 46.8 millones de personas en situaci\u00f3n de pobreza a nivel nacional.<\/p>\n\n\n\n<p>Este sentir de representatividad y apoyo tiene un impacto directo en la manera en que vota la sociedad, ya que la pol\u00edtica, muchas veces vista como distante y ajena, hoy toca la vida de un gran sector de la poblaci\u00f3n.<\/p>\n\n\n\n<p>Sin embargo, en medio de este panorama, surge una necesidad imperante: la de cultivar la llamada \u201cempat\u00eda pol\u00edtica\u201d. La empat\u00eda, entendida como la capacidad de ponerse en el lugar del otro y comprender sus sentimientos y perspectivas es la clave para transformar la pol\u00edtica en un espacio m\u00e1s inclusivo, comprensivo y efectivo.<\/p>\n\n\n\n<p>Esta empat\u00eda es la que permite a los pol\u00edticos comprender mejor las necesidades y preocupaciones de sus electores, as\u00ed como ayudar a romper las barreras que dividen a las personas, promoviendo un sentido de comunidad y solidaridad.<\/p>\n\n\n\n<p>En segundo lugar, la empat\u00eda fomenta un di\u00e1logo m\u00e1s constructivo y respetuoso. Cuando los pol\u00edticos y ciudadanos se esfuerzan por entender las perspectivas del otro, el debate se enriquece y se abren nuevas v\u00edas para la cooperaci\u00f3n y el compromiso. Esto no significa que todos deban estar de acuerdo en todo, pero s\u00ed que se puedan encontrar puntos comunes y trabajar juntos hacia soluciones que beneficien a la mayor\u00eda.<\/p>\n\n\n\n<p>Asimismo, la empat\u00eda fortalece el tejido social, fomenta la participaci\u00f3n ciudadana y contribuye a la estabilidad y legitimidad del sistema democr\u00e1tico.<\/p>\n\n\n\n<p>Finalmente, el camino hacia la igualdad requiere un compromiso sostenido y multifac\u00e9tico. Debemos trabajar juntos, como sociedad, para construir un pa\u00eds donde todas y todos los mexicanos, independientemente del origen social, tengamos las mismas oportunidades de desarrollo y bienestar. Solo entonces podremos decir que hemos cumplido con la asignatura pendiente de privilegiar la igualdad en M\u00e9xico.<\/p>\n","protected":false},"excerpt":{"rendered":"<p>Por Fernando Manzanilla Prieto \/ @Fer_Manzanilla Este fin de semana se llev\u00f3 a cabo un proceso electoral hist\u00f3rico en el [&hellip;]<\/p>\n","protected":false},"author":1,"featured_media":72116,"comment_status":"open","ping_status":"open","sticky":false,"template":"","format":"standard","meta":{"site-sidebar-layout":"default","site-content-layout":"","ast-site-content-layout":"default","site-content-style":"default","site-sidebar-style":"default","ast-global-header-display":"","ast-banner-title-visibility":"","ast-main-header-display":"","ast-hfb-above-header-display":"","ast-hfb-below-header-display":"","ast-hfb-mobile-header-display":"","site-post-title":"","ast-breadcrumbs-content":"","ast-featured-img":"","footer-sml-layout":"","theme-transparent-header-meta":"","adv-header-id-meta":"","stick-header-meta":"","header-above-stick-meta":"","header-main-stick-meta":"","header-below-stick-meta":"","astra-migrate-meta-layouts":"default","ast-page-background-enabled":"default","ast-page-background-meta":{"desktop":{"background-color":"var(--ast-global-color-4)","background-image":"","background-repeat":"repeat","background-position":"center center","background-size":"auto","background-attachment":"scroll","background-type":"","background-media":"","overlay-type":"","overlay-color":"","overlay-opacity":"","overlay-gradient":""},"tablet":{"background-color":"","background-image":"","background-repeat":"repeat","background-position":"center center","background-size":"auto","background-attachment":"scroll","background-type":"","background-media":"","overlay-type":"","overlay-color":"","overlay-opacity":"","overlay-gradient":""},"mobile":{"background-color":"","background-image":"","background-repeat":"repeat","background-position":"center center","background-size":"auto","background-attachment":"scroll","background-type":"","background-media":"","overlay-type":"","overlay-color":"","overlay-opacity":"","overlay-gradient":""}},"ast-content-background-meta":{"desktop":{"background-color":"var(--ast-global-color-5)","background-image":"","background-repeat":"repeat","background-position":"center center","background-size":"auto","background-attachment":"scroll","background-type":"","background-media":"","overlay-type":"","overlay-color":"","overlay-opacity":"","overlay-gradient":""},"tablet":{"background-color":"var(--ast-global-color-5)","background-image":"","background-repeat":"repeat","background-position":"center center","background-size":"auto","background-attachment":"scroll","background-type":"","background-media":"","overlay-type":"","overlay-color":"","overlay-opacity":"","overlay-gradient":""},"mobile":{"background-color":"var(--ast-global-color-5)","background-image":"","background-repeat":"repeat","background-position":"center center","background-size":"auto","background-attachment":"scroll","background-type":"","background-media":"","overlay-type":"","overlay-color":"","overlay-opacity":"","overlay-gradient":""}},"footnotes":""},"categories":[24,8],"tags":[25849,25851],"class_list":["post-76169","post","type-post","status-publish","format-standard","has-post-thumbnail","hentry","category-fernando-manzanilla","category-noticias","tag-reflexion-post-electoral","tag-una-gran-mayoria-necesita-er-vista"],"_links":{"self":[{"href":"https:\/\/losperiodistas.com.mx\/portal\/wp-json\/wp\/v2\/posts\/76169","targetHints":{"allow":["GET"]}}],"collection":[{"href":"https:\/\/losperiodistas.com.mx\/portal\/wp-json\/wp\/v2\/posts"}],"about":[{"href":"https:\/\/losperiodistas.com.mx\/portal\/wp-json\/wp\/v2\/types\/post"}],"author":[{"embeddable":true,"href":"https:\/\/losperiodistas.com.mx\/portal\/wp-json\/wp\/v2\/users\/1"}],"replies":[{"embeddable":true,"href":"https:\/\/losperiodistas.com.mx\/portal\/wp-json\/wp\/v2\/comments?post=76169"}],"version-history":[{"count":1,"href":"https:\/\/losperiodistas.com.mx\/portal\/wp-json\/wp\/v2\/posts\/76169\/revisions"}],"predecessor-version":[{"id":76170,"href":"https:\/\/losperiodistas.com.mx\/portal\/wp-json\/wp\/v2\/posts\/76169\/revisions\/76170"}],"wp:featuredmedia":[{"embeddable":true,"href":"https:\/\/losperiodistas.com.mx\/portal\/wp-json\/wp\/v2\/media\/72116"}],"wp:attachment":[{"href":"https:\/\/losperiodistas.com.mx\/portal\/wp-json\/wp\/v2\/media?parent=76169"}],"wp:term":[{"taxonomy":"category","embeddable":true,"href":"https:\/\/losperiodistas.com.mx\/portal\/wp-json\/wp\/v2\/categories?post=76169"},{"taxonomy":"post_tag","embeddable":true,"href":"https:\/\/losperiodistas.com.mx\/portal\/wp-json\/wp\/v2\/tags?post=76169"}],"curies":[{"name":"wp","href":"https:\/\/api.w.org\/{rel}","templated":true}]}}