{"id":76148,"date":"2024-06-05T07:00:35","date_gmt":"2024-06-05T12:00:35","guid":{"rendered":"https:\/\/losperiodistas.com.mx\/portal\/?p=76148"},"modified":"2024-06-05T07:00:37","modified_gmt":"2024-06-05T12:00:37","slug":"el-imcine-presenta-la-4a-muestra-de-cine-en-defensa-del-territorio-y-el-agua-la-campina","status":"publish","type":"post","link":"https:\/\/losperiodistas.com.mx\/portal\/el-imcine-presenta-la-4a-muestra-de-cine-en-defensa-del-territorio-y-el-agua-la-campina\/","title":{"rendered":"El Imcine presenta la 4\u00aa Muestra de Cine en Defensa del Territorio y el Agua | La Campi\u00f1a"},"content":{"rendered":"\n<h2 class=\"has-background has-medium-font-size wp-block-heading\" style=\"background-color:#f49494\">Las producciones buscan generar reflexiones sobre las acciones del ser humano y su impacto en el medio ambiente, poniendo sobre la mesa temas como el cambio clim\u00e1tico, la contaminaci\u00f3n de recursos naturales y el cuidado de la flora y fauna de nuestro entorno.\u00a0<\/h2>\n\n\n\n<figure class=\"wp-block-image size-full\"><img fetchpriority=\"high\" decoding=\"async\" width=\"650\" height=\"380\" src=\"https:\/\/losperiodistas.com.mx\/portal\/wp-content\/uploads\/2024\/06\/territorio_agua.jpeg\" alt=\"\" class=\"wp-image-76149\" srcset=\"https:\/\/losperiodistas.com.mx\/portal\/wp-content\/uploads\/2024\/06\/territorio_agua.jpeg 650w, https:\/\/losperiodistas.com.mx\/portal\/wp-content\/uploads\/2024\/06\/territorio_agua-300x175.jpeg 300w\" sizes=\"(max-width: 650px) 100vw, 650px\" \/><figcaption>Fotograf\u00eda. Especial<\/figcaption><\/figure>\n\n\n\n<p class=\"has-vivid-red-color has-text-color has-medium-font-size\"><strong>Redacci\u00f3n La Campi\u00f1a<\/strong><\/p>\n\n\n\n<p><strong>M\u00c9XICO.-<\/strong>&nbsp;La Secretar\u00eda de Cultura del Gobierno de M\u00e9xico, a trav\u00e9s del Instituto Mexicano de Cinematograf\u00eda (Imcine), realizar\u00e1 la 4\u00aa Muestra de Cine en Defensa del Territorio y el Agua, en el marco del D\u00eda Mundial del Medio Ambiente, que se conmemora anualmente el d\u00eda 5 de junio.<\/p>\n\n\n\n<p>La Muestra tendr\u00e1 lugar del 5 al 11 de junio de 2024, con una programaci\u00f3n conformada por 10 pel\u00edculas, animadas y documentales: siete cortometrajes y tres largometrajes, que buscan generar reflexiones sobre las acciones del ser humano y su impacto en el medio ambiente, poniendo sobre la mesa temas como el cambio clim\u00e1tico, la contaminaci\u00f3n de recursos naturales y el cuidado de la flora y fauna de nuestro entorno.<\/p>\n\n\n\n<p>La programaci\u00f3n podr\u00e1 verse en distintos espacios de exhibici\u00f3n del pa\u00eds, incluyendo la Cineteca Nacional de las Artes (en esta sede, del 21 al 27 de junio). En total se realizar\u00e1n 91 funciones en 34 sedes de 13 entidades de la Rep\u00fablica mexicana: Baja California, Campeche, Chiapas, Ciudad de M\u00e9xico, Coahuila, Estado de M\u00e9xico, Hidalgo, Jalisco, Michoac\u00e1n, Morelos, Oaxaca, Puebla y Yucat\u00e1n. Cabe destacar que todas las funciones en las sedes ser\u00e1n gratuitas (excepto las programadas en la Cineteca Nacional de&nbsp;las Artes).<\/p>\n\n\n\n<p>Se ofrecer\u00e1n 198 transmisiones en 27 televisoras, cinco de ellas de alcance nacional: Mx Nuestro Cine (Canal 22.2), Canal 22 (se\u00f1al 22.1), Sistema&nbsp;P\u00fablico&nbsp;de&nbsp;Radiodifusi\u00f3n&nbsp;del Estado Mexicano (Canal 14), Ingenio TV de la Coordinaci\u00f3n General @aprende.mx (Ingenio Tv, 14.2) y el Canal del Poder Judicial de la Federaci\u00f3n (JusticiaTV, 13.2); adem\u00e1s de 22 televisoras en 18 estados del pa\u00eds: Baja California Sur, Campeche, Chiapas, Ciudad de M\u00e9xico, Colima, Durango, Guanajuato, Hidalgo, Jalisco, Michoac\u00e1n, Nayarit, Nuevo Le\u00f3n, Oaxaca, Puebla, Quer\u00e9taro, Quintana Roo, Tabasco y Zacatecas.<\/p>\n\n\n\n<p>Cabe destacar que las pel\u00edculas que conforman la muestra tambi\u00e9n estar\u00e1n disponibles de forma gratuita en\u00a0<a href=\"http:\/\/www.nuestrocine.mx\/\">nuestrocine.mx<\/a>, la plataforma en l\u00ednea del Imcine.<\/p>\n\n\n\n<figure class=\"wp-block-embed is-type-wp-embed is-provider-revista-la-campina wp-block-embed-revista-la-campina\"><div class=\"wp-block-embed__wrapper\">\n<blockquote class=\"wp-embedded-content\" data-secret=\"TPQHUcs7Of\"><a href=\"https:\/\/revistalacampina.mx\/2020\/04\/28\/el-largo-camino-para-proyectar-documental-el-ultimo-trapiche\/\">El largo camino para proyectar documental \u201cEl \u00faltimo trapiche\u201d<\/a><\/blockquote><iframe class=\"wp-embedded-content\" sandbox=\"allow-scripts\" security=\"restricted\" style=\"position: absolute; visibility: hidden;\" title=\"&#8220;El largo camino para proyectar documental \u201cEl \u00faltimo trapiche\u201d&#8221; &#8212; Revista la Campi\u00f1a\" src=\"https:\/\/revistalacampina.mx\/2020\/04\/28\/el-largo-camino-para-proyectar-documental-el-ultimo-trapiche\/embed\/#?secret=OvZEUM2Hqf#?secret=TPQHUcs7Of\" data-secret=\"TPQHUcs7Of\" width=\"500\" height=\"282\" frameborder=\"0\" marginwidth=\"0\" marginheight=\"0\" scrolling=\"no\"><\/iframe>\n<\/div><\/figure>\n\n\n\n<p>Las pel\u00edculas que conforman la 4\u00aa Muestra de Cine en Defensa del Territorio y el Agua son:<\/p>\n\n\n\n<p>\u2022&nbsp;<em><strong>Las aventuras de Itzel y Sonia, en busca de los guardianes del agua&nbsp;<\/strong><\/em><strong>(2015),<em>&nbsp;<\/em>de Mar\u00eda Fernanda Rivero Gutierrez<\/strong><\/p>\n\n\n\n<p>Sinopsis:&nbsp;Animaci\u00f3n protagonizada por Itzel, una ni\u00f1a de 8 a\u00f1os, y su mejor amiga, la rana Sonia, quienes se embarcan en la misi\u00f3n de encontrar a los guardianes del agua&nbsp;antes de que ocurra una sequ\u00eda en la ciudad. Con la ayuda de su abuela, buscar\u00e1n en los lugares m\u00e1s remotos de M\u00e9xico, mientras el ser sin rostro las acecha.<\/p>\n\n\n\n<p>\u2022&nbsp;<em><strong>M\u00e9xico Pel\u00e1gico&nbsp;<\/strong><\/em><strong>(2014), de Jer\u00f3nimo Prieto<\/strong><\/p>\n\n\n\n<p>Sinopsis:&nbsp;Mientras el equipo de&nbsp;Pelagic&nbsp;Life&nbsp;est\u00e1 persiguiendo la corrida de la sardina en el mar abierto de Baja California, se topan con una cruda operaci\u00f3n de pesca de tibur\u00f3n que despierta un cambio radical en el pensamiento del grupo. El documental narra la transformaci\u00f3n de su misi\u00f3n para dar a conocer la vida marina en M\u00e9xico y, a su vez, desarrollar estrategias de medios de vida sostenibles para los pescadores de tibur\u00f3n, con el fin de preservar este ecosistema cr\u00edtico y delicado.<\/p>\n\n\n\n<p>\u2022<em><strong>&nbsp;El \u00faltimo trapiche&nbsp;<\/strong><\/em><strong>(2014), de Gonzalo Ju\u00e1rez<\/strong><\/p>\n\n\n\n<p>Sinopsis:&nbsp;En Acatl\u00e1n de Osorio, en la mixteca poblana, m\u00e1s de 30 trapiches (molinos de ca\u00f1a) han desaparecido. El documental presenta a El Trapiche Guadalupe, el \u00faltimo productor de panela de la regi\u00f3n, gracias a que la familia&nbsp;Cajica&nbsp;G\u00f3mez lucha por continuar esta tradici\u00f3n que hoy est\u00e1 a punto de extinguirse frente al embate de la globalizaci\u00f3n, el cambio clim\u00e1tico y la transculturaci\u00f3n.<\/p>\n\n\n\n<p><em><strong>\u2022&nbsp;Hombres de sal&nbsp;<\/strong><\/em><strong>(2022), de Luis Armando Sosa Gil<\/strong><\/p>\n\n\n\n<p>Sinopsis:&nbsp;Crist\u00f3bal, un joven pescador, vuelve a casa despu\u00e9s de un fallido intento por emigrar. En este corto documental, la comunidad pesquera a la que pertenece se resiste a desaparecer en uno de los r\u00edos m\u00e1s contaminados de M\u00e9xico. Mientras esto confronta sus ideas sobre su familia y su identidad, su cuerpo se conecta con un mar que se enferma d\u00eda a d\u00eda. Solo estar\u00e1 disponible en sedes.<\/p>\n\n\n\n<p><em><strong>\u2022&nbsp;Atl: en defensa del agua&nbsp;<\/strong><\/em><strong>(2022), de Sergio Guerrero<\/strong><\/p>\n\n\n\n<p>Sinopsis:&nbsp;El corto documental presenta la lucha de pueblos originarios de las comunidades cholultecas de Puebla por su acceso al agua, enfatizando el atropello sist\u00e9mico de grupos marginados en la sociedad capitalista moderna, ante un clima general de autoritarismo en el pa\u00eds.<\/p>\n\n\n\n<p><em><strong>\u2022&nbsp;Najil&nbsp;\u00c1ak&nbsp;\u2013 La Casa de la Tortuga&nbsp;<\/strong><\/em><strong>(2021), de David D\u00edaz Rocha<\/strong><\/p>\n\n\n\n<p>Sinopsis:&nbsp;Este cortometraje documental aborda el terrible problema ambiental actual que significa la p\u00e9rdida de h\u00e1bitat de las tortugas marinas en el caribe mexicano debido a la creciente industria tur\u00edstica y la masiva contaminaci\u00f3n mundial de los oc\u00e9anos con desechos pl\u00e1sticos.<\/p>\n\n\n\n<p><em><strong>\u2022&nbsp;Semillas, el legado de la tierra&nbsp;<\/strong><\/em><strong>(2021), de Fernando Valencia<\/strong><\/p>\n\n\n\n<p>Sinopsis:&nbsp;En M\u00e9xico, las semillas de ma\u00edz se han heredado de generaci\u00f3n en generaci\u00f3n. Inspirados en los saberes de sus antepasados, este cortometraje documental presenta a Ram\u00f3n y Camilo, quienes conservan diversas variedades de ma\u00edz con la esperanza de que contin\u00fae su legado cuando ellos mueran.<\/p>\n\n\n\n<p><em><strong>\u2022&nbsp;El futuro en nuestras manos&nbsp;<\/strong><\/em><strong>(2013), de Sara Oliveros L\u00f3pez<\/strong><em><strong>&nbsp;<\/strong><\/em><\/p>\n\n\n\n<p>Sinopsis:&nbsp;La reserva de la bi\u00f3sfera de Calakmul, en Campeche, es una de las m\u00e1s importantes de M\u00e9xico y la segunda m\u00e1s extensa del continente despu\u00e9s de la Amazonia; sin embargo, las autoridades y los habitantes no cuentan con un manejo apropiado de los residuos s\u00f3lidos. El cortometraje documental aborda este problema a partir de las historias de Miguel, Armando y V\u00edctor:&nbsp;tres ni\u00f1os que, a pesar de vivir en el basurero municipal y dedicarse a separar residuos para sobrevivir, no pierden su inocencia.<\/p>\n\n\n\n<p><em><strong>\u2022&nbsp;El valor de la tierra&nbsp;<\/strong><\/em><strong>(2014), de Adriana Otero Puerto<\/strong><\/p>\n\n\n\n<p>Sinopsis:&nbsp;El valor de la tierra refleja una de las situaciones m\u00e1s graves que enfrenta el campo actual en M\u00e9xico: la depredaci\u00f3n de tierras campesinas debido a la compraventa de terrenos ejidales entre empresarios y campesinos. Basilio es un agricultor que se reh\u00fasa a vender sus tierras en un municipio de Yucat\u00e1n&nbsp;donde la mayor\u00eda ya lo hizo. Este corto documental muestra las dif\u00edciles circunstancias que viven los campesinos y plantea importantes preguntas sobre el futuro del campo.<\/p>\n\n\n\n<p><em><strong>\u2022&nbsp;Ligeramente t\u00f3xico&nbsp;<\/strong><\/em><strong>(2015), de Sara Oliveros L\u00f3pez<\/strong><\/p>\n\n\n\n<p>Sinopsis:&nbsp;Cortometraje documental que aborda los problemas que gener\u00f3 el incremento en el uso de&nbsp;agroqu\u00edmicos&nbsp;a partir de la&nbsp;implementaci\u00f3n&nbsp;de un programa de gobierno en Campeche,&nbsp;com\u00fanmente&nbsp;llamado&nbsp;Procampito. Mediante entrevistas con don Jos\u00e9 y don Armando, agricultores de la zona y representantes de instituciones, se destapan las incongruencias y conflictos&nbsp;pol\u00edticos,&nbsp;econ\u00f3micos&nbsp;y ambientales en torno a Calakmul, una de las reservas naturales&nbsp;m\u00e1s&nbsp;importantes de&nbsp;M\u00e9xico.<\/p>\n\n\n\n<p>Para m\u00e1s informaci\u00f3n sobre la programaci\u00f3n de la 4\u00aa Muestra de Cine en Defensa del Territorio y el Agua, se puede consultar la p\u00e1gina\u00a0<a href=\"http:\/\/www.imcine.gob.mx\/\">imcine.gob.mx<\/a>.<\/p>\n\n\n\n<p>Fuente: <a href=\"https:\/\/revistalacampina.mx\/2024\/06\/04\/el-imcine-presenta-la-4a-muestra-de-cine-en-defensa-del-territorio-y-el-agua\/\">https:\/\/revistalacampina.mx\/2024\/06\/04\/el-imcine-presenta-la-4a-muestra-de-cine-en-defensa-del-territorio-y-el-agua\/<\/a><\/p>\n","protected":false},"excerpt":{"rendered":"<p>Las producciones buscan generar reflexiones sobre las acciones del ser humano y su impacto en el medio ambiente, poniendo sobre [&hellip;]<\/p>\n","protected":false},"author":1,"featured_media":76149,"comment_status":"open","ping_status":"open","sticky":false,"template":"","format":"standard","meta":{"site-sidebar-layout":"default","site-content-layout":"","ast-site-content-layout":"default","site-content-style":"default","site-sidebar-style":"default","ast-global-header-display":"","ast-banner-title-visibility":"","ast-main-header-display":"","ast-hfb-above-header-display":"","ast-hfb-below-header-display":"","ast-hfb-mobile-header-display":"","site-post-title":"","ast-breadcrumbs-content":"","ast-featured-img":"","footer-sml-layout":"","theme-transparent-header-meta":"","adv-header-id-meta":"","stick-header-meta":"","header-above-stick-meta":"","header-main-stick-meta":"","header-below-stick-meta":"","astra-migrate-meta-layouts":"default","ast-page-background-enabled":"default","ast-page-background-meta":{"desktop":{"background-color":"var(--ast-global-color-4)","background-image":"","background-repeat":"repeat","background-position":"center center","background-size":"auto","background-attachment":"scroll","background-type":"","background-media":"","overlay-type":"","overlay-color":"","overlay-opacity":"","overlay-gradient":""},"tablet":{"background-color":"","background-image":"","background-repeat":"repeat","background-position":"center center","background-size":"auto","background-attachment":"scroll","background-type":"","background-media":"","overlay-type":"","overlay-color":"","overlay-opacity":"","overlay-gradient":""},"mobile":{"background-color":"","background-image":"","background-repeat":"repeat","background-position":"center center","background-size":"auto","background-attachment":"scroll","background-type":"","background-media":"","overlay-type":"","overlay-color":"","overlay-opacity":"","overlay-gradient":""}},"ast-content-background-meta":{"desktop":{"background-color":"var(--ast-global-color-5)","background-image":"","background-repeat":"repeat","background-position":"center center","background-size":"auto","background-attachment":"scroll","background-type":"","background-media":"","overlay-type":"","overlay-color":"","overlay-opacity":"","overlay-gradient":""},"tablet":{"background-color":"var(--ast-global-color-5)","background-image":"","background-repeat":"repeat","background-position":"center center","background-size":"auto","background-attachment":"scroll","background-type":"","background-media":"","overlay-type":"","overlay-color":"","overlay-opacity":"","overlay-gradient":""},"mobile":{"background-color":"var(--ast-global-color-5)","background-image":"","background-repeat":"repeat","background-position":"center center","background-size":"auto","background-attachment":"scroll","background-type":"","background-media":"","overlay-type":"","overlay-color":"","overlay-opacity":"","overlay-gradient":""}},"footnotes":""},"categories":[8],"tags":[25840,25839],"class_list":["post-76148","post","type-post","status-publish","format-standard","has-post-thumbnail","hentry","category-noticias","tag-defensa-del-territorio-y-agua","tag-imcine"],"_links":{"self":[{"href":"https:\/\/losperiodistas.com.mx\/portal\/wp-json\/wp\/v2\/posts\/76148","targetHints":{"allow":["GET"]}}],"collection":[{"href":"https:\/\/losperiodistas.com.mx\/portal\/wp-json\/wp\/v2\/posts"}],"about":[{"href":"https:\/\/losperiodistas.com.mx\/portal\/wp-json\/wp\/v2\/types\/post"}],"author":[{"embeddable":true,"href":"https:\/\/losperiodistas.com.mx\/portal\/wp-json\/wp\/v2\/users\/1"}],"replies":[{"embeddable":true,"href":"https:\/\/losperiodistas.com.mx\/portal\/wp-json\/wp\/v2\/comments?post=76148"}],"version-history":[{"count":1,"href":"https:\/\/losperiodistas.com.mx\/portal\/wp-json\/wp\/v2\/posts\/76148\/revisions"}],"predecessor-version":[{"id":76150,"href":"https:\/\/losperiodistas.com.mx\/portal\/wp-json\/wp\/v2\/posts\/76148\/revisions\/76150"}],"wp:featuredmedia":[{"embeddable":true,"href":"https:\/\/losperiodistas.com.mx\/portal\/wp-json\/wp\/v2\/media\/76149"}],"wp:attachment":[{"href":"https:\/\/losperiodistas.com.mx\/portal\/wp-json\/wp\/v2\/media?parent=76148"}],"wp:term":[{"taxonomy":"category","embeddable":true,"href":"https:\/\/losperiodistas.com.mx\/portal\/wp-json\/wp\/v2\/categories?post=76148"},{"taxonomy":"post_tag","embeddable":true,"href":"https:\/\/losperiodistas.com.mx\/portal\/wp-json\/wp\/v2\/tags?post=76148"}],"curies":[{"name":"wp","href":"https:\/\/api.w.org\/{rel}","templated":true}]}}