{"id":76141,"date":"2024-06-05T06:43:40","date_gmt":"2024-06-05T11:43:40","guid":{"rendered":"https:\/\/losperiodistas.com.mx\/portal\/?p=76141"},"modified":"2024-06-05T06:43:42","modified_gmt":"2024-06-05T11:43:42","slug":"ya-amarro-la-4t-la-mayoria-calificada-en-san-lazaro-experto-dice-que-aun-no-y-explica-por-que-proceso","status":"publish","type":"post","link":"https:\/\/losperiodistas.com.mx\/portal\/ya-amarro-la-4t-la-mayoria-calificada-en-san-lazaro-experto-dice-que-aun-no-y-explica-por-que-proceso\/","title":{"rendered":"\u00bfYa amarr\u00f3 la 4T la mayor\u00eda calificada en San L\u00e1zaro? Experto dice que a\u00fan no y explica por qu\u00e9 | Proceso"},"content":{"rendered":"\n<p class=\"has-light-green-cyan-background-color has-background has-medium-font-size\"><strong>Jorge Alcocer Villanueva, fundador de la revista Voz y Voto, pone en duda el c\u00e1lculo del INE y de la Secretar\u00eda de Gobernaci\u00f3n para asignar diputaciones federales<\/strong><\/p>\n\n\n\n<figure class=\"wp-block-image\"><a href=\"https:\/\/www.proceso.com.mx\/u\/fotografias\/fotosnoticias\/2024\/6\/4\/200625.jpg\"><img decoding=\"async\" src=\"https:\/\/www.proceso.com.mx\/u\/fotografias\/m\/2024\/6\/4\/f685x385-200625_238318_3247.jpg\" alt=\"\u00bfYa amarr\u00f3 la 4T la mayor\u00eda calificada en San L\u00e1zaro? Experto dice que a\u00fan no y explica por qu\u00e9\"\/><\/a><figcaption>El c\u00e1lculo de Gobernaci\u00f3n presentado en la ma\u00f1anera del lunes. Foto: Eduardo Miranda<\/figcaption><\/figure>\n\n\n\n<p class=\"has-vivid-red-color has-text-color has-medium-font-size\"><strong>Redacci\u00f3n Proceso<\/strong><\/p>\n\n\n\n<p>CIUDAD DE M\u00c9XICO (apro).\u2013 \u00a0Jorge Alcocer Villanueva, fundador de la revista Voz y Voto, desat\u00f3 pol\u00e9mica al afirmar en entrevistas radiof\u00f3nicas que no se puede considerar a\u00fan que Morena y sus aliados cuentan con mayor\u00eda calificada en la C\u00e1mara de Diputados.<\/p>\n\n\n\n<p>De acuerdo con el conteo r\u00e1pido presentado en la medianoche del domingo por la consejera presidenta del INE, Guadalupe Taddei, la pr\u00f3xima presidenta, Claudia Sheinbaum, tendr\u00eda mayor\u00eda calificada en la C\u00e1mara de Diputados y estar\u00eda muy cerca de lograrla en el Senado.<\/p>\n\n\n\n<p><strong>NOTICIAS RELACIONADAS<\/strong><\/p>\n\n\n\n<ul class=\"wp-block-list\"><li><a href=\"https:\/\/www.proceso.com.mx\/economia\/2024\/6\/4\/plan-c-rompe-racha-positiva-en-bmv-registrada-por-morena-en-2018-mercados-esperan-ajuste-330378.html\">\u00abPlan C\u00bb rompe racha positiva en BMV registrada por Morena en 2018; mercados esperan ajuste<\/a><\/li><li><a href=\"https:\/\/www.proceso.com.mx\/nacional\/elecciones-2024\/2024\/6\/3\/plan-c-sheinbaum-esta-cerca-de-tener-mayoria-calificada-en-el-congreso-330263.html\">Plan C: Sheinbaum est\u00e1 cerca de tener mayor\u00eda calificada en el Congreso<\/a><\/li><\/ul>\n\n\n\n<p>En el caso de San L\u00e1zaro, seg\u00fan la proyecci\u00f3n del conteo r\u00e1pido, la coalici\u00f3n Morena-PT-PVEM obtendr\u00eda entre 346 y 380 legisladores. Se requieren 333 para modificar la Constituci\u00f3n y concretar el \u00abplan C\u00bb propuesto por el presidente Andr\u00e9s Manuel L\u00f3pez Obrador.<\/p>\n\n\n\n<p>Sin embargo, en Aristegui en Vivo, Alcocer Villanueva consider\u00f3 que el n\u00famero de curules que Taddei le asign\u00f3 al Partido Verde Ecologista de M\u00e9xico son incorrectos. Asimismo discrep\u00f3 de las cifras mostradas el lunes en la conferencia ma\u00f1anera del presidente Andr\u00e9s Manuel L\u00f3pez Obrador.<\/p>\n\n\n\n<p>En Palacio Nacional, la secretaria de Gobernaci\u00f3n, Luisa Mar\u00eda Alcalde, mostr\u00f3 una gr\u00e1fica en la que el PVEM tendr\u00eda 74 legisladores federales.<\/p>\n\n\n\n<p>Alcocer expuso que, seg\u00fan los datos del programa de resultados preliminares, el PVEM tiene 8.31 por ciento de los votos y Gobernaci\u00f3n le dio 74 curules.<\/p>\n\n\n\n<p>Sin embargo, al PAN, que tuvo 17.3% de los votos, el doble, s\u00f3lo tendr\u00eda 72 diputados, seg\u00fan el gr\u00e1fico presentado en la ma\u00f1anera.<\/p>\n\n\n\n<figure class=\"wp-block-embed is-type-rich is-provider-twitter wp-block-embed-twitter\"><div class=\"wp-block-embed__wrapper\">\nhttps:\/\/twitter.com\/revistavyvmx\/status\/1798111703865118940?ref_src=twsrc%5Etfw%7Ctwcamp%5Etweetembed%7Ctwterm%5E1798111703865118940%7Ctwgr%5E8799b03e1775c23fe7b2a0624bba67266fe3e46a%7Ctwcon%5Es1_c10&#038;ref_url=https%3A%2F%2Fwww.proceso.com.mx%2Fnacional%2Felecciones-2024%2F2024%2F6%2F4%2Fya-amarro-la-4t-la-mayoria-calificada-en-san-lazaro-experto-dice-que-aun-no-explica-por-que-330424.html\n<\/div><\/figure>\n\n\n\n<p>Alcocer ofreci\u00f3 una explicaci\u00f3n similar en el noticiero de Jos\u00e9 C\u00e1rdenas en Radio F\u00f3rmula.<\/p>\n\n\n\n<figure class=\"wp-block-embed is-type-video is-provider-youtube wp-block-embed-youtube wp-embed-aspect-16-9 wp-has-aspect-ratio\"><div class=\"wp-block-embed__wrapper\">\n<iframe title=\"Morena no puede celebrar mayor\u00eda calificada: Jorge Alcocer #entrevista\" width=\"500\" height=\"281\" src=\"https:\/\/www.youtube.com\/embed\/EXP8GtQcX4o?feature=oembed\" frameborder=\"0\" allow=\"accelerometer; autoplay; clipboard-write; encrypted-media; gyroscope; picture-in-picture; web-share\" referrerpolicy=\"strict-origin-when-cross-origin\" allowfullscreen><\/iframe>\n<\/div><\/figure>\n\n\n\n<p><\/p>\n\n\n\n<p>Fuente: <a href=\"https:\/\/www.proceso.com.mx\/nacional\/elecciones-2024\/2024\/6\/4\/ya-amarro-la-4t-la-mayoria-calificada-en-san-lazaro-experto-dice-que-aun-no-explica-por-que-330424.html\">https:\/\/www.proceso.com.mx\/nacional\/elecciones-2024\/2024\/6\/4\/ya-amarro-la-4t-la-mayoria-calificada-en-san-lazaro-experto-dice-que-aun-no-explica-por-que-330424.html<\/a><\/p>\n","protected":false},"excerpt":{"rendered":"<p>Jorge Alcocer Villanueva, fundador de la revista Voz y Voto, pone en duda el c\u00e1lculo del INE y de la [&hellip;]<\/p>\n","protected":false},"author":1,"featured_media":76142,"comment_status":"open","ping_status":"open","sticky":false,"template":"","format":"standard","meta":{"site-sidebar-layout":"default","site-content-layout":"","ast-site-content-layout":"default","site-content-style":"default","site-sidebar-style":"default","ast-global-header-display":"","ast-banner-title-visibility":"","ast-main-header-display":"","ast-hfb-above-header-display":"","ast-hfb-below-header-display":"","ast-hfb-mobile-header-display":"","site-post-title":"","ast-breadcrumbs-content":"","ast-featured-img":"","footer-sml-layout":"","theme-transparent-header-meta":"","adv-header-id-meta":"","stick-header-meta":"","header-above-stick-meta":"","header-main-stick-meta":"","header-below-stick-meta":"","astra-migrate-meta-layouts":"default","ast-page-background-enabled":"default","ast-page-background-meta":{"desktop":{"background-color":"var(--ast-global-color-4)","background-image":"","background-repeat":"repeat","background-position":"center center","background-size":"auto","background-attachment":"scroll","background-type":"","background-media":"","overlay-type":"","overlay-color":"","overlay-opacity":"","overlay-gradient":""},"tablet":{"background-color":"","background-image":"","background-repeat":"repeat","background-position":"center center","background-size":"auto","background-attachment":"scroll","background-type":"","background-media":"","overlay-type":"","overlay-color":"","overlay-opacity":"","overlay-gradient":""},"mobile":{"background-color":"","background-image":"","background-repeat":"repeat","background-position":"center center","background-size":"auto","background-attachment":"scroll","background-type":"","background-media":"","overlay-type":"","overlay-color":"","overlay-opacity":"","overlay-gradient":""}},"ast-content-background-meta":{"desktop":{"background-color":"var(--ast-global-color-5)","background-image":"","background-repeat":"repeat","background-position":"center center","background-size":"auto","background-attachment":"scroll","background-type":"","background-media":"","overlay-type":"","overlay-color":"","overlay-opacity":"","overlay-gradient":""},"tablet":{"background-color":"var(--ast-global-color-5)","background-image":"","background-repeat":"repeat","background-position":"center center","background-size":"auto","background-attachment":"scroll","background-type":"","background-media":"","overlay-type":"","overlay-color":"","overlay-opacity":"","overlay-gradient":""},"mobile":{"background-color":"var(--ast-global-color-5)","background-image":"","background-repeat":"repeat","background-position":"center center","background-size":"auto","background-attachment":"scroll","background-type":"","background-media":"","overlay-type":"","overlay-color":"","overlay-opacity":"","overlay-gradient":""}},"footnotes":""},"categories":[8],"tags":[885,25837,3516,25838,4119],"class_list":["post-76141","post","type-post","status-publish","format-standard","has-post-thumbnail","hentry","category-noticias","tag-ine","tag-jorge-alcocer-villanueva","tag-mayoria-calificada","tag-pan-pt","tag-partido-verde"],"_links":{"self":[{"href":"https:\/\/losperiodistas.com.mx\/portal\/wp-json\/wp\/v2\/posts\/76141","targetHints":{"allow":["GET"]}}],"collection":[{"href":"https:\/\/losperiodistas.com.mx\/portal\/wp-json\/wp\/v2\/posts"}],"about":[{"href":"https:\/\/losperiodistas.com.mx\/portal\/wp-json\/wp\/v2\/types\/post"}],"author":[{"embeddable":true,"href":"https:\/\/losperiodistas.com.mx\/portal\/wp-json\/wp\/v2\/users\/1"}],"replies":[{"embeddable":true,"href":"https:\/\/losperiodistas.com.mx\/portal\/wp-json\/wp\/v2\/comments?post=76141"}],"version-history":[{"count":1,"href":"https:\/\/losperiodistas.com.mx\/portal\/wp-json\/wp\/v2\/posts\/76141\/revisions"}],"predecessor-version":[{"id":76143,"href":"https:\/\/losperiodistas.com.mx\/portal\/wp-json\/wp\/v2\/posts\/76141\/revisions\/76143"}],"wp:featuredmedia":[{"embeddable":true,"href":"https:\/\/losperiodistas.com.mx\/portal\/wp-json\/wp\/v2\/media\/76142"}],"wp:attachment":[{"href":"https:\/\/losperiodistas.com.mx\/portal\/wp-json\/wp\/v2\/media?parent=76141"}],"wp:term":[{"taxonomy":"category","embeddable":true,"href":"https:\/\/losperiodistas.com.mx\/portal\/wp-json\/wp\/v2\/categories?post=76141"},{"taxonomy":"post_tag","embeddable":true,"href":"https:\/\/losperiodistas.com.mx\/portal\/wp-json\/wp\/v2\/tags?post=76141"}],"curies":[{"name":"wp","href":"https:\/\/api.w.org\/{rel}","templated":true}]}}