{"id":76138,"date":"2024-06-05T06:31:58","date_gmt":"2024-06-05T11:31:58","guid":{"rendered":"https:\/\/losperiodistas.com.mx\/portal\/?p=76138"},"modified":"2024-06-05T06:32:00","modified_gmt":"2024-06-05T11:32:00","slug":"elecciones-2024-voto-por-voto-xochitl-galvez-pide-revision-del-80-de-las-casillas-el-economista","status":"publish","type":"post","link":"https:\/\/losperiodistas.com.mx\/portal\/elecciones-2024-voto-por-voto-xochitl-galvez-pide-revision-del-80-de-las-casillas-el-economista\/","title":{"rendered":"Elecciones 2024: \u00abVoto por voto\u00bb, X\u00f3chitl G\u00e1lvez pide revisi\u00f3n del 80% de las casillas | El Economista"},"content":{"rendered":"\n<p class=\"has-medium-font-size\">Tras los comicios del 2 de junio, X\u00f3chitl G\u00e1lvez anunci\u00f3 que presentar\u00eda \u00abimpugnaciones\u00bb contra los resultados por el presunto uso del aparato del Estado en favor de su rival Claudia Sheinbaum.<\/p>\n\n\n\n<p><\/p>\n\n\n\n<figure class=\"wp-block-image size-large\"><img fetchpriority=\"high\" decoding=\"async\" width=\"1024\" height=\"576\" src=\"https:\/\/losperiodistas.com.mx\/portal\/wp-content\/uploads\/2024\/06\/Captura-de-Pantalla-2024-06-05-a-las-5.25.30-1024x576.jpg\" alt=\"\" class=\"wp-image-76139\" srcset=\"https:\/\/losperiodistas.com.mx\/portal\/wp-content\/uploads\/2024\/06\/Captura-de-Pantalla-2024-06-05-a-las-5.25.30-1024x576.jpg 1024w, https:\/\/losperiodistas.com.mx\/portal\/wp-content\/uploads\/2024\/06\/Captura-de-Pantalla-2024-06-05-a-las-5.25.30-300x169.jpg 300w, https:\/\/losperiodistas.com.mx\/portal\/wp-content\/uploads\/2024\/06\/Captura-de-Pantalla-2024-06-05-a-las-5.25.30-768x432.jpg 768w, https:\/\/losperiodistas.com.mx\/portal\/wp-content\/uploads\/2024\/06\/Captura-de-Pantalla-2024-06-05-a-las-5.25.30.jpg 1514w\" sizes=\"(max-width: 1024px) 100vw, 1024px\" \/><figcaption>X\u00f3chitl G\u00e1lvez, excandidata a la presidencia de M\u00e9xico. Foto EE: Especial \/ Captura de Video<\/figcaption><\/figure>\n\n\n\n<p class=\"has-vivid-red-color has-text-color has-medium-font-size\"><strong><a href=\"https:\/\/www.eleconomista.com.mx\/autor\/kgomez\">Katyana G\u00f3mez Baray<\/a>\u00a0\/\u00a0<a href=\"https:\/\/www.eleconomista.com.mx\/autor\/rolando.ramos\">Rolando Ramos<\/a> \/ EL ECONOMISTA<\/strong><\/p>\n\n\n\n<p>La excandidata a la presidencia de M\u00e9xico,&nbsp;<strong>X\u00f3chitl G\u00e1lvez<\/strong>, dijo este martes que solicitar\u00e1 la revisi\u00f3n \u00abvoto por voto\u00bb del 80% de las casillas instaladas en la jornada electoral del pasado 2 de junio, en las que fue superada por su oponente Claudia Sheinbaum, abanderada de Morena, PT y PVEM.<\/p>\n\n\n\n<p><a href=\"https:\/\/www.eleconomista.com.mx\/politica\/Xochitl-Galvez-busca-reincorporarse-a-su-escano-en-la-Camara-de-Senadores-20240604-0072.html\" target=\"_blank\" rel=\"noreferrer noopener\">G\u00e1lvez<\/a>\u00a0comparti\u00f3 un mensaje en sus redes sociales en donde se comprometi\u00f3 a defender el voto de la ciudadan\u00eda para los cargos de todos los niveles y reiter\u00f3 su acusaci\u00f3n contra el presidente Andr\u00e9s Manuel L\u00f3pez Obrador de haber intervenido en el proceso electoral.<\/p>\n\n\n\n<p>Con el 95.23% de las actas capturadas, el\u00a0<a href=\"https:\/\/www.eleconomista.com.mx\/politica\/PREP-confirma-triunfo-de-Claudia-Sheinbaum-como-presidenta-de-Mexico-con-59.35-de-los-votos-20240603-0167.html\" target=\"_blank\" rel=\"noreferrer noopener\">Programa de Resultados Electorales Preliminares<\/a>\u00a0(<strong>PREP<\/strong>) del INE registr\u00f3 que Sheinbaum Pardo obtuvo el 59.35%, mientras que la aspirante del PRI, PAN y PRD solo consigi\u00f3 27.90% de los votos.<\/p>\n\n\n\n<figure class=\"wp-block-embed is-type-rich is-provider-twitter wp-block-embed-twitter\"><div class=\"wp-block-embed__wrapper\">\n<blockquote class=\"twitter-tweet\" data-width=\"500\" data-dnt=\"true\"><p lang=\"es\" dir=\"ltr\">Aviso importante: iniciamos la defensa de tu voto. <a href=\"https:\/\/t.co\/LKlqhCoXjI\">pic.twitter.com\/LKlqhCoXjI<\/a><\/p>&mdash; X\u00f3chitl G\u00e1lvez Ruiz (@XochitlGalvez) <a href=\"https:\/\/twitter.com\/XochitlGalvez\/status\/1798169612003287063?ref_src=twsrc%5Etfw\">June 5, 2024<\/a><\/blockquote><script async src=\"https:\/\/platform.twitter.com\/widgets.js\" charset=\"utf-8\"><\/script>\n<\/div><\/figure>\n\n\n\n<p>\u00abHemos iniciado con la resistencia para proteger nuestra democracia, nuestra Constituci\u00f3n y nuestra libertad\u00bb, dijo G\u00e1lvez e inst\u00f3 a los ciudadanos a denunciar en sus redes sociales si detectan alguna irregularidad una vez que inicien los conteos distritales el pr\u00f3ximo 5 de junio.<\/p>\n\n\n\n<p>\u00abLas acciones legales y electorales que hemos iniciado tienen como objetivo que se clarifique el voto de todos los mexicanos y que se evidencie todo lo que ocurri\u00f3 en las elecciones\u00bb, explic\u00f3 la excandidata.<\/p>\n\n\n\n<p>Cabe recordar que ayer lunes, tras los comicios,&nbsp;<strong>X\u00f3chitl G\u00e1lvez<\/strong>&nbsp;anunci\u00f3 que presentar\u00eda \u00abimpugnaciones\u00bb contra los resultados por el presunto uso del aparato del Estado en favor de su rival morenista.<\/p>\n\n\n\n<p>\u00abTodos nos dimos cuenta de c\u00f3mo el crimen organizado se hizo presente amenazando e incluso asesinando a decenas de aspirantes y candidatos\u00bb, dijo el lunes.<\/p>\n\n\n\n<p>El&nbsp;<strong>Instituto Nacional Electoral<\/strong>&nbsp;(INE) dio a conocer este martes que se estima un recuento de votos de m\u00e1s del 60% de las casillas instaladas para la elecci\u00f3n presidencial y del Congreso de la Uni\u00f3n ante&nbsp;<a href=\"https:\/\/www.eleconomista.com.mx\/politica\/INE-perfila-un-recuento-de-votos-en-mas-del-60-de-las-casillas-20240604-0078.html\" target=\"_blank\" rel=\"noreferrer noopener\">posibles inconsistencias en las actas<\/a>.<\/p>\n\n\n\n<p>De acuerdo con el consejero electoral Mart\u00edn Faz, presidente de la Comisi\u00f3n de Organizaci\u00f3n Electoral, la ley establece diversas causales para que haya un recuento de votos, entre ellas, una diferencia de menos del 1% entre el primero y segundo lugar, as\u00ed como que el n\u00famero de votos nulos sea superior a la diferencia entre el primero y segundo lugar, es decir, el famoso \u201cvoto por voto, casilla por casilla\u201d.<\/p>\n\n\n\n<p>Este proceso electoral, que inici\u00f3 el pasado 23 de septiembre con las contiendas internas, se cerr\u00f3 con el asesinato de unos 26 aspirantes antes de la elecci\u00f3n, adem\u00e1s de que un candidato del estado de Oaxaca fue ultimado la noche del domingo tras concluir los comicios.<\/p>\n\n\n\n<h2 class=\"wp-block-heading\">Auditor\u00eda social acta por acta<\/h2>\n\n\n\n<p>Por su parte, el presidente nacional del PAN,&nbsp;<strong>Marko Cort\u00e9s Mendoza<\/strong>, anunci\u00f3 tambi\u00e9n durante la noche de este martes la realizaci\u00f3n de \u201cuna auditor\u00eda social acta por acta\u2019\u2019 para detectar inconsistencias en el conteo preliminar de votos realizado por INE correspondiente a la elecci\u00f3n del pasado domingo.<\/p>\n\n\n\n<p>\u201cCon absoluta responsabilidad con M\u00e9xico y m\u00e1s all\u00e1 de la revisi\u00f3n de actas y de los c\u00f3mputos que se realizar\u00e1, les informamos que hemos decidido&nbsp;<a href=\"https:\/\/www.eleconomista.com.mx\/politica\/Elecciones-2024-el-PAN-impugnara-los-resultados-electorales-20240604-0048.html\">impugnar esta elecci\u00f3n de Estado<\/a>&nbsp;porque no fue limpia, no fue leg\u00edtima y nunca hubo cancha pareja\u2019\u2019, afirm\u00f3.<\/p>\n\n\n\n<p>En un\u00a0<strong>video mensaje transmitido en redes sociales<\/strong>\u00a0sobre la jornada electoral del 2 de junio, el dirigente panista asegur\u00f3 que \u201ccada vez son m\u00e1s las evidencias que demuestran\u2019\u2019 que el Programa de Resultados Electorales Preliminares (PREP) \u201cpudo ser manipulado en la captura de actas\u2019\u2019.<\/p>\n\n\n\n<figure class=\"wp-block-embed is-type-rich is-provider-twitter wp-block-embed-twitter\"><div class=\"wp-block-embed__wrapper\">\n<blockquote class=\"twitter-tweet\" data-width=\"500\" data-dnt=\"true\"><p lang=\"es\" dir=\"ltr\">Cada vez son m\u00e1s evidencias que demuestran que el PREP pudo ser manipulado en la captura de las actas.<br><br>Por lo que con enorme responsabilidad y seriedad, les informo que en unas horas publicaremos en <a href=\"https:\/\/t.co\/lq5AXc1Tp8\">https:\/\/t.co\/lq5AXc1Tp8<\/a> las m\u00e1s de 160 mil actas con las que contamos, para que\u2026 <a href=\"https:\/\/t.co\/r0tIIYzKTD\">pic.twitter.com\/r0tIIYzKTD<\/a><\/p>&mdash; Marko Cort\u00e9s (@MarkoCortes) <a href=\"https:\/\/twitter.com\/MarkoCortes\/status\/1798173166344319161?ref_src=twsrc%5Etfw\">June 5, 2024<\/a><\/blockquote><script async src=\"https:\/\/platform.twitter.com\/widgets.js\" charset=\"utf-8\"><\/script>\n<\/div><\/figure>\n\n\n\n<p>\u201cHemos detectado hasta este momento,&nbsp;<strong>17,065 casillas<\/strong>&nbsp;que no reportan la votaci\u00f3n obtenida para el PAN, adem\u00e1s, hasta este momento tambi\u00e9n, hay&nbsp;<strong>1,888 casillas<\/strong>&nbsp;en zonas presuntamente controladas por el crimen organizado que tampoco reportan ning\u00fan solo voto para el PAN, otras actas que reportan el voto del 100% del listado nominal cosa que es simplemente imposible, o peor a\u00fan, con m\u00e1s votos de los legalmente posibles seg\u00fan el listado nominal que les corresponde\u2019\u2019.<\/p>\n\n\n\n<p>Por ello, anunci\u00f3 que \u201cen las pr\u00f3ximas horas publicaremos en la p\u00e1gina oficial del partido las&nbsp;<strong>160,531 actas<\/strong>&nbsp;con las que contamos, que representan el 94% de la totalidad, para que juntos, de manera completamente transparente, hagamos una&nbsp;<strong>auditor\u00eda social acta por acta<\/strong>&nbsp;para detectar cualquier inconsistencia y, como corresponde, solicitar que se aperture el paquete electoral contando voto por voto\u2019\u2019.<\/p>\n\n\n\n<p>Los panistas, finaliz\u00f3, \u201crefrendamos nuestro compromiso por la democracia y la defensa de M\u00e9xico. Tengan la certeza que en los 300 c\u00f3mputos distritales que comienzan ma\u00f1ana mi\u00e9rcoles defenderemos cada voto obtenido para X\u00f3chitl G\u00e1lvez y para todas y todos nuestros candidatos\u2019\u2019.<\/p>\n\n\n\n<h2 class=\"wp-block-heading\">L\u00f3pez Obrador defiende el proceso electoral<\/h2>\n\n\n\n<p>Tras las primeras declaraciones de G\u00e1lvez sobre las impugnaciones, el presidente&nbsp;<strong>Andr\u00e9s Manuel L\u00f3pez Obrador<\/strong>&nbsp;dijo en su conferencia matutina de este martes que las elecciones presidenciales del domingo fueron \u00abla m\u00e1s limpias de la historia\u00bb.<\/p>\n\n\n\n<p>L\u00f3pez Obrador a\u00f1adi\u00f3 que los&nbsp;<strong>partidos PAN, PRI y PRD<\/strong>, que respaldaban a G\u00e1lvez, est\u00e1n en su derecho de impugnar los resultados, pero los llam\u00f3 a \u00abrespirar profundo\u00bb para tratar de comprender lo que sucedi\u00f3.<\/p>\n\n\n\n<p>\u00abEs muy importante la autocr\u00edtica, es muy importante saber rectificar, es de sabios cambiar de opini\u00f3n (&#8230;) vivimos en un pa\u00eds libre y no tenemos nada que temer\u00bb, sostuvo.<\/p>\n\n\n\n<p>Toda inconformidad en los comicios debe ser dirimida ante los organismos electorales, siendo el<strong>\u00a0tribunal federal especializado<\/strong>\u00a0la \u00faltima instancia que califica la validez de las elecciones.<\/p>\n\n\n\n<p>Fuente: <a href=\"https:\/\/www.eleconomista.com.mx\/politica\/Elecciones-2024-Voto-por-voto-Xochitl-Galvez-pide-revision-del-80-de-las-casillas-20240604-0120.html\">https:\/\/www.eleconomista.com.mx\/politica\/Elecciones-2024-Voto-por-voto-Xochitl-Galvez-pide-revision-del-80-de-las-casillas-20240604-0120.html<\/a><\/p>\n","protected":false},"excerpt":{"rendered":"<p>Tras los comicios del 2 de junio, X\u00f3chitl G\u00e1lvez anunci\u00f3 que presentar\u00eda \u00abimpugnaciones\u00bb contra los resultados por el presunto uso [&hellip;]<\/p>\n","protected":false},"author":1,"featured_media":76139,"comment_status":"open","ping_status":"open","sticky":false,"template":"","format":"standard","meta":{"site-sidebar-layout":"default","site-content-layout":"","ast-site-content-layout":"default","site-content-style":"default","site-sidebar-style":"default","ast-global-header-display":"","ast-banner-title-visibility":"","ast-main-header-display":"","ast-hfb-above-header-display":"","ast-hfb-below-header-display":"","ast-hfb-mobile-header-display":"","site-post-title":"","ast-breadcrumbs-content":"","ast-featured-img":"","footer-sml-layout":"","theme-transparent-header-meta":"","adv-header-id-meta":"","stick-header-meta":"","header-above-stick-meta":"","header-main-stick-meta":"","header-below-stick-meta":"","astra-migrate-meta-layouts":"default","ast-page-background-enabled":"default","ast-page-background-meta":{"desktop":{"background-color":"var(--ast-global-color-4)","background-image":"","background-repeat":"repeat","background-position":"center center","background-size":"auto","background-attachment":"scroll","background-type":"","background-media":"","overlay-type":"","overlay-color":"","overlay-opacity":"","overlay-gradient":""},"tablet":{"background-color":"","background-image":"","background-repeat":"repeat","background-position":"center center","background-size":"auto","background-attachment":"scroll","background-type":"","background-media":"","overlay-type":"","overlay-color":"","overlay-opacity":"","overlay-gradient":""},"mobile":{"background-color":"","background-image":"","background-repeat":"repeat","background-position":"center center","background-size":"auto","background-attachment":"scroll","background-type":"","background-media":"","overlay-type":"","overlay-color":"","overlay-opacity":"","overlay-gradient":""}},"ast-content-background-meta":{"desktop":{"background-color":"var(--ast-global-color-5)","background-image":"","background-repeat":"repeat","background-position":"center center","background-size":"auto","background-attachment":"scroll","background-type":"","background-media":"","overlay-type":"","overlay-color":"","overlay-opacity":"","overlay-gradient":""},"tablet":{"background-color":"var(--ast-global-color-5)","background-image":"","background-repeat":"repeat","background-position":"center center","background-size":"auto","background-attachment":"scroll","background-type":"","background-media":"","overlay-type":"","overlay-color":"","overlay-opacity":"","overlay-gradient":""},"mobile":{"background-color":"var(--ast-global-color-5)","background-image":"","background-repeat":"repeat","background-position":"center center","background-size":"auto","background-attachment":"scroll","background-type":"","background-media":"","overlay-type":"","overlay-color":"","overlay-opacity":"","overlay-gradient":""}},"footnotes":""},"categories":[8],"tags":[25834,25836,25835,14772],"class_list":["post-76138","post","type-post","status-publish","format-standard","has-post-thumbnail","hentry","category-noticias","tag-80-caasillas-con-inconsistencias","tag-impugnaciones-elecciones-mexico","tag-voto-por-voto","tag-xochitl-galvez"],"_links":{"self":[{"href":"https:\/\/losperiodistas.com.mx\/portal\/wp-json\/wp\/v2\/posts\/76138","targetHints":{"allow":["GET"]}}],"collection":[{"href":"https:\/\/losperiodistas.com.mx\/portal\/wp-json\/wp\/v2\/posts"}],"about":[{"href":"https:\/\/losperiodistas.com.mx\/portal\/wp-json\/wp\/v2\/types\/post"}],"author":[{"embeddable":true,"href":"https:\/\/losperiodistas.com.mx\/portal\/wp-json\/wp\/v2\/users\/1"}],"replies":[{"embeddable":true,"href":"https:\/\/losperiodistas.com.mx\/portal\/wp-json\/wp\/v2\/comments?post=76138"}],"version-history":[{"count":1,"href":"https:\/\/losperiodistas.com.mx\/portal\/wp-json\/wp\/v2\/posts\/76138\/revisions"}],"predecessor-version":[{"id":76140,"href":"https:\/\/losperiodistas.com.mx\/portal\/wp-json\/wp\/v2\/posts\/76138\/revisions\/76140"}],"wp:featuredmedia":[{"embeddable":true,"href":"https:\/\/losperiodistas.com.mx\/portal\/wp-json\/wp\/v2\/media\/76139"}],"wp:attachment":[{"href":"https:\/\/losperiodistas.com.mx\/portal\/wp-json\/wp\/v2\/media?parent=76138"}],"wp:term":[{"taxonomy":"category","embeddable":true,"href":"https:\/\/losperiodistas.com.mx\/portal\/wp-json\/wp\/v2\/categories?post=76138"},{"taxonomy":"post_tag","embeddable":true,"href":"https:\/\/losperiodistas.com.mx\/portal\/wp-json\/wp\/v2\/tags?post=76138"}],"curies":[{"name":"wp","href":"https:\/\/api.w.org\/{rel}","templated":true}]}}