{"id":76134,"date":"2024-06-05T06:20:48","date_gmt":"2024-06-05T11:20:48","guid":{"rendered":"https:\/\/losperiodistas.com.mx\/portal\/?p=76134"},"modified":"2024-06-05T06:20:50","modified_gmt":"2024-06-05T11:20:50","slug":"un-documento-sobre-el-sagrado-corazon-para-un-mundo-que-ha-perdido-el-corazon-vatican-news","status":"publish","type":"post","link":"https:\/\/losperiodistas.com.mx\/portal\/un-documento-sobre-el-sagrado-corazon-para-un-mundo-que-ha-perdido-el-corazon-vatican-news\/","title":{"rendered":"Un documento sobre el Sagrado Coraz\u00f3n, para un mundo \u00abque ha perdido el coraz\u00f3n\u00bb | Vatican News"},"content":{"rendered":"\n<p class=\"has-luminous-vivid-amber-background-color has-background has-medium-font-size\">Al final de la audiencia general, el Papa anunci\u00f3 que en septiembre publicar\u00e1 un texto magisterial sobre \u00abeste culto cargado de belleza espiritual\u00bb, para que ilumine el camino de renovaci\u00f3n de la Iglesia y de la humanidad. Nuevo llamamiento por la paz en Ucrania, Palestina, Israel y Myanmar.<\/p>\n\n\n\n<p><\/p>\n\n\n\n<figure class=\"wp-block-image size-full\"><img fetchpriority=\"high\" decoding=\"async\" width=\"1000\" height=\"563\" src=\"https:\/\/losperiodistas.com.mx\/portal\/wp-content\/uploads\/2024\/06\/cq5dam.thumbnail.cropped.1000.563.jpeg\" alt=\"\" class=\"wp-image-76135\" srcset=\"https:\/\/losperiodistas.com.mx\/portal\/wp-content\/uploads\/2024\/06\/cq5dam.thumbnail.cropped.1000.563.jpeg 1000w, https:\/\/losperiodistas.com.mx\/portal\/wp-content\/uploads\/2024\/06\/cq5dam.thumbnail.cropped.1000.563-300x169.jpeg 300w, https:\/\/losperiodistas.com.mx\/portal\/wp-content\/uploads\/2024\/06\/cq5dam.thumbnail.cropped.1000.563-768x432.jpeg 768w\" sizes=\"(max-width: 1000px) 100vw, 1000px\" \/><figcaption>El Papa durante la Audiencia General del 5 de junio<\/figcaption><\/figure>\n\n\n\n<p class=\"has-vivid-red-color has-text-color has-medium-font-size\"><strong>Alessandro Di Bussolo \/ Vatican News<\/strong><\/p>\n\n\n\n<p>Un nuevo documento sobre el culto al Sagrado Coraz\u00f3n de Jes\u00fas, para meditar sobre los aspectos \u00abdel amor del Se\u00f1or que pueden iluminar el camino de la renovaci\u00f3n eclesial; pero tambi\u00e9n digan algo significativo a un mundo que parece haber perdido el coraz\u00f3n\u00bb. El Papa Francisco lo anunci\u00f3 al final de la Audiencia General, en su saludo a los fieles italianos, y manifest\u00f3 su intenci\u00f3n de hacerlo p\u00fablico en septiembre, mientras se celebran los 350 a\u00f1os de la primera manifestaci\u00f3n del Sagrado Coraz\u00f3n de Jes\u00fas a Santa Margarita Mar\u00eda Alacoque en 1673. Las celebraciones comenzaron el 27 de diciembre de 2023 y concluir\u00e1n el 27 de junio de 2025.<\/p>\n\n\n\n<p><em>Me complace preparar un documento que re\u00fana las valiosas reflexiones de textos magisteriales anteriores y de una larga historia que se remonta a las Sagradas Escrituras, para volver a proponer este culto de tanta belleza espiritual a toda la Iglesia.<\/em><\/p>\n\n\n\n<figure class=\"wp-block-image\"><img decoding=\"async\" src=\"https:\/\/www.vaticannews.va\/content\/dam\/vaticannews\/agenzie\/images\/srv\/2024\/06\/05\/2024-06-05-udienza-generale\/1717573393653.JPG\/_jcr_content\/renditions\/cq5dam.thumbnail.cropped.750.422.jpeg\" alt=\"El Papa entre los fieles durante la Audiencia General\"\/><\/figure>\n\n\n\n<p>El Papa entre los fieles durante la Audiencia General<\/p>\n\n\n\n<h2 class=\"wp-block-heading\"><strong>Oraci\u00f3n por la paz en Ucrania, Palestina, Israel y Myanmar<\/strong><\/h2>\n\n\n\n<p>Un anuncio que llega cuando estamos viviendo el mes de junio, tradicionalmente dedicado al Sagrado Coraz\u00f3n de Jes\u00fas, y Francisco recuerda que la fiesta que se acaba de celebrar, y la memoria del Coraz\u00f3n Inmaculado de Mar\u00eda, que la Iglesia se dispone a celebrar en los pr\u00f3ximos d\u00edas, \u00abnos indican la necesidad de corresponder al amor redentor de Cristo y nos invitan a encomendarnos con confianza a la intercesi\u00f3n de la Madre del Se\u00f1or\u00bb. Y nos pide que oremos as\u00ed:<\/p>\n\n\n\n<p><em>Pidamos al Se\u00f1or, por intercesi\u00f3n de su Madre, la paz. Paz en la martirizada Ucrania, paz en Palestina, en Israel, paz en Myanmar&#8230; Recemos para que el Se\u00f1or nos conceda el don de la paz y el mundo no sufra tanto por las guerras.<\/em><a href=\"https:\/\/www.vaticannews.va\/es\/papa\/news\/2024-06\/papa-espiritu-es-un-viento-que-no-se-puede-encerrar-catequesis.html\"><\/a>05\/06\/2024<\/p>\n\n\n\n<h2 class=\"has-cyan-bluish-gray-background-color has-background has-medium-font-size wp-block-heading\"><a href=\"https:\/\/www.vaticannews.va\/es\/papa\/news\/2024-06\/papa-espiritu-es-un-viento-que-no-se-puede-encerrar-catequesis.html\">El Papa: el Esp\u00edritu es un viento que no se puede encerrar, crea<\/a><\/h2>\n\n\n\n<p>\u00abLa libertad no es hacer lo que uno quiere\u00bb y es verdadera cuando se expresa \u00aben lo que parece ser su contrario, el servicio\u00bb: lo ha dicho esta ma\u00f1ana el Papa Francisco en su &#8230;<\/p>\n\n\n\n<h2 class=\"wp-block-heading\"><strong>Los saludos en \u00e1rabe y alem\u00e1n<\/strong><\/h2>\n\n\n\n<p>Dirigi\u00e9ndose a los fieles de lengua \u00e1rabe, el Pont\u00edfice salud\u00f3, en particular, a aquellos procedentes de Iraq de la Catedral caldea de San Jos\u00e9 de Ankawa, y les record\u00f3 que \u00abas\u00ed como el viento mueve las hojas, tambi\u00e9n el Esp\u00edritu Santo mueve nuestras almas, gui\u00e1ndonos hacia la luz\u00bb. Saludando a los fieles de lengua alemana, el Pont\u00edfice record\u00f3 que hoy la Iglesia celebra la fiesta de San Bonifacio, ap\u00f3stol de Alemania. \u00abAgradecidos por la larga y fecunda historia de fe en vuestras tierras -fue su oraci\u00f3n-, invocamos al Esp\u00edritu Santo para que mantenga siempre viva en vosotros la fe, la esperanza y la caridad\u00bb.<\/p>\n\n\n\n<p>Fuente: <a href=\"https:\/\/www.vaticannews.va\/es\/papa\/news\/2024-06\/papa-francisco-audiencia-general-llamamiento-paz-sagrado-corazon.html\">https:\/\/www.vaticannews.va\/es\/papa\/news\/2024-06\/papa-francisco-audiencia-general-llamamiento-paz-sagrado-corazon.html<\/a><\/p>\n","protected":false},"excerpt":{"rendered":"<p>Al final de la audiencia general, el Papa anunci\u00f3 que en septiembre publicar\u00e1 un texto magisterial sobre \u00abeste culto cargado [&hellip;]<\/p>\n","protected":false},"author":1,"featured_media":76136,"comment_status":"open","ping_status":"open","sticky":false,"template":"","format":"standard","meta":{"site-sidebar-layout":"default","site-content-layout":"","ast-site-content-layout":"default","site-content-style":"default","site-sidebar-style":"default","ast-global-header-display":"","ast-banner-title-visibility":"","ast-main-header-display":"","ast-hfb-above-header-display":"","ast-hfb-below-header-display":"","ast-hfb-mobile-header-display":"","site-post-title":"","ast-breadcrumbs-content":"","ast-featured-img":"","footer-sml-layout":"","theme-transparent-header-meta":"","adv-header-id-meta":"","stick-header-meta":"","header-above-stick-meta":"","header-main-stick-meta":"","header-below-stick-meta":"","astra-migrate-meta-layouts":"default","ast-page-background-enabled":"default","ast-page-background-meta":{"desktop":{"background-color":"var(--ast-global-color-4)","background-image":"","background-repeat":"repeat","background-position":"center center","background-size":"auto","background-attachment":"scroll","background-type":"","background-media":"","overlay-type":"","overlay-color":"","overlay-opacity":"","overlay-gradient":""},"tablet":{"background-color":"","background-image":"","background-repeat":"repeat","background-position":"center center","background-size":"auto","background-attachment":"scroll","background-type":"","background-media":"","overlay-type":"","overlay-color":"","overlay-opacity":"","overlay-gradient":""},"mobile":{"background-color":"","background-image":"","background-repeat":"repeat","background-position":"center center","background-size":"auto","background-attachment":"scroll","background-type":"","background-media":"","overlay-type":"","overlay-color":"","overlay-opacity":"","overlay-gradient":""}},"ast-content-background-meta":{"desktop":{"background-color":"var(--ast-global-color-5)","background-image":"","background-repeat":"repeat","background-position":"center center","background-size":"auto","background-attachment":"scroll","background-type":"","background-media":"","overlay-type":"","overlay-color":"","overlay-opacity":"","overlay-gradient":""},"tablet":{"background-color":"var(--ast-global-color-5)","background-image":"","background-repeat":"repeat","background-position":"center center","background-size":"auto","background-attachment":"scroll","background-type":"","background-media":"","overlay-type":"","overlay-color":"","overlay-opacity":"","overlay-gradient":""},"mobile":{"background-color":"var(--ast-global-color-5)","background-image":"","background-repeat":"repeat","background-position":"center center","background-size":"auto","background-attachment":"scroll","background-type":"","background-media":"","overlay-type":"","overlay-color":"","overlay-opacity":"","overlay-gradient":""}},"footnotes":""},"categories":[8],"tags":[196,10536],"class_list":["post-76134","post","type-post","status-publish","format-standard","has-post-thumbnail","hentry","category-noticias","tag-papa-francisco","tag-sagrado-corazon-de-jesus"],"_links":{"self":[{"href":"https:\/\/losperiodistas.com.mx\/portal\/wp-json\/wp\/v2\/posts\/76134","targetHints":{"allow":["GET"]}}],"collection":[{"href":"https:\/\/losperiodistas.com.mx\/portal\/wp-json\/wp\/v2\/posts"}],"about":[{"href":"https:\/\/losperiodistas.com.mx\/portal\/wp-json\/wp\/v2\/types\/post"}],"author":[{"embeddable":true,"href":"https:\/\/losperiodistas.com.mx\/portal\/wp-json\/wp\/v2\/users\/1"}],"replies":[{"embeddable":true,"href":"https:\/\/losperiodistas.com.mx\/portal\/wp-json\/wp\/v2\/comments?post=76134"}],"version-history":[{"count":1,"href":"https:\/\/losperiodistas.com.mx\/portal\/wp-json\/wp\/v2\/posts\/76134\/revisions"}],"predecessor-version":[{"id":76137,"href":"https:\/\/losperiodistas.com.mx\/portal\/wp-json\/wp\/v2\/posts\/76134\/revisions\/76137"}],"wp:featuredmedia":[{"embeddable":true,"href":"https:\/\/losperiodistas.com.mx\/portal\/wp-json\/wp\/v2\/media\/76136"}],"wp:attachment":[{"href":"https:\/\/losperiodistas.com.mx\/portal\/wp-json\/wp\/v2\/media?parent=76134"}],"wp:term":[{"taxonomy":"category","embeddable":true,"href":"https:\/\/losperiodistas.com.mx\/portal\/wp-json\/wp\/v2\/categories?post=76134"},{"taxonomy":"post_tag","embeddable":true,"href":"https:\/\/losperiodistas.com.mx\/portal\/wp-json\/wp\/v2\/tags?post=76134"}],"curies":[{"name":"wp","href":"https:\/\/api.w.org\/{rel}","templated":true}]}}