{"id":76131,"date":"2024-06-05T06:12:12","date_gmt":"2024-06-05T11:12:12","guid":{"rendered":"https:\/\/losperiodistas.com.mx\/portal\/?p=76131"},"modified":"2024-06-05T06:12:14","modified_gmt":"2024-06-05T11:12:14","slug":"tercera-ola-de-calor-se-va-y-llega-la-segunda-onda-tropical-con-lluvias-fuertes-telediario","status":"publish","type":"post","link":"https:\/\/losperiodistas.com.mx\/portal\/tercera-ola-de-calor-se-va-y-llega-la-segunda-onda-tropical-con-lluvias-fuertes-telediario\/","title":{"rendered":"Tercera ola de calor se va y llega la segunda onda tropical con lluvias fuertes | Telediario"},"content":{"rendered":"\n<h2 class=\"wp-block-heading\">\u00bfQu\u00e9 d\u00eda termina la tercera ola de calor? Esto dice el SMN.<\/h2>\n\n\n\n<figure class=\"wp-block-image size-full\"><img fetchpriority=\"high\" decoding=\"async\" width=\"958\" height=\"596\" src=\"https:\/\/losperiodistas.com.mx\/portal\/wp-content\/uploads\/2024\/06\/onda-tropical-smn.webp\" alt=\"\" class=\"wp-image-76132\" srcset=\"https:\/\/losperiodistas.com.mx\/portal\/wp-content\/uploads\/2024\/06\/onda-tropical-smn.webp 958w, https:\/\/losperiodistas.com.mx\/portal\/wp-content\/uploads\/2024\/06\/onda-tropical-smn-300x187.webp 300w, https:\/\/losperiodistas.com.mx\/portal\/wp-content\/uploads\/2024\/06\/onda-tropical-smn-768x478.webp 768w\" sizes=\"(max-width: 958px) 100vw, 958px\" \/><figcaption>Onda tropical 26 \u2502 SMN.<\/figcaption><\/figure>\n\n\n\n<p>Emily Qui\u00f1ones \/ Monterrey, Nuevo Le\u00f3n\u00a0\/\u00a0TELEDIARIO<\/p>\n\n\n\n<p>La&nbsp;<a href=\"https:\/\/www.telediario.mx\/nacional\/clima-mexico-45-grados-lunes-20-de-mayo-13-estados\" target=\"_blank\" rel=\"noreferrer noopener\">tercera ola de calor<\/a>&nbsp;inici\u00f3 el pasado lunes 20 de mayo y tras 15 d\u00edas de haber dejado temperaturas m\u00e1ximas extremas, el Servicio Meteorol\u00f3gico Nacional (SMN) ya puso fecha del fin de dicho sistema.<\/p>\n\n\n\n<p>Adem\u00e1s, en su reporte del martes dio a conocer que la segunda onda tropical se aproxima al pa\u00eds y adelant\u00f3 que este sistema podr\u00eda originar<strong>\u00a0lluvias fuertes e intensas<\/strong>\u00a0en los pr\u00f3ximos d\u00edas.\u00a0<\/p>\n\n\n\n<h2 class=\"wp-block-heading\">\u200b\u00bfQu\u00e9 d\u00eda deja de afectar en M\u00e9xico la tercera ola de calor?<\/h2>\n\n\n\n<p>En su &#8216;Pron\u00f3stico Extendido&#8217; el SMN explic\u00f3 que la circulaci\u00f3n anticicl\u00f3nica que mantuvo durante 15 d\u00edas a la tercera ola de calor, comenzar\u00e1 a \u00abperder su configuraci\u00f3n\u00bb por lo que a partir del mi\u00e9rcoles \u00ab<strong>finalizar\u00e1 la tercera onda de calor<\/strong>\u00ab.<\/p>\n\n\n\n<blockquote class=\"wp-block-quote is-layout-flow wp-block-quote-is-layout-flow\"><p>\u00abSe prev\u00e9 que, durante esta tarde, dicha circulaci\u00f3n anticicl\u00f3nica empiece a perder su configuraci\u00f3n, por lo que a partir del mi\u00e9rcoles finalizar\u00e1 la tercera onda de calor, previ\u00e9ndose una ligera disminuci\u00f3n de las temperaturas en estados del norte, centro y occidente del pa\u00eds\u00bb.<\/p><\/blockquote>\n\n\n\n<figure class=\"wp-block-image\"><img decoding=\"async\" src=\"https:\/\/cdn2.telediario.mx\/uploads\/media\/2024\/06\/04\/clima-en-mexico-miercoles-de_49_0_1046_739.JPG\" alt=\"El SMN prev\u00e9 que a partir del mi\u00e9rcoles termine la tercera ola de calor.\" title=\"El SMN prev\u00e9 que a partir del mi\u00e9rcoles termine la tercera ola de calor.\"\/><figcaption>El SMN prev\u00e9 que a partir del mi\u00e9rcoles termine la tercera ola de calor.<\/figcaption><\/figure>\n\n\n\n<h2 class=\"wp-block-heading\">Se va tercera ola de calor y llega segunda onda tropical<\/h2>\n\n\n\n<p>El Meteorol\u00f3gico Nacional explic\u00f3 que el mi\u00e9rcoles, la segunda onda tropical se va a desplazar por la Pen\u00ednsula de Yucat\u00e1n y la regi\u00f3n sureste en donde causar\u00e1 lluvias y chubascos; algunas de ellas est\u00e1n pronosticadas de fuerte intensidad.<\/p>\n\n\n\n<p>Hasta el momento se prev\u00e9 que las lluvias ocasionadas por la segunda onda tropical lleguen a la Pen\u00ednsula de Yucat\u00e1n, el sureste del pa\u00eds y al estado de Chiapas.&nbsp;<\/p>\n\n\n\n<figure class=\"wp-block-image\"><img decoding=\"async\" src=\"https:\/\/cdn.ex.co\/logos\/9117dc20-1b4e-4565-825b-c5e6fd717e31_null__1689387866530.png\" alt=\"exp-player-logo\"\/><\/figure>\n\n\n\n<p>P\u00edo L\u00f3pez Obrador y Loret deMola se carean en juzgado; hermano de AMLO exige pago de 600 mdpVer M\u00e1s<\/p>\n\n\n\n<blockquote class=\"wp-block-quote is-layout-flow wp-block-quote-is-layout-flow\"><p>\u00abLa onda tropical n\u00famero 2 se desplazar\u00e1 sobre la Pen\u00ednsula de Yucat\u00e1n y gradualmente el sureste mexicano, originando lluvias y chubascos en las mencionadas regiones, pronostic\u00e1ndose lluvias puntuales fuertes en Chiapas\u00bb.<\/p><\/blockquote>\n\n\n\n<h2 class=\"wp-block-heading\">Pron\u00f3stico de lluvias para el mi\u00e9rcoles 5 de junio&nbsp;<\/h2>\n\n\n\n<ul class=\"wp-block-list\"><li>Intervalos de chubascos con lluvias puntuales fuertes en Chiapas<\/li><li>Intervalos de chubascos en Coahuila, Nuevo Le\u00f3n, Tamaulipas, San Luis Potos\u00ed, Hidalgo, Puebla, Tlaxcala, Estado de M\u00e9xico, Ciudad de M\u00e9xico, Oaxaca y Quintana Roo<\/li><li>Lluvias aisladas en Durango, Zacatecas, Aguascalientes, Jalisco, Guanajuato, Quer\u00e9taro, Morelos, Guerrero, Veracruz, Tabasco, Campeche y Yucat\u00e1n.<\/li><\/ul>\n\n\n\n<p><\/p>\n\n\n\n<p>Fuente: <a href=\"https:\/\/www.telediario.mx\/nacional\/tercera-ola-de-calor-se-va-y-llegada-la-segunda-onda-tropical\">https:\/\/www.telediario.mx\/nacional\/tercera-ola-de-calor-se-va-y-llegada-la-segunda-onda-tropical<\/a><\/p>\n","protected":false},"excerpt":{"rendered":"<p>\u00bfQu\u00e9 d\u00eda termina la tercera ola de calor? Esto dice el SMN. Emily Qui\u00f1ones \/ Monterrey, Nuevo Le\u00f3n\u00a0\/\u00a0TELEDIARIO La&nbsp;tercera ola [&hellip;]<\/p>\n","protected":false},"author":1,"featured_media":76132,"comment_status":"open","ping_status":"open","sticky":false,"template":"","format":"standard","meta":{"site-sidebar-layout":"default","site-content-layout":"","ast-site-content-layout":"default","site-content-style":"default","site-sidebar-style":"default","ast-global-header-display":"","ast-banner-title-visibility":"","ast-main-header-display":"","ast-hfb-above-header-display":"","ast-hfb-below-header-display":"","ast-hfb-mobile-header-display":"","site-post-title":"","ast-breadcrumbs-content":"","ast-featured-img":"","footer-sml-layout":"","theme-transparent-header-meta":"","adv-header-id-meta":"","stick-header-meta":"","header-above-stick-meta":"","header-main-stick-meta":"","header-below-stick-meta":"","astra-migrate-meta-layouts":"default","ast-page-background-enabled":"default","ast-page-background-meta":{"desktop":{"background-color":"var(--ast-global-color-4)","background-image":"","background-repeat":"repeat","background-position":"center center","background-size":"auto","background-attachment":"scroll","background-type":"","background-media":"","overlay-type":"","overlay-color":"","overlay-opacity":"","overlay-gradient":""},"tablet":{"background-color":"","background-image":"","background-repeat":"repeat","background-position":"center center","background-size":"auto","background-attachment":"scroll","background-type":"","background-media":"","overlay-type":"","overlay-color":"","overlay-opacity":"","overlay-gradient":""},"mobile":{"background-color":"","background-image":"","background-repeat":"repeat","background-position":"center center","background-size":"auto","background-attachment":"scroll","background-type":"","background-media":"","overlay-type":"","overlay-color":"","overlay-opacity":"","overlay-gradient":""}},"ast-content-background-meta":{"desktop":{"background-color":"var(--ast-global-color-5)","background-image":"","background-repeat":"repeat","background-position":"center center","background-size":"auto","background-attachment":"scroll","background-type":"","background-media":"","overlay-type":"","overlay-color":"","overlay-opacity":"","overlay-gradient":""},"tablet":{"background-color":"var(--ast-global-color-5)","background-image":"","background-repeat":"repeat","background-position":"center center","background-size":"auto","background-attachment":"scroll","background-type":"","background-media":"","overlay-type":"","overlay-color":"","overlay-opacity":"","overlay-gradient":""},"mobile":{"background-color":"var(--ast-global-color-5)","background-image":"","background-repeat":"repeat","background-position":"center center","background-size":"auto","background-attachment":"scroll","background-type":"","background-media":"","overlay-type":"","overlay-color":"","overlay-opacity":"","overlay-gradient":""}},"footnotes":""},"categories":[8],"tags":[25832,25833,10277],"class_list":["post-76131","post","type-post","status-publish","format-standard","has-post-thumbnail","hentry","category-noticias","tag-clima-juniio-mexico","tag-segunda-onda-tropical","tag-smn"],"_links":{"self":[{"href":"https:\/\/losperiodistas.com.mx\/portal\/wp-json\/wp\/v2\/posts\/76131","targetHints":{"allow":["GET"]}}],"collection":[{"href":"https:\/\/losperiodistas.com.mx\/portal\/wp-json\/wp\/v2\/posts"}],"about":[{"href":"https:\/\/losperiodistas.com.mx\/portal\/wp-json\/wp\/v2\/types\/post"}],"author":[{"embeddable":true,"href":"https:\/\/losperiodistas.com.mx\/portal\/wp-json\/wp\/v2\/users\/1"}],"replies":[{"embeddable":true,"href":"https:\/\/losperiodistas.com.mx\/portal\/wp-json\/wp\/v2\/comments?post=76131"}],"version-history":[{"count":1,"href":"https:\/\/losperiodistas.com.mx\/portal\/wp-json\/wp\/v2\/posts\/76131\/revisions"}],"predecessor-version":[{"id":76133,"href":"https:\/\/losperiodistas.com.mx\/portal\/wp-json\/wp\/v2\/posts\/76131\/revisions\/76133"}],"wp:featuredmedia":[{"embeddable":true,"href":"https:\/\/losperiodistas.com.mx\/portal\/wp-json\/wp\/v2\/media\/76132"}],"wp:attachment":[{"href":"https:\/\/losperiodistas.com.mx\/portal\/wp-json\/wp\/v2\/media?parent=76131"}],"wp:term":[{"taxonomy":"category","embeddable":true,"href":"https:\/\/losperiodistas.com.mx\/portal\/wp-json\/wp\/v2\/categories?post=76131"},{"taxonomy":"post_tag","embeddable":true,"href":"https:\/\/losperiodistas.com.mx\/portal\/wp-json\/wp\/v2\/tags?post=76131"}],"curies":[{"name":"wp","href":"https:\/\/api.w.org\/{rel}","templated":true}]}}