{"id":76110,"date":"2024-06-04T22:28:15","date_gmt":"2024-06-05T03:28:15","guid":{"rendered":"http:\/\/losperiodistas.com.mx\/portal\/?p=76110"},"modified":"2024-06-04T22:28:18","modified_gmt":"2024-06-05T03:28:18","slug":"como-funcionan-las-vacunas-contra-el-cancer","status":"publish","type":"post","link":"https:\/\/losperiodistas.com.mx\/portal\/como-funcionan-las-vacunas-contra-el-cancer\/","title":{"rendered":"C\u00f3mo funcionan las vacunas contra el c\u00e1ncer que son parte de un ensayo en Reino Unido, Espa\u00f1a y otros pa\u00edses de Europa | BBC News"},"content":{"rendered":"\n<figure class=\"wp-block-image size-large\"><img fetchpriority=\"high\" decoding=\"async\" width=\"1024\" height=\"577\" src=\"https:\/\/losperiodistas.com.mx\/portal\/wp-content\/uploads\/2024\/06\/Captura-de-pantalla-2024-06-04-212400-1024x577.png\" alt=\"Vacunas contra el c\u00e1ncer\" class=\"wp-image-76115\" srcset=\"https:\/\/losperiodistas.com.mx\/portal\/wp-content\/uploads\/2024\/06\/Captura-de-pantalla-2024-06-04-212400-1024x577.png 1024w, https:\/\/losperiodistas.com.mx\/portal\/wp-content\/uploads\/2024\/06\/Captura-de-pantalla-2024-06-04-212400-300x169.png 300w, https:\/\/losperiodistas.com.mx\/portal\/wp-content\/uploads\/2024\/06\/Captura-de-pantalla-2024-06-04-212400-768x432.png 768w, https:\/\/losperiodistas.com.mx\/portal\/wp-content\/uploads\/2024\/06\/Captura-de-pantalla-2024-06-04-212400.png 1046w\" sizes=\"(max-width: 1024px) 100vw, 1024px\" \/><figcaption>Getty<\/figcaption><\/figure>\n\n\n\n<p class=\"has-vivid-red-color has-text-color\">Redacci\u00f3n \/ BBC News<\/p>\n\n\n\n<p><strong>Miles de pacientes con c\u00e1ncer en Reino Unido podr\u00e1n acceder a una serie de ensayos cl\u00ednicos de un nuevo tipo de tratamiento que utiliza vacunas para combatir su enfermedad.<\/strong><\/p>\n\n\n\n<p>Hasta el momento, 30 hospitales se han registrado en la Plataforma de Lanzamiento de la Vacuna contra el C\u00e1ncer, que est\u00e1 dise\u00f1ada para conectar a los pacientes con los pr\u00f3ximos ensayos que utilizar\u00e1n tecnolog\u00eda de ARNm, la misma que emplean algunas vacunas contra la covid.<\/p>\n\n\n\n<p>Las vacunas est\u00e1n dise\u00f1adas para preparar al sistema inmunol\u00f3gico para que <strong>reconozca y destruya las c\u00e9lulas cancerosas restantes <\/strong>y reduzca el riesgo de que la enfermedad reaparezca.<\/p>\n\n\n\n<p>Los ensayos tambi\u00e9n reclutar\u00e1n pacientes de Alemania, B\u00e9lgica, Espa\u00f1a y Suecia, que recibir\u00e1n hasta 15 dosis de la vacuna personalizada.<\/p>\n\n\n\n<figure class=\"wp-block-image size-full\"><img decoding=\"async\" width=\"999\" height=\"557\" src=\"https:\/\/losperiodistas.com.mx\/portal\/wp-content\/uploads\/2024\/06\/Captura-de-pantalla-2024-06-04-211824.png\" alt=\"\" class=\"wp-image-76111\" srcset=\"https:\/\/losperiodistas.com.mx\/portal\/wp-content\/uploads\/2024\/06\/Captura-de-pantalla-2024-06-04-211824.png 999w, https:\/\/losperiodistas.com.mx\/portal\/wp-content\/uploads\/2024\/06\/Captura-de-pantalla-2024-06-04-211824-300x167.png 300w, https:\/\/losperiodistas.com.mx\/portal\/wp-content\/uploads\/2024\/06\/Captura-de-pantalla-2024-06-04-211824-768x428.png 768w\" sizes=\"(max-width: 999px) 100vw, 999px\" \/><figcaption>Elliot Pfebve, quien fue operado y sometido a quimioterapia por un c\u00e1ncer de colon, est\u00e1 participando en el ensayo.<\/figcaption><\/figure>\n\n\n\n<p>Elliot Pfebve, de 55 a\u00f1os, es el primer paciente tratado con una vacuna personalizada contra el <strong>c\u00e1ncer de colon<\/strong> en Inglaterra.<\/p>\n\n\n\n<p>Elliot, que ya se someti\u00f3 a una cirug\u00eda y quimioterapia, recibi\u00f3 la inyecci\u00f3n en el Hospital Queen Elizabeth de Birmingham, una ciudad en el norte de Inglaterra.<\/p>\n\n\n\n<p>\u00abEstoy emocionado. Investigu\u00e9 un poco sobre el ensayo del tratamiento. Si tiene \u00e9xito, ser\u00e1 un gran avance m\u00e9dico\u201d, afirma. \u201cPuede ayudar a miles, sino millones, de personas, para que puedan tener esperanza y no experimentar todo lo que he vivido yo\u201d, agrega.<\/p>\n\n\n\n<p>Despu\u00e9s del tratamiento inicial de Elliot, las pruebas mostraron que todav\u00eda ten\u00eda fragmentos de ADN canceroso en su torrente sangu\u00edneo, lo cual aumenta su riesgo de que el c\u00e1ncer regrese.<\/p>\n\n\n\n<p>Por eso se inscribi\u00f3 en un ensayo de una vacuna en investigaci\u00f3n fabricada por la empresa farmac\u00e9utica alemana <strong>BioNTech<\/strong>, que utiliza la misma tecnolog\u00eda de <strong>ARNm<\/strong> que en la vacuna Pfizer-BioNTech para el covid.<\/p>\n\n\n\n<h2 class=\"wp-block-heading\" id=\"Qu\u00e9-es-una-vacuna-personalizada-contra-el-c\u00e1ncer\">\u00bfQu\u00e9 es una vacuna personalizada contra el c\u00e1ncer?<\/h2>\n\n\n\n<p>Las vacunas est\u00e1n dise\u00f1adas por lo general para prevenir enfermedades.<\/p>\n\n\n\n<p>Pero las vacunas contra el c\u00e1ncer se crean como <strong>tratamiento<\/strong> una vez que alguien ha sido diagnosticado.<\/p>\n\n\n\n<figure class=\"wp-block-image size-full\"><img decoding=\"async\" width=\"997\" height=\"560\" src=\"https:\/\/losperiodistas.com.mx\/portal\/wp-content\/uploads\/2024\/06\/Captura-de-pantalla-2024-06-04-212002.png\" alt=\"\" class=\"wp-image-76112\" srcset=\"https:\/\/losperiodistas.com.mx\/portal\/wp-content\/uploads\/2024\/06\/Captura-de-pantalla-2024-06-04-212002.png 997w, https:\/\/losperiodistas.com.mx\/portal\/wp-content\/uploads\/2024\/06\/Captura-de-pantalla-2024-06-04-212002-300x169.png 300w, https:\/\/losperiodistas.com.mx\/portal\/wp-content\/uploads\/2024\/06\/Captura-de-pantalla-2024-06-04-212002-768x431.png 768w\" sizes=\"(max-width: 997px) 100vw, 997px\" \/><figcaption>Las vacunas utilizar\u00e1n tecnolog\u00eda de ARNm, la misma que emplean algunas vacunas contra el covid.<\/figcaption><\/figure>\n\n\n\n<p>Al igual que con las vacunas convencionales, preparan al sistema inmunol\u00f3gico para <strong>buscar un enemigo<\/strong>, en este caso el c\u00e1ncer del paciente.<\/p>\n\n\n\n<p>En el caso de Elliot, se envi\u00f3 una muestra de su tumor a los laboratorios de BioNTech en Alemania, donde se identificaron hasta 20 mutaciones espec\u00edficas de su c\u00e1ncer.<\/p>\n\n\n\n<p>Con esta informaci\u00f3n, se cre\u00f3 una vacuna utilizando ARNm, que contiene instrucciones para que las c\u00e9lulas de Elliot produzcan<strong> prote\u00ednas rebeldes mutadas <\/strong>exclusivas de sus c\u00e9lulas cancerosas.<\/p>\n\n\n\n<p>La vacuna act\u00faa como un p\u00f3ster con la imagen de \u201cbuscado\u201d, que desenmascara las c\u00e9lulas cancerosas que suelen esconderse en el cuerpo para resurgir despu\u00e9s.<\/p>\n\n\n\n<p>La intenci\u00f3n es que la vacuna prepare a su sistema inmunol\u00f3gico para buscar y <strong>destruir cualquier rastro restante de c\u00e1ncer,<\/strong> y as\u00ed mejorar las posibilidades de que est\u00e9 libre de la enfermedad en los pr\u00f3ximos a\u00f1os.<\/p>\n\n\n\n<h2 class=\"wp-block-heading\" id=\"Nueva-era\">\u00abNueva era\u00bb<\/h2>\n\n\n\n<p>Victoria Kunene, investigadora principal del ensayo del Hospital Queen Elizabeth de Birmingham, le dijo al periodista Fergus Walsh de la BBC: \u201cCreo que \u00e9sta es una nueva era. La ciencia detr\u00e1s de esto tiene sentido\u201d.<\/p>\n\n\n\n<figure class=\"wp-block-image size-full\"><img loading=\"lazy\" decoding=\"async\" width=\"994\" height=\"559\" src=\"https:\/\/losperiodistas.com.mx\/portal\/wp-content\/uploads\/2024\/06\/Captura-de-pantalla-2024-06-04-212101.png\" alt=\"\" class=\"wp-image-76113\" srcset=\"https:\/\/losperiodistas.com.mx\/portal\/wp-content\/uploads\/2024\/06\/Captura-de-pantalla-2024-06-04-212101.png 994w, https:\/\/losperiodistas.com.mx\/portal\/wp-content\/uploads\/2024\/06\/Captura-de-pantalla-2024-06-04-212101-300x169.png 300w, https:\/\/losperiodistas.com.mx\/portal\/wp-content\/uploads\/2024\/06\/Captura-de-pantalla-2024-06-04-212101-768x432.png 768w\" sizes=\"(max-width: 994px) 100vw, 994px\" \/><figcaption>Victoria Kunene espera que la vacuna reduzca el riesgo de recurrencia del c\u00e1ncer.<\/figcaption><\/figure>\n\n\n\n<p>\u00abMi esperanza es que esto se convierta en el est\u00e1ndar de atenci\u00f3n. Tiene sentido que podamos tener algo que pueda ayudar a los pacientes a reducir su riesgo de tener un c\u00e1ncer recurrente\u00bb.<\/p>\n\n\n\n<p>Pero esto es reci\u00e9n el comienzo y, si bien hay gran optimismo sobre el potencial de las vacunas de ARNm para el tratamiento del c\u00e1ncer, a\u00fan se encuentran en la<strong> etapa experimental <\/strong>y solo est\u00e1n disponibles como parte de ensayos cl\u00ednicos.<\/p>\n\n\n\n<p>El estudio finalizar\u00e1 en 2027.<\/p>\n\n\n\n<p>Una esperanza es que las vacunas produzcan <strong>menos efectos secundarios<\/strong> que la quimioterapia convencional.<\/p>\n\n\n\n<p>Elliot cuenta que, aparte de una fiebre leve despu\u00e9s de la inyecci\u00f3n, no tuvo otros problemas con la vacuna.<\/p>\n\n\n\n<p>\u00abVer a Elliot recibir su primer tratamiento como parte de la Plataforma de Lanzamiento de la Vacuna contra el C\u00e1ncer es un momento hist\u00f3rico para los pacientes y el servicio de salud, mientras buscamos desarrollar formas mejores y m\u00e1s efectivas de detener esta enfermedad\u201d, coment\u00f3 Amanda Pritchard, directora ejecutiva del Servicio Nacional de Salud (NHS, por sus siglas en ingl\u00e9s) de Inglaterra.<\/p>\n\n\n\n<p>Peter Johnson, director cl\u00ednico nacional de c\u00e1ncer del NHS, dijo: \u00abSabemos que incluso despu\u00e9s de una operaci\u00f3n exitosa, los c\u00e1nceres a veces pueden regresar porque quedan algunas c\u00e9lulas cancerosas en el cuerpo, pero usar una vacuna para atacar esas c\u00e9lulas restantes puede ser una forma de evitar que esto suceda\u201d.<\/p>\n\n\n\n<p>El mes pasado, <strong>un paciente en Londres recibi\u00f3 una vacuna de ARNm personalizada contra el melanoma<\/strong>, la forma m\u00e1s mortal de c\u00e1ncer de piel.<\/p>\n\n\n\n<p>Esa vacuna fue creada por Moderna y emple\u00f3 la misma tecnolog\u00eda que en sus vacunas contra el covid.<\/p>\n\n\n\n<p>Moderna y BioNTech han comenzado o est\u00e1n planeando ensayos de vacunas de ARNm contra una variedad de tipos de tumores, incluidos el c\u00e1ncer de pulm\u00f3n, mama y vejiga.<\/p>\n\n\n\n<h2 class=\"wp-block-heading\">\u00bfCu\u00e1les son algunos de los s\u00edntomas del c\u00e1ncer de colon?<\/h2>\n\n\n\n<figure class=\"wp-block-image size-full\"><img loading=\"lazy\" decoding=\"async\" width=\"993\" height=\"559\" src=\"https:\/\/losperiodistas.com.mx\/portal\/wp-content\/uploads\/2024\/06\/Captura-de-pantalla-2024-06-04-212218.png\" alt=\"\" class=\"wp-image-76114\" srcset=\"https:\/\/losperiodistas.com.mx\/portal\/wp-content\/uploads\/2024\/06\/Captura-de-pantalla-2024-06-04-212218.png 993w, https:\/\/losperiodistas.com.mx\/portal\/wp-content\/uploads\/2024\/06\/Captura-de-pantalla-2024-06-04-212218-300x169.png 300w, https:\/\/losperiodistas.com.mx\/portal\/wp-content\/uploads\/2024\/06\/Captura-de-pantalla-2024-06-04-212218-768x432.png 768w\" sizes=\"(max-width: 993px) 100vw, 993px\" \/><figcaption>Uno de los s\u00edntomas del c\u00e1ncer de colon es el cansancio extremo sin motivo.<\/figcaption><\/figure>\n\n\n\n<ul class=\"wp-block-list\"><li>Cambios en la materia fecal, como tener caca m\u00e1s blanda, diarrea o estre\u00f1imiento que no es habitual en ti<\/li><li>Necesidad de defecar con m\u00e1s o menos frecuencia de lo habitual<\/li><li>Sangre en las heces, que puede verse roja o negra.<\/li><li>Sangrando por el ano<\/li><li>Sensaci\u00f3n de tener que mover de cuerpo, incluso si acabas de ir al ba\u00f1o.<\/li><li>Dolor de barriga<\/li><li>Un bulto en la barriga<\/li><li>Hinchaz\u00f3n<\/li><li>Bajar de peso sin intentarlo<\/li><li>Sentirse muy cansado sin motivo<\/li><\/ul>\n\n\n\n<p>Si bien algunos de estos s\u00edntomas son muy comunes y pueden ser provocados por otras afecciones, es importante en estos casos consultar con un m\u00e9dico de cabecera.<\/p>\n\n\n\n<p>Fuente: <a href=\"https:\/\/www.bbc.com\/mundo\/articles\/cd11dxyl8e1o\" target=\"_blank\" rel=\"noreferrer noopener\">BBC News<\/a><\/p>\n","protected":false},"excerpt":{"rendered":"<p>C\u00f3mo funcionan las vacunas contra el c\u00e1ncer<\/p>\n","protected":false},"author":1,"featured_media":76115,"comment_status":"open","ping_status":"open","sticky":false,"template":"","format":"standard","meta":{"site-sidebar-layout":"default","site-content-layout":"","ast-site-content-layout":"default","site-content-style":"default","site-sidebar-style":"default","ast-global-header-display":"","ast-banner-title-visibility":"","ast-main-header-display":"","ast-hfb-above-header-display":"","ast-hfb-below-header-display":"","ast-hfb-mobile-header-display":"","site-post-title":"","ast-breadcrumbs-content":"","ast-featured-img":"","footer-sml-layout":"","theme-transparent-header-meta":"","adv-header-id-meta":"","stick-header-meta":"","header-above-stick-meta":"","header-main-stick-meta":"","header-below-stick-meta":"","astra-migrate-meta-layouts":"default","ast-page-background-enabled":"default","ast-page-background-meta":{"desktop":{"background-color":"var(--ast-global-color-4)","background-image":"","background-repeat":"repeat","background-position":"center center","background-size":"auto","background-attachment":"scroll","background-type":"","background-media":"","overlay-type":"","overlay-color":"","overlay-opacity":"","overlay-gradient":""},"tablet":{"background-color":"","background-image":"","background-repeat":"repeat","background-position":"center center","background-size":"auto","background-attachment":"scroll","background-type":"","background-media":"","overlay-type":"","overlay-color":"","overlay-opacity":"","overlay-gradient":""},"mobile":{"background-color":"","background-image":"","background-repeat":"repeat","background-position":"center center","background-size":"auto","background-attachment":"scroll","background-type":"","background-media":"","overlay-type":"","overlay-color":"","overlay-opacity":"","overlay-gradient":""}},"ast-content-background-meta":{"desktop":{"background-color":"var(--ast-global-color-5)","background-image":"","background-repeat":"repeat","background-position":"center center","background-size":"auto","background-attachment":"scroll","background-type":"","background-media":"","overlay-type":"","overlay-color":"","overlay-opacity":"","overlay-gradient":""},"tablet":{"background-color":"var(--ast-global-color-5)","background-image":"","background-repeat":"repeat","background-position":"center center","background-size":"auto","background-attachment":"scroll","background-type":"","background-media":"","overlay-type":"","overlay-color":"","overlay-opacity":"","overlay-gradient":""},"mobile":{"background-color":"var(--ast-global-color-5)","background-image":"","background-repeat":"repeat","background-position":"center center","background-size":"auto","background-attachment":"scroll","background-type":"","background-media":"","overlay-type":"","overlay-color":"","overlay-opacity":"","overlay-gradient":""}},"footnotes":""},"categories":[8],"tags":[],"class_list":["post-76110","post","type-post","status-publish","format-standard","has-post-thumbnail","hentry","category-noticias"],"_links":{"self":[{"href":"https:\/\/losperiodistas.com.mx\/portal\/wp-json\/wp\/v2\/posts\/76110","targetHints":{"allow":["GET"]}}],"collection":[{"href":"https:\/\/losperiodistas.com.mx\/portal\/wp-json\/wp\/v2\/posts"}],"about":[{"href":"https:\/\/losperiodistas.com.mx\/portal\/wp-json\/wp\/v2\/types\/post"}],"author":[{"embeddable":true,"href":"https:\/\/losperiodistas.com.mx\/portal\/wp-json\/wp\/v2\/users\/1"}],"replies":[{"embeddable":true,"href":"https:\/\/losperiodistas.com.mx\/portal\/wp-json\/wp\/v2\/comments?post=76110"}],"version-history":[{"count":1,"href":"https:\/\/losperiodistas.com.mx\/portal\/wp-json\/wp\/v2\/posts\/76110\/revisions"}],"predecessor-version":[{"id":76116,"href":"https:\/\/losperiodistas.com.mx\/portal\/wp-json\/wp\/v2\/posts\/76110\/revisions\/76116"}],"wp:featuredmedia":[{"embeddable":true,"href":"https:\/\/losperiodistas.com.mx\/portal\/wp-json\/wp\/v2\/media\/76115"}],"wp:attachment":[{"href":"https:\/\/losperiodistas.com.mx\/portal\/wp-json\/wp\/v2\/media?parent=76110"}],"wp:term":[{"taxonomy":"category","embeddable":true,"href":"https:\/\/losperiodistas.com.mx\/portal\/wp-json\/wp\/v2\/categories?post=76110"},{"taxonomy":"post_tag","embeddable":true,"href":"https:\/\/losperiodistas.com.mx\/portal\/wp-json\/wp\/v2\/tags?post=76110"}],"curies":[{"name":"wp","href":"https:\/\/api.w.org\/{rel}","templated":true}]}}