{"id":76035,"date":"2024-06-04T06:56:40","date_gmt":"2024-06-04T11:56:40","guid":{"rendered":"https:\/\/losperiodistas.com.mx\/portal\/?p=76035"},"modified":"2024-06-04T06:56:42","modified_gmt":"2024-06-04T11:56:42","slug":"xochitl-galvez-anuncia-impugnaciones-esto-no-termina-aqui-somos-la-resistencia-proceso","status":"publish","type":"post","link":"https:\/\/losperiodistas.com.mx\/portal\/xochitl-galvez-anuncia-impugnaciones-esto-no-termina-aqui-somos-la-resistencia-proceso\/","title":{"rendered":"X\u00f3chitl G\u00e1lvez anuncia impugnaciones: \u201cesto no termina aqu\u00ed, somos la resistencia\u201d | Proceso"},"content":{"rendered":"\n<p class=\"has-medium-font-size\"><strong>\u201cLos contrapesos y la divisi\u00f3n de poderes siguen en riesgo\u201d, alert\u00f3 la candidata presidencial opositora, quien llam\u00f3 a defender la democracia.<\/strong><\/p>\n\n\n\n<p><\/p>\n\n\n\n<figure class=\"wp-block-image\"><a href=\"https:\/\/www.proceso.com.mx\/u\/fotografias\/fotosnoticias\/2024\/6\/3\/200522.jpg\"><img decoding=\"async\" src=\"https:\/\/www.proceso.com.mx\/u\/fotografias\/m\/2024\/6\/3\/f685x385-200522_238215_5326.jpg\" alt=\"X\u00f3chitl G\u00e1lvez anuncia impugnaciones: \u201cesto no termina aqu\u00ed, somos la resistencia\u201d\"\/><\/a><figcaption>X\u00f3chitl G\u00e1lvez en su conferencia de prensa del domingo . Foto: Cuartoscuro \/ Mario Jasso<\/figcaption><\/figure>\n\n\n\n<p class=\"has-vivid-red-color has-text-color has-medium-font-size\"><strong>Redacci\u00f3n Proceso<\/strong><\/p>\n\n\n\n<p>CIUDAD DE M\u00c9XICO (apro).- X\u00f3chitl G\u00e1lvez, quien fuera candidata de PAN, PRI y PRD a la Presidencia de la Rep\u00fablica, anunci\u00f3 que presentar\u00e1 impugnaciones a la jornada de este domingo.<\/p>\n\n\n\n<p>\u201cNo podemos permitir que tengamos otra elecci\u00f3n igual a esta\u201d, dijo en un mensaje en su cuenta de la red social X.<\/p>\n\n\n\n<p><strong>NOTICIAS RELACIONADAS<\/strong><\/p>\n\n\n\n<ul class=\"wp-block-list\"><li><a href=\"https:\/\/www.proceso.com.mx\/nacional\/elecciones-2024\/2024\/6\/3\/xochitl-galvez-me-llamo-reconocio-mi-triunfo-sheinbaum-330264.html\">X\u00f3chitl G\u00e1lvez me llam\u00f3 y reconoci\u00f3 mi triunfo: Sheinbaum<\/a><\/li><li><a href=\"https:\/\/www.proceso.com.mx\/nacional\/2024\/6\/3\/xochitl-mi-reconocimiento-sheinbaum-viene-acompanado-de-una-firme-exigencia-de-resultados-330269.html\">X\u00f3chitl: Mi reconocimiento a Sheinbaum viene acompa\u00f1ado de una firme exigencia de resultados<\/a><\/li><li><a href=\"https:\/\/www.proceso.com.mx\/nacional\/elecciones-2024\/2024\/6\/2\/xochitl-galvez-quieren-que-te-vayas-dormir-creyendo-que-te-ganaron-330258.html\">X\u00f3chitl G\u00e1lvez: \u201cQuieren que te vayas a dormir creyendo que te ganaron\u201d<\/a><\/li><li><a href=\"https:\/\/www.proceso.com.mx\/nacional\/2024\/6\/2\/encuestas-de-salida-dan-triunfo-claudia-sheinbaum-con-amplia-ventaja-sobre-xochitl-galvez-330232.html\">Encuestas de salida dan triunfo a Claudia Sheinbaum con amplia ventaja sobre X\u00f3chitl G\u00e1lvez<\/a><\/li><\/ul>\n\n\n\n<p>La senadora con licencia agradeci\u00f3 a quienes se unieron a su movimiento.<\/p>\n\n\n\n<p>\u201cFui una candidata elegida por los ciudadanos y mujeres y hombres de bien. A donde ustedes ciudadanos libres decidan ir, iremos\u201d.<\/p>\n\n\n\n<p>Al reconocer que hubo mucho desconcierto tras los resultados electorales que le dieron una ventaja de 30 puntos a su adversaria, la morenista Claudia Sheinbaum, G\u00e1lvez llam\u00f3 a hacer un an\u00e1lisis sobre el contexto de lo ocurrido.<\/p>\n\n\n\n<p>\u201cReconoc\u00ed ayer mi derrota porque soy una dem\u00f3crata y creo en las instituciones. Conf\u00edo en el conteo r\u00e1pido del INE, es un ejercicio estad\u00edstico elaborado por los mejores cient\u00edficos de datos del pa\u00eds\u201d, reconoci\u00f3, pero expuso:<\/p>\n\n\n\n<p>\u201cTodos sab\u00edamos que nos enfrent\u00e1bamos a una competencia desigual contra todo el aparato del Estado dedicado a favorecer a su candidata.<\/p>\n\n\n\n<p>\u201cTodos nos dimos cuenta de c\u00f3mo el crimen organizado se hizo presente amenazando e incluso asesinando a decenas de aspirantes y candidatos\u201d, resalt\u00f3 X\u00f3chitl G\u00e1lvez, quien anunci\u00f3 as\u00ed que presentar\u00e1 sus inconformidades ante las instancias correspondientes:<\/p>\n\n\n\n<p>\u201cEsto no termina aqu\u00ed. S\u00ed presentaremos las impugnaciones que prueban esto que les digo y que todos sabemos. Y lo haremos porque no podemos permitir que tengamos otra elecci\u00f3n igual a esta.<\/p>\n\n\n\n<p>\u201cHoy m\u00e1s que nunca debemos defender nuestra democracia y nuestra rep\u00fablica. Los contrapesos y la divisi\u00f3n de poderes siguen en riesgo\u201d, sostuvo.<\/p>\n\n\n\n<p>\u201cEste debe ser un gran momento de unidad para quienes creemos en la vida, la verdad y la libertad. Buscar\u00e1n dividirnos y desalentarnos pero no podemos darnos el lujo de claudicar. Sigamos nuestra lucha por ti, por tu familia y por M\u00e9xico\u201d, plante\u00f3 la pol\u00edtica hidalguense y concluy\u00f3:<\/p>\n\n\n\n<p>\u201cSomos la resistencia y debemos hacer lo que nos toca: defender M\u00e9xico del autoritarismo y el mal gobierno\u201d.<\/p>\n\n\n\n<figure class=\"wp-block-embed is-type-rich is-provider-twitter wp-block-embed-twitter\"><div class=\"wp-block-embed__wrapper\">\n<blockquote class=\"twitter-tweet\" data-width=\"500\" data-dnt=\"true\"><p lang=\"es\" dir=\"ltr\">Quiero empezar este mensaje con un GRACIAS a todas y todos los mexicanos que se atrevieron a so\u00f1ar y se unieron a este gran movimiento. <br><br>Fui una candidata elegida por los ciudadanos y mujeres y hombres de bien. A donde ustedes ciudadanos libres decidan ir, iremos. <br><br>S\u00e9 que hay\u2026<\/p>&mdash; X\u00f3chitl G\u00e1lvez Ruiz (@XochitlGalvez) <a href=\"https:\/\/twitter.com\/XochitlGalvez\/status\/1797708622840869083?ref_src=twsrc%5Etfw\">June 3, 2024<\/a><\/blockquote><script async src=\"https:\/\/platform.twitter.com\/widgets.js\" charset=\"utf-8\"><\/script>\n<\/div><\/figure>\n\n\n\n<p><\/p>\n\n\n\n<p>Fuente: <a href=\"https:\/\/www.proceso.com.mx\/nacional\/elecciones-2024\/2024\/6\/3\/xochitl-galvez-anuncia-impugnaciones-esto-no-termina-aqui-somos-la-resistencia-330325.html\">https:\/\/www.proceso.com.mx\/nacional\/elecciones-2024\/2024\/6\/3\/xochitl-galvez-anuncia-impugnaciones-esto-no-termina-aqui-somos-la-resistencia-330325.html<\/a><\/p>\n","protected":false},"excerpt":{"rendered":"<p>\u201cLos contrapesos y la divisi\u00f3n de poderes siguen en riesgo\u201d, alert\u00f3 la candidata presidencial opositora, quien llam\u00f3 a defender la [&hellip;]<\/p>\n","protected":false},"author":1,"featured_media":76036,"comment_status":"open","ping_status":"open","sticky":false,"template":"","format":"standard","meta":{"site-sidebar-layout":"default","site-content-layout":"","ast-site-content-layout":"default","site-content-style":"default","site-sidebar-style":"default","ast-global-header-display":"","ast-banner-title-visibility":"","ast-main-header-display":"","ast-hfb-above-header-display":"","ast-hfb-below-header-display":"","ast-hfb-mobile-header-display":"","site-post-title":"","ast-breadcrumbs-content":"","ast-featured-img":"","footer-sml-layout":"","theme-transparent-header-meta":"","adv-header-id-meta":"","stick-header-meta":"","header-above-stick-meta":"","header-main-stick-meta":"","header-below-stick-meta":"","astra-migrate-meta-layouts":"default","ast-page-background-enabled":"default","ast-page-background-meta":{"desktop":{"background-color":"var(--ast-global-color-4)","background-image":"","background-repeat":"repeat","background-position":"center center","background-size":"auto","background-attachment":"scroll","background-type":"","background-media":"","overlay-type":"","overlay-color":"","overlay-opacity":"","overlay-gradient":""},"tablet":{"background-color":"","background-image":"","background-repeat":"repeat","background-position":"center center","background-size":"auto","background-attachment":"scroll","background-type":"","background-media":"","overlay-type":"","overlay-color":"","overlay-opacity":"","overlay-gradient":""},"mobile":{"background-color":"","background-image":"","background-repeat":"repeat","background-position":"center center","background-size":"auto","background-attachment":"scroll","background-type":"","background-media":"","overlay-type":"","overlay-color":"","overlay-opacity":"","overlay-gradient":""}},"ast-content-background-meta":{"desktop":{"background-color":"var(--ast-global-color-5)","background-image":"","background-repeat":"repeat","background-position":"center center","background-size":"auto","background-attachment":"scroll","background-type":"","background-media":"","overlay-type":"","overlay-color":"","overlay-opacity":"","overlay-gradient":""},"tablet":{"background-color":"var(--ast-global-color-5)","background-image":"","background-repeat":"repeat","background-position":"center center","background-size":"auto","background-attachment":"scroll","background-type":"","background-media":"","overlay-type":"","overlay-color":"","overlay-opacity":"","overlay-gradient":""},"mobile":{"background-color":"var(--ast-global-color-5)","background-image":"","background-repeat":"repeat","background-position":"center center","background-size":"auto","background-attachment":"scroll","background-type":"","background-media":"","overlay-type":"","overlay-color":"","overlay-opacity":"","overlay-gradient":""}},"footnotes":""},"categories":[8],"tags":[23206,25787,25786,14772],"class_list":["post-76035","post","type-post","status-publish","format-standard","has-post-thumbnail","hentry","category-noticias","tag-defender-la-democracia","tag-elecciones-2024-impugnaciones","tag-mexico-contrapesos","tag-xochitl-galvez"],"_links":{"self":[{"href":"https:\/\/losperiodistas.com.mx\/portal\/wp-json\/wp\/v2\/posts\/76035","targetHints":{"allow":["GET"]}}],"collection":[{"href":"https:\/\/losperiodistas.com.mx\/portal\/wp-json\/wp\/v2\/posts"}],"about":[{"href":"https:\/\/losperiodistas.com.mx\/portal\/wp-json\/wp\/v2\/types\/post"}],"author":[{"embeddable":true,"href":"https:\/\/losperiodistas.com.mx\/portal\/wp-json\/wp\/v2\/users\/1"}],"replies":[{"embeddable":true,"href":"https:\/\/losperiodistas.com.mx\/portal\/wp-json\/wp\/v2\/comments?post=76035"}],"version-history":[{"count":1,"href":"https:\/\/losperiodistas.com.mx\/portal\/wp-json\/wp\/v2\/posts\/76035\/revisions"}],"predecessor-version":[{"id":76037,"href":"https:\/\/losperiodistas.com.mx\/portal\/wp-json\/wp\/v2\/posts\/76035\/revisions\/76037"}],"wp:featuredmedia":[{"embeddable":true,"href":"https:\/\/losperiodistas.com.mx\/portal\/wp-json\/wp\/v2\/media\/76036"}],"wp:attachment":[{"href":"https:\/\/losperiodistas.com.mx\/portal\/wp-json\/wp\/v2\/media?parent=76035"}],"wp:term":[{"taxonomy":"category","embeddable":true,"href":"https:\/\/losperiodistas.com.mx\/portal\/wp-json\/wp\/v2\/categories?post=76035"},{"taxonomy":"post_tag","embeddable":true,"href":"https:\/\/losperiodistas.com.mx\/portal\/wp-json\/wp\/v2\/tags?post=76035"}],"curies":[{"name":"wp","href":"https:\/\/api.w.org\/{rel}","templated":true}]}}