{"id":76032,"date":"2024-06-04T06:45:59","date_gmt":"2024-06-04T11:45:59","guid":{"rendered":"https:\/\/losperiodistas.com.mx\/portal\/?p=76032"},"modified":"2024-06-04T06:46:02","modified_gmt":"2024-06-04T11:46:02","slug":"oposicion-perfila-de-seis-a-ocho-diputaciones-locales-bloque-morena-33-e-consulta","status":"publish","type":"post","link":"https:\/\/losperiodistas.com.mx\/portal\/oposicion-perfila-de-seis-a-ocho-diputaciones-locales-bloque-morena-33-e-consulta\/","title":{"rendered":"Oposici\u00f3n perfila de seis a ocho diputaciones locales; bloque Morena, 33 | e-consulta"},"content":{"rendered":"\n<p class=\"has-medium-font-size\">El PAN qued\u00f3 como la segunda fuerza pol\u00edtica y tendr\u00eda cuatro diputaciones, el PRI dos<\/p>\n\n\n\n<figure class=\"wp-block-image\"><img decoding=\"async\" src=\"https:\/\/www.e-consulta.com\/_next\/image?url=https%3A%2F%2Ffotos.e-consulta.com%2Foposicion_perfila_de_seis_a_ocho_diputaciones_locales_bloque_morena_33.jpg&amp;w=1920&amp;q=75\" alt=\"Oposici\u00f3n perfila de seis a ocho diputaciones locales; bloque Morena, 33\"\/><figcaption>Foto: Gran Angular<\/figcaption><\/figure>\n\n\n\n<p class=\"has-vivid-red-color has-text-color has-medium-font-size\"><br><a href=\"https:\/\/www.facebook.com\/sharer\/sharer.php?u=https:\/\/www.e-consulta.com\/nota\/2024-06-03\/elecciones\/oposicion-perfila-de-seis-ocho-diputaciones-locales-bloque-morena-33\" target=\"_blank\" rel=\"noreferrer noopener\"><\/a><a href=\"https:\/\/twitter.com\/intent\/tweet?text=Oposici%C3%B3n%20perfila%20de%20seis%20a%20ocho%20diputaciones%20locales%3B%20bloque%20Morena%2C%2033&amp;url=https:\/\/www.e-consulta.com\/nota\/2024-06-03\/elecciones\/oposicion-perfila-de-seis-ocho-diputaciones-locales-bloque-morena-33&amp;via=e_consulta\" target=\"_blank\" rel=\"noreferrer noopener\"><\/a><a href=\"whatsapp:\/\/send?text=Oposici%C3%B3n%20perfila%20de%20seis%20a%20ocho%20diputaciones%20locales%3B%20bloque%20Morena%2C%2033%20-%20[Leer]%20https:\/\/www.e-consulta.com\/nota\/2024-06-03\/elecciones\/oposicion-perfila-de-seis-ocho-diputaciones-locales-bloque-morena-33\"><\/a><a href=\"\/\/www.e-consulta.com\/nota\/2024-06-03\/elecciones\/oposicion-perfila-de-seis-ocho-diputaciones-locales-bloque-morena-33\" target=\"_blank\" rel=\"noreferrer noopener\"><\/a><strong><a href=\"https:\/\/www.e-consulta.com\/autor\/Ricardo%20Ju%C3%A1rez\">RICARDO JU\u00c1REZ<\/a> \/ e-consulta<\/strong><\/p>\n\n\n\n<p><\/p>\n\n\n\n<p>La Sexag\u00e9sima Segunda Legislatura del&nbsp;<strong>Congreso de Puebla<\/strong>&nbsp;tendr\u00e1 como fuerza mayoritaria al bloque de&nbsp;<strong>Morena&nbsp;<\/strong>con&nbsp;<strong>26 diputaciones electas<\/strong>, 15 de las cuales fueron sigladas por el partido lopezobradorista y 11 por los institutos aliados.<\/p>\n\n\n\n<p>Derivado de sus&nbsp;<strong>15 diputaciones<\/strong>,&nbsp;<a href=\"https:\/\/www.e-consulta.com\/nota\/2024-06-03\/elecciones\/morena-con-victoria-virtual-en-8-de-los-10-municipios-mas-poblados-de\" target=\"_blank\" rel=\"noreferrer noopener\">Morena&nbsp;<\/a>alcanzar\u00eda tres m\u00e1s por la v\u00eda de la representaci\u00f3n proporcional y llegar\u00eda a tener hasta 18 diputados en el&nbsp;<strong>Congreso local.<\/strong><\/p>\n\n\n\n<p>La segunda fuerza pol\u00edtica, seg\u00fan los resultados preliminares, es el&nbsp;<strong>PAN<\/strong>&nbsp;que alcanzar\u00eda cuatro curules, el&nbsp;<strong>Partido Verde<\/strong>&nbsp;tres, el&nbsp;<strong>PRI<\/strong>&nbsp;entre dos y tres, el&nbsp;<strong>PT<\/strong>&nbsp;dos,&nbsp;<strong>Movimiento Ciudadano<\/strong>&nbsp;dos y&nbsp;<strong>Nueva Alianza<\/strong>, quiz\u00e1, una.<\/p>\n\n\n\n<p>El&nbsp;<strong>Congreso del Estado de Puebla<\/strong>&nbsp;se compone de 41 diputados, 26 de mayor\u00eda relativa y 15 de representaci\u00f3n proporcional o plurinominales, quienes no participan en la campa\u00f1a electoral.<\/p>\n\n\n\n<p>Te puede interesar:<\/p>\n\n\n\n<p><a href=\"https:\/\/www.e-consulta.com\/nota\/2024-06-03\/elecciones\/morena-virtual-ganador-de-11-municipios-metropolitanos-pan-de-4\">Morena, virtual ganador de 11 municipios metropolitanos; PAN, de 4<\/a><\/p>\n\n\n\n<p>Seg\u00fan el&nbsp;<a href=\"https:\/\/www.e-consulta.com\/nota\/2024-06-03\/elecciones\/armenta-obtuvo-mas-votos-que-los-ultimos-siete-gobernadores\" target=\"_blank\" rel=\"noreferrer noopener\"><strong>Programa de Resultados Electorales Preliminares (PREP)<\/strong><\/a>, la alianza de&nbsp;<strong>Morena<\/strong>,&nbsp;<strong>Partido del Trabajo<\/strong>&nbsp;(PT) y el&nbsp;<strong>Partido Verde Ecologista<\/strong>&nbsp;obtuvo las 26 diputaciones de mayor\u00eda relativa al lograr un mill\u00f3n 508 mil 384 votos.<\/p>\n\n\n\n<p>La esperanza de la oposici\u00f3n radica en las&nbsp;<strong>15 diputaciones locales<\/strong>&nbsp;por representaci\u00f3n proporcional, aunque s\u00f3lo podr\u00edan ocupar m\u00ednimo seis y m\u00e1ximo ocho, \u00fanicamente por la v\u00eda del PAN y del PRI.<\/p>\n\n\n\n<h2 class=\"wp-block-heading\"><strong>Las diputaciones plurinominales<\/strong><\/h2>\n\n\n\n<p>Morena se perfila a tener tres diputaciones locales:&nbsp;<strong>Julio Huerta G\u00f3mez<\/strong>,&nbsp;<strong>Ana Lilia Tepole Armenta<\/strong>&nbsp;y&nbsp;<strong>Jos\u00e9 Luis Garc\u00eda Parra<\/strong>&nbsp;\u201cEl Choco\u201d.<\/p>\n\n\n\n<p>Te puede interesar:<\/p>\n\n\n\n<p><a href=\"https:\/\/www.e-consulta.com\/nota\/2024-06-03\/elecciones\/morena-acapara-16-diputaciones-federales-por-puebla-perfilan-mayoria-en\">Morena acapara 16 diputaciones federales por Puebla; perfilan mayor\u00eda en San L\u00e1zaro<\/a><\/p>\n\n\n\n<p>El PAN espera tener una representaci\u00f3n de cuatro diputados, entre ellos\u00a0<strong>Celia Bonaga<\/strong>,\u00a0<strong>Susana Riestra Pi\u00f1a<\/strong>,\u00a0<strong>Marcos Castro<\/strong>\u00a0y\u00a0<strong>Rafael Micalco<\/strong>.<\/p>\n\n\n\n<p>Por su parte, el&nbsp;<strong>PRI<\/strong>&nbsp;espera obtener dos o tres lugares, ocupados por la actual dirigente,&nbsp;<strong>Delfina Pozos Vergara<\/strong>, el diputado federal,&nbsp;<strong>L\u00e1zaro Jim\u00e9nez<\/strong>&nbsp;y posiblemente&nbsp;<strong>Lydia Oca\u00f1a Madrid<\/strong>.<\/p>\n\n\n\n<p>Movimiento Ciudadano (MC) aspira a ocupar dos o tres esca\u00f1os con la dirigente del partido,&nbsp;<strong>Fedrha Isabel Suriano Corrales<\/strong>&nbsp;y&nbsp;<strong>Marco Antonio de los Santos Hern\u00e1ndez<\/strong>.<\/p>\n\n\n\n<p>Fuentes cercanas al\u00a0<strong>Partido Verde<\/strong>\u00a0confiaron a esta casa editorial que obtendr\u00e1n al menos tres representaciones por la v\u00eda de mayor\u00eda relativa, por lo que\u00a0<strong>Beatriz Manrique Guevara<\/strong>,\u00a0<strong>Blanca Isabel Priede Iglesias<\/strong>\u00a0y\u00a0<strong>Alexi Sharom Ronquillo \u00c1lvarez<\/strong>\u00a0ocupar\u00e1n un curul. (CR).<\/p>\n\n\n\n<p>Fuente: <a href=\"https:\/\/www.e-consulta.com\/nota\/2024-06-03\/elecciones\/oposicion-perfila-de-seis-ocho-diputaciones-locales-bloque-morena-33\">https:\/\/www.e-consulta.com\/nota\/2024-06-03\/elecciones\/oposicion-perfila-de-seis-ocho-diputaciones-locales-bloque-morena-33<\/a><\/p>\n","protected":false},"excerpt":{"rendered":"<p>El PAN qued\u00f3 como la segunda fuerza pol\u00edtica y tendr\u00eda cuatro diputaciones, el PRI dos RICARDO JU\u00c1REZ \/ e-consulta La [&hellip;]<\/p>\n","protected":false},"author":1,"featured_media":76033,"comment_status":"open","ping_status":"open","sticky":false,"template":"","format":"standard","meta":{"site-sidebar-layout":"default","site-content-layout":"","ast-site-content-layout":"default","site-content-style":"default","site-sidebar-style":"default","ast-global-header-display":"","ast-banner-title-visibility":"","ast-main-header-display":"","ast-hfb-above-header-display":"","ast-hfb-below-header-display":"","ast-hfb-mobile-header-display":"","site-post-title":"","ast-breadcrumbs-content":"","ast-featured-img":"","footer-sml-layout":"","theme-transparent-header-meta":"","adv-header-id-meta":"","stick-header-meta":"","header-above-stick-meta":"","header-main-stick-meta":"","header-below-stick-meta":"","astra-migrate-meta-layouts":"default","ast-page-background-enabled":"default","ast-page-background-meta":{"desktop":{"background-color":"var(--ast-global-color-4)","background-image":"","background-repeat":"repeat","background-position":"center center","background-size":"auto","background-attachment":"scroll","background-type":"","background-media":"","overlay-type":"","overlay-color":"","overlay-opacity":"","overlay-gradient":""},"tablet":{"background-color":"","background-image":"","background-repeat":"repeat","background-position":"center center","background-size":"auto","background-attachment":"scroll","background-type":"","background-media":"","overlay-type":"","overlay-color":"","overlay-opacity":"","overlay-gradient":""},"mobile":{"background-color":"","background-image":"","background-repeat":"repeat","background-position":"center center","background-size":"auto","background-attachment":"scroll","background-type":"","background-media":"","overlay-type":"","overlay-color":"","overlay-opacity":"","overlay-gradient":""}},"ast-content-background-meta":{"desktop":{"background-color":"var(--ast-global-color-5)","background-image":"","background-repeat":"repeat","background-position":"center center","background-size":"auto","background-attachment":"scroll","background-type":"","background-media":"","overlay-type":"","overlay-color":"","overlay-opacity":"","overlay-gradient":""},"tablet":{"background-color":"var(--ast-global-color-5)","background-image":"","background-repeat":"repeat","background-position":"center center","background-size":"auto","background-attachment":"scroll","background-type":"","background-media":"","overlay-type":"","overlay-color":"","overlay-opacity":"","overlay-gradient":""},"mobile":{"background-color":"var(--ast-global-color-5)","background-image":"","background-repeat":"repeat","background-position":"center center","background-size":"auto","background-attachment":"scroll","background-type":"","background-media":"","overlay-type":"","overlay-color":"","overlay-opacity":"","overlay-gradient":""}},"footnotes":""},"categories":[8],"tags":[25784,25782,25783,25785],"class_list":["post-76032","post","type-post","status-publish","format-standard","has-post-thumbnail","hentry","category-noticias","tag-33-legisladores-poblanos","tag-congreso-del-estado-de-puebla","tag-morena-mayiria","tag-oposicion-6"],"_links":{"self":[{"href":"https:\/\/losperiodistas.com.mx\/portal\/wp-json\/wp\/v2\/posts\/76032","targetHints":{"allow":["GET"]}}],"collection":[{"href":"https:\/\/losperiodistas.com.mx\/portal\/wp-json\/wp\/v2\/posts"}],"about":[{"href":"https:\/\/losperiodistas.com.mx\/portal\/wp-json\/wp\/v2\/types\/post"}],"author":[{"embeddable":true,"href":"https:\/\/losperiodistas.com.mx\/portal\/wp-json\/wp\/v2\/users\/1"}],"replies":[{"embeddable":true,"href":"https:\/\/losperiodistas.com.mx\/portal\/wp-json\/wp\/v2\/comments?post=76032"}],"version-history":[{"count":1,"href":"https:\/\/losperiodistas.com.mx\/portal\/wp-json\/wp\/v2\/posts\/76032\/revisions"}],"predecessor-version":[{"id":76034,"href":"https:\/\/losperiodistas.com.mx\/portal\/wp-json\/wp\/v2\/posts\/76032\/revisions\/76034"}],"wp:featuredmedia":[{"embeddable":true,"href":"https:\/\/losperiodistas.com.mx\/portal\/wp-json\/wp\/v2\/media\/76033"}],"wp:attachment":[{"href":"https:\/\/losperiodistas.com.mx\/portal\/wp-json\/wp\/v2\/media?parent=76032"}],"wp:term":[{"taxonomy":"category","embeddable":true,"href":"https:\/\/losperiodistas.com.mx\/portal\/wp-json\/wp\/v2\/categories?post=76032"},{"taxonomy":"post_tag","embeddable":true,"href":"https:\/\/losperiodistas.com.mx\/portal\/wp-json\/wp\/v2\/tags?post=76032"}],"curies":[{"name":"wp","href":"https:\/\/api.w.org\/{rel}","templated":true}]}}