{"id":76019,"date":"2024-06-04T00:07:45","date_gmt":"2024-06-04T05:07:45","guid":{"rendered":"http:\/\/losperiodistas.com.mx\/portal\/?p=76019"},"modified":"2024-06-04T00:07:47","modified_gmt":"2024-06-04T05:07:47","slug":"presidentes-felicitan-a-claudia-sheinbaum-por-su-triunfo-en-mexico","status":"publish","type":"post","link":"https:\/\/losperiodistas.com.mx\/portal\/presidentes-felicitan-a-claudia-sheinbaum-por-su-triunfo-en-mexico\/","title":{"rendered":"De Am\u00e9rica Latina a Europa: Presidentes felicitan a Claudia Sheinbaum por su triunfo en M\u00e9xico | EF"},"content":{"rendered":"\n<p>Joe Biden, presidente de Estados Unidos, fue uno de los primeros mandatarios en felicitar a Claudia Sheinbaum por su triunfo en las elecciones 2024.<\/p>\n\n\n\n<figure class=\"wp-block-image size-large\"><img fetchpriority=\"high\" decoding=\"async\" width=\"1024\" height=\"577\" src=\"https:\/\/losperiodistas.com.mx\/portal\/wp-content\/uploads\/2024\/06\/Captura-de-pantalla-2024-06-03-222119-1024x577.png\" alt=\"Presidentes env\u00edan felicitaci\u00f3n a Sheinbaum\" class=\"wp-image-76020\" srcset=\"https:\/\/losperiodistas.com.mx\/portal\/wp-content\/uploads\/2024\/06\/Captura-de-pantalla-2024-06-03-222119-1024x577.png 1024w, https:\/\/losperiodistas.com.mx\/portal\/wp-content\/uploads\/2024\/06\/Captura-de-pantalla-2024-06-03-222119-300x169.png 300w, https:\/\/losperiodistas.com.mx\/portal\/wp-content\/uploads\/2024\/06\/Captura-de-pantalla-2024-06-03-222119-768x433.png 768w, https:\/\/losperiodistas.com.mx\/portal\/wp-content\/uploads\/2024\/06\/Captura-de-pantalla-2024-06-03-222119.png 1090w\" sizes=\"(max-width: 1024px) 100vw, 1024px\" \/><figcaption>Los presidentes de distintos pa\u00edses enviaron sus felicitaciones a Claudia Sheinbaum. <\/figcaption><\/figure>\n\n\n\n<p class=\"has-vivid-red-color has-text-color\">Redacci\u00f3n \/ El Financiero<\/p>\n\n\n\n<p>El triunfo de Claudia Sheinbaum en las elecciones 2024 ha tenido un <strong>impacto tanto a nivel nacional <\/strong>como internacional.<\/p>\n\n\n\n<p>El <strong>presidente de Estados Unidos, Joe Biden<\/strong>, fue uno de los primeros mandatarios en enviar su reconocimiento a la virtual ganadora de Morena.<\/p>\n\n\n\n<p><em>\u201cFelicito a Claudia Sheinbaum en esta <strong>elecci\u00f3n hist\u00f3rica como primera mujer presidenta de M\u00e9xico<\/strong>. Espero el momento de trabajar de cerca con la presidenta electa, con un esp\u00edritu de compa\u00f1erismo y amistad que refleje el lazo entre nuestros pa\u00edses\u201d<\/em>, afirm\u00f3 <strong>Biden <\/strong>en un mensaje difundido por la Casa Blanca.<\/p>\n\n\n\n<p>El <strong>primer ministro de Canad\u00e1, Justin Trudeau<\/strong>, tambi\u00e9n le env\u00edo sus felicitaciones a la morenista y mostr\u00f3 su deseo de \u201ctrabajar de forma estrecha\u201d con la presidenta electa para fortalecer las relaciones bilaterales.<\/p>\n\n\n\n<h2 class=\"wp-block-heading\">Presidentes de Latinoam\u00e9rica elogian perfil de Claudia Sheinbaum<\/h2>\n\n\n\n<p>El <strong>mandatario de Brasil<\/strong>, <strong>Luiz In\u00e1cio Lula da Silva<\/strong>, destac\u00f3 el perfil \u201cprogresista\u201d de Sheinbaum; alab\u00f3 la gesti\u00f3n del presidente saliente, Andr\u00e9s Manuel L\u00f3pez Obrador, y anunci\u00f3 que en los pr\u00f3ximos meses viajar\u00e1 a M\u00e9xico para afianzar las relaciones comerciales.<\/p>\n\n\n\n<p>El <strong>gobernante de Venezuela, Nicol\u00e1s Maduro,<\/strong> felicit\u00f3 <em>\u201ca la presidenta electa, al partido Morena, al PT y a los movimientos sociales\u201d<\/em> y tambi\u00e9n a L\u00f3pez Obrador, por ser un \u201cgran l\u00edder\u201d tanto de su pa\u00eds como de la regi\u00f3n.<\/p>\n\n\n\n<p>Le sigui\u00f3 su <strong>hom\u00f3logo de Colombia, Gustavo Petro<\/strong>, quien aplaudi\u00f3 que M\u00e9xico haya elegido <em>\u201ca una progresista como la <strong>primera presidenta de su historia\u201d<\/strong><\/em><strong>.<\/strong><\/p>\n\n\n\n<p>El <strong>mandatario de Chile, Gabriel Boric<\/strong>, felicit\u00f3 a Sheinbaum <em>\u201cpor convertirse en la primera mujer presidente de M\u00e9xico\u201d<\/em> y destac\u00f3 su \u201cliderazgo\u201d y \u201cprograma de progreso social\u201d.<\/p>\n\n\n\n<p>El Gobierno de Argentina, presidido por el ultraliberal Javier Milei, <strong>reconoci\u00f3 a la exjefa de Gobierno<\/strong> de la Ciudad de M\u00e9xico en un breve comunicado de la Canciller\u00eda y se comprometi\u00f3 a <em>\u201crenovar su disposici\u00f3n para continuar desarrollando la agenda de trabajo bilateral\u201d<\/em>.<\/p>\n\n\n\n<h2 class=\"wp-block-heading\">\u00bfM\u00e9xico reanudar\u00e1 relaciones con Per\u00fa?<\/h2>\n\n\n\n<p>El Gobierno encabezado por <strong>Dina Boluarte, presidenta de Per\u00fa<\/strong>, envi\u00f3 sus <strong>felicitaciones <\/strong>a Claudia Sheinbaum y le dese\u00f3 \u00e9xito en su gesti\u00f3n.<\/p>\n\n\n\n<p><em>\u201cEl Per\u00fa felicita a Claudia Sheinbaum por su victoria en las elecciones generales de los Estados Unidos Mexicanos\u201d<\/em>, expres\u00f3 el pa\u00eds andino a trav\u00e9s de la Canciller\u00eda mediante un breve mensaje compartido en la red social X.<\/p>\n\n\n\n<p>A\u00f1adi\u00f3 que le desea<strong> \u201c\u00e9xitos durante su gesti\u00f3n\u201d<\/strong> y reiter\u00f3 que el pa\u00eds reafirma su compromiso <em>\u201cde fortalecer la relaci\u00f3n bilateral en el marco del di\u00e1logo, la cooperaci\u00f3n y el respeto mutuo\u201d<\/em>.<\/p>\n\n\n\n<h2 class=\"wp-block-heading\">Uni\u00f3n Europea destaca el triunfo de Sheinbaum<\/h2>\n\n\n\n<p>La <strong>Uni\u00f3n Europea<\/strong> felicit\u00f3 a Sheinbaum por su <em>\u201chist\u00f3rica elecci\u00f3n como primera mujer presidenta de M\u00e9xico\u201d<\/em> y abog\u00f3 por \u201cfortalecer a\u00fan m\u00e1s\u201d la relaci\u00f3n bilateral en \u00e1reas como la econ\u00f3mica, la transici\u00f3n ecol\u00f3gica, la inclusi\u00f3n social, la seguridad y la agenda digital.<\/p>\n\n\n\n<p>El <strong>jefe de la diplomacia europea<\/strong>,<strong> Josep Borrell<\/strong>, elogi\u00f3 tambi\u00e9n al pueblo mexicano <em>\u201cpor su fuerte apego a la democracia, demostrado durante la c<\/em>ampa\u00f1a para las elecciones generales y el d\u00eda de las elecciones\u201d.<\/p>\n\n\n\n<p>Tambi\u00e9n la <strong>presidenta de la Comisi\u00f3n Europea, Ursula Von der Leyen<\/strong>, y el presidente del <strong>Consejo Europeo, Charles Michel<\/strong>, felicitaron a la futura mandataria por haberse convertido en la primera mujer que ocupar\u00e1 la Presidencia en M\u00e9xico.<\/p>\n\n\n\n<p>El<strong> presidente ucraniano, Volod\u00edmir Zelenski<\/strong>, expres\u00f3 la <strong>esperanza de que con su llegada al poder<\/strong> haya una <em>\u201ccooperaci\u00f3n fruct\u00edfera y un mayor fortalecimiento de las relaciones entre Ucrania y M\u00e9xico\u201d<\/em>.<\/p>\n\n\n\n<p>Mientras, su <strong>hom\u00f3logo ruso, Vlad\u00edmir Putin<\/strong>, expres\u00f3 su confianza en que ambos pa\u00edses contin\u00faen desarrollando una <em>\u201ccooperaci\u00f3n constructiva\u201d<\/em> y destac\u00f3 los lazos de amistad entre Rusia y M\u00e9xico, que calific\u00f3 de \u201ctradicionales\u201d.<\/p>\n\n\n\n<p>El <strong>Gobierno alem\u00e1n<\/strong> tambi\u00e9n felicit\u00f3 a Sheinbaum y expres\u00f3 el deseo de la mayor econom\u00eda europea de continuar con la buena relaci\u00f3n entre ambos pa\u00edses.<\/p>\n\n\n\n<p>Fuente: <a href=\"https:\/\/www.elfinanciero.com.mx\/mundo\/2024\/06\/03\/de-america-latina-a-europa-presidentes-felicitan-a-claudia-sheinbaum-por-su-triunfo-en-mexico\/\" target=\"_blank\" rel=\"noreferrer noopener\">El Financiero<\/a><\/p>\n","protected":false},"excerpt":{"rendered":"<p>Joe Biden, presidente de Estados Unidos, fue uno de los primeros mandatarios en felicitar a Claudia Sheinbaum por su triunfo en las elecciones 2024. <\/p>\n","protected":false},"author":1,"featured_media":76020,"comment_status":"open","ping_status":"open","sticky":false,"template":"","format":"standard","meta":{"site-sidebar-layout":"default","site-content-layout":"","ast-site-content-layout":"default","site-content-style":"default","site-sidebar-style":"default","ast-global-header-display":"","ast-banner-title-visibility":"","ast-main-header-display":"","ast-hfb-above-header-display":"","ast-hfb-below-header-display":"","ast-hfb-mobile-header-display":"","site-post-title":"","ast-breadcrumbs-content":"","ast-featured-img":"","footer-sml-layout":"","theme-transparent-header-meta":"","adv-header-id-meta":"","stick-header-meta":"","header-above-stick-meta":"","header-main-stick-meta":"","header-below-stick-meta":"","astra-migrate-meta-layouts":"default","ast-page-background-enabled":"default","ast-page-background-meta":{"desktop":{"background-color":"var(--ast-global-color-4)","background-image":"","background-repeat":"repeat","background-position":"center center","background-size":"auto","background-attachment":"scroll","background-type":"","background-media":"","overlay-type":"","overlay-color":"","overlay-opacity":"","overlay-gradient":""},"tablet":{"background-color":"","background-image":"","background-repeat":"repeat","background-position":"center center","background-size":"auto","background-attachment":"scroll","background-type":"","background-media":"","overlay-type":"","overlay-color":"","overlay-opacity":"","overlay-gradient":""},"mobile":{"background-color":"","background-image":"","background-repeat":"repeat","background-position":"center center","background-size":"auto","background-attachment":"scroll","background-type":"","background-media":"","overlay-type":"","overlay-color":"","overlay-opacity":"","overlay-gradient":""}},"ast-content-background-meta":{"desktop":{"background-color":"var(--ast-global-color-5)","background-image":"","background-repeat":"repeat","background-position":"center center","background-size":"auto","background-attachment":"scroll","background-type":"","background-media":"","overlay-type":"","overlay-color":"","overlay-opacity":"","overlay-gradient":""},"tablet":{"background-color":"var(--ast-global-color-5)","background-image":"","background-repeat":"repeat","background-position":"center center","background-size":"auto","background-attachment":"scroll","background-type":"","background-media":"","overlay-type":"","overlay-color":"","overlay-opacity":"","overlay-gradient":""},"mobile":{"background-color":"var(--ast-global-color-5)","background-image":"","background-repeat":"repeat","background-position":"center center","background-size":"auto","background-attachment":"scroll","background-type":"","background-media":"","overlay-type":"","overlay-color":"","overlay-opacity":"","overlay-gradient":""}},"footnotes":""},"categories":[8],"tags":[1505,25778,25779],"class_list":["post-76019","post","type-post","status-publish","format-standard","has-post-thumbnail","hentry","category-noticias","tag-claudia-sheinbaum","tag-felicitaciones","tag-mandatarios"],"_links":{"self":[{"href":"https:\/\/losperiodistas.com.mx\/portal\/wp-json\/wp\/v2\/posts\/76019","targetHints":{"allow":["GET"]}}],"collection":[{"href":"https:\/\/losperiodistas.com.mx\/portal\/wp-json\/wp\/v2\/posts"}],"about":[{"href":"https:\/\/losperiodistas.com.mx\/portal\/wp-json\/wp\/v2\/types\/post"}],"author":[{"embeddable":true,"href":"https:\/\/losperiodistas.com.mx\/portal\/wp-json\/wp\/v2\/users\/1"}],"replies":[{"embeddable":true,"href":"https:\/\/losperiodistas.com.mx\/portal\/wp-json\/wp\/v2\/comments?post=76019"}],"version-history":[{"count":1,"href":"https:\/\/losperiodistas.com.mx\/portal\/wp-json\/wp\/v2\/posts\/76019\/revisions"}],"predecessor-version":[{"id":76021,"href":"https:\/\/losperiodistas.com.mx\/portal\/wp-json\/wp\/v2\/posts\/76019\/revisions\/76021"}],"wp:featuredmedia":[{"embeddable":true,"href":"https:\/\/losperiodistas.com.mx\/portal\/wp-json\/wp\/v2\/media\/76020"}],"wp:attachment":[{"href":"https:\/\/losperiodistas.com.mx\/portal\/wp-json\/wp\/v2\/media?parent=76019"}],"wp:term":[{"taxonomy":"category","embeddable":true,"href":"https:\/\/losperiodistas.com.mx\/portal\/wp-json\/wp\/v2\/categories?post=76019"},{"taxonomy":"post_tag","embeddable":true,"href":"https:\/\/losperiodistas.com.mx\/portal\/wp-json\/wp\/v2\/tags?post=76019"}],"curies":[{"name":"wp","href":"https:\/\/api.w.org\/{rel}","templated":true}]}}