{"id":76016,"date":"2024-06-03T23:07:04","date_gmt":"2024-06-04T04:07:04","guid":{"rendered":"http:\/\/losperiodistas.com.mx\/portal\/?p=76016"},"modified":"2024-06-03T23:07:06","modified_gmt":"2024-06-04T04:07:06","slug":"quien-es-clara-brugada-futura-jefa-de-gobierno-de-la-cdmx","status":"publish","type":"post","link":"https:\/\/losperiodistas.com.mx\/portal\/quien-es-clara-brugada-futura-jefa-de-gobierno-de-la-cdmx\/","title":{"rendered":"\u00bfQui\u00e9n es Clara Brugada, futura jefa de gobierno de la CDMX? | El Informador"},"content":{"rendered":"\n<p>Clara Brugada fue ganadora en el conteo r\u00e1pido tras la jornada electoral del 2 de junio<\/p>\n\n\n\n<figure class=\"wp-block-image size-large\"><img fetchpriority=\"high\" decoding=\"async\" width=\"1024\" height=\"642\" src=\"https:\/\/losperiodistas.com.mx\/portal\/wp-content\/uploads\/2024\/06\/Captura-de-pantalla-2024-06-03-220221-1024x642.png\" alt=\"Clara Brugada\" class=\"wp-image-76017\" srcset=\"https:\/\/losperiodistas.com.mx\/portal\/wp-content\/uploads\/2024\/06\/Captura-de-pantalla-2024-06-03-220221-1024x642.png 1024w, https:\/\/losperiodistas.com.mx\/portal\/wp-content\/uploads\/2024\/06\/Captura-de-pantalla-2024-06-03-220221-300x188.png 300w, https:\/\/losperiodistas.com.mx\/portal\/wp-content\/uploads\/2024\/06\/Captura-de-pantalla-2024-06-03-220221-768x482.png 768w, https:\/\/losperiodistas.com.mx\/portal\/wp-content\/uploads\/2024\/06\/Captura-de-pantalla-2024-06-03-220221.png 1046w\" sizes=\"(max-width: 1024px) 100vw, 1024px\" \/><figcaption>En el 2018 fue electa como alcaldesa de Iztapalapa y fue reelecta en el 2021. SUN \/ ARCHIVO<\/figcaption><\/figure>\n\n\n\n<p class=\"has-vivid-red-color has-text-color\">Mois\u00e9s Figueroa \/ El Informador<\/p>\n\n\n\n<p><strong>Clara Brugada<\/strong>, de 60 a\u00f1os y afiliada al partido <strong>Morena<\/strong>, tiene como objetivo dar continuidad al proyecto conocido como el \u00absegundo piso de la transformaci\u00f3n\u00bb en la<strong> Ciudad de M\u00e9xico<\/strong>.&nbsp;<\/p>\n\n\n\n<p>Cuenta con una formaci\u00f3n en econom\u00eda obtenida en la Universidad Aut\u00f3noma Metropolitana<strong> (UAM)<\/strong>. Inici\u00f3 su trayectoria pol\u00edtica en los<strong> a\u00f1os 90<\/strong> como miembro del PRD, uni\u00e9ndose en <strong>1995<\/strong>.&nbsp;<\/p>\n\n\n\n<p>Durante este tiempo, ha ocupado cargos destacados, como dirigente en organizaciones sociales como la UPREZ.<\/p>\n\n\n\n<p>Durante la gesti\u00f3n de <strong>Andr\u00e9s Manuel L\u00f3pez Obrador <\/strong>como jefe de gobierno de la <strong>Ciudad de M\u00e9xico<\/strong>, Brugada fungi\u00f3 como titular de la Procuradur\u00eda Social. Asimismo, ha desempe\u00f1ado roles como diputada local y federal, y fue parte de la Asamblea Constituyente que elabor\u00f3 la primera Constituci\u00f3n Pol\u00edtica de la CDMX.<\/p>\n\n\n\n<p>En el 2009, Brugada gan\u00f3 la elecci\u00f3n interna del PRD para ser la candidata a la delegaci\u00f3n Iztapalapa, pero una decisi\u00f3n del Tribunal Electoral federal determin\u00f3 que la abanderada del sol azteca fuera Silvia Oliva.<\/p>\n\n\n\n<p>Esto provoc\u00f3 que <strong>Andr\u00e9s Manuel L\u00f3pez Obrador<\/strong>, en un mitin en <strong>Iztapalapa<\/strong>, indicara que sus simpatizantes votar\u00e1n por el candidato del PT, que era <strong>Juan Acosta \u00c1ngeles<\/strong>, alias Juanito, para que \u00e9l ganara, renunciara para que <strong>Marcelo Ebrard<\/strong>, entonces jefe de gobierno, propusiera a Brugada como edil. Lo cual ocurri\u00f3 y fue delegada del 2009 al 2012.<\/p>\n\n\n\n<p>M\u00e1s tarde, en 2012, la pol\u00edtica renunci\u00f3 al PRD y posteriormente se sum\u00f3 a Morena, partido fundado por el actual Presidente Andr\u00e9s Manuel L\u00f3pez Obrador.<\/p>\n\n\n\n<p>En el 2018 fue electa como alcaldesa de Iztapalapa y fue reelecta en el 2021. Pidi\u00f3 licencia para ser candidata de Morena a la jefatura de gobierno de la CDMX.<\/p>\n\n\n\n<p>Fuente: <a href=\"https:\/\/www.informador.mx\/mexico\/Elecciones-2024-Quien-es-Clara-Brugada-futura-jefa-de-gobierno-de-la-CDMX-20240603-0182.html\" target=\"_blank\" rel=\"noreferrer noopener\">El Informador<\/a><\/p>\n","protected":false},"excerpt":{"rendered":"<p>Clara Brugada fue ganadora en el conteo r\u00e1pido tras la jornada electoral del 2 de junio<\/p>\n","protected":false},"author":1,"featured_media":76017,"comment_status":"open","ping_status":"open","sticky":false,"template":"","format":"standard","meta":{"site-sidebar-layout":"default","site-content-layout":"","ast-site-content-layout":"default","site-content-style":"default","site-sidebar-style":"default","ast-global-header-display":"","ast-banner-title-visibility":"","ast-main-header-display":"","ast-hfb-above-header-display":"","ast-hfb-below-header-display":"","ast-hfb-mobile-header-display":"","site-post-title":"","ast-breadcrumbs-content":"","ast-featured-img":"","footer-sml-layout":"","theme-transparent-header-meta":"","adv-header-id-meta":"","stick-header-meta":"","header-above-stick-meta":"","header-main-stick-meta":"","header-below-stick-meta":"","astra-migrate-meta-layouts":"default","ast-page-background-enabled":"default","ast-page-background-meta":{"desktop":{"background-color":"var(--ast-global-color-4)","background-image":"","background-repeat":"repeat","background-position":"center center","background-size":"auto","background-attachment":"scroll","background-type":"","background-media":"","overlay-type":"","overlay-color":"","overlay-opacity":"","overlay-gradient":""},"tablet":{"background-color":"","background-image":"","background-repeat":"repeat","background-position":"center center","background-size":"auto","background-attachment":"scroll","background-type":"","background-media":"","overlay-type":"","overlay-color":"","overlay-opacity":"","overlay-gradient":""},"mobile":{"background-color":"","background-image":"","background-repeat":"repeat","background-position":"center center","background-size":"auto","background-attachment":"scroll","background-type":"","background-media":"","overlay-type":"","overlay-color":"","overlay-opacity":"","overlay-gradient":""}},"ast-content-background-meta":{"desktop":{"background-color":"var(--ast-global-color-5)","background-image":"","background-repeat":"repeat","background-position":"center center","background-size":"auto","background-attachment":"scroll","background-type":"","background-media":"","overlay-type":"","overlay-color":"","overlay-opacity":"","overlay-gradient":""},"tablet":{"background-color":"var(--ast-global-color-5)","background-image":"","background-repeat":"repeat","background-position":"center center","background-size":"auto","background-attachment":"scroll","background-type":"","background-media":"","overlay-type":"","overlay-color":"","overlay-opacity":"","overlay-gradient":""},"mobile":{"background-color":"var(--ast-global-color-5)","background-image":"","background-repeat":"repeat","background-position":"center center","background-size":"auto","background-attachment":"scroll","background-type":"","background-media":"","overlay-type":"","overlay-color":"","overlay-opacity":"","overlay-gradient":""}},"footnotes":""},"categories":[8],"tags":[8943,20034,25777,25776],"class_list":["post-76016","post","type-post","status-publish","format-standard","has-post-thumbnail","hentry","category-noticias","tag-cdmx","tag-clara-brugada","tag-iztapalapa","tag-jefa-de-gobierno"],"_links":{"self":[{"href":"https:\/\/losperiodistas.com.mx\/portal\/wp-json\/wp\/v2\/posts\/76016","targetHints":{"allow":["GET"]}}],"collection":[{"href":"https:\/\/losperiodistas.com.mx\/portal\/wp-json\/wp\/v2\/posts"}],"about":[{"href":"https:\/\/losperiodistas.com.mx\/portal\/wp-json\/wp\/v2\/types\/post"}],"author":[{"embeddable":true,"href":"https:\/\/losperiodistas.com.mx\/portal\/wp-json\/wp\/v2\/users\/1"}],"replies":[{"embeddable":true,"href":"https:\/\/losperiodistas.com.mx\/portal\/wp-json\/wp\/v2\/comments?post=76016"}],"version-history":[{"count":1,"href":"https:\/\/losperiodistas.com.mx\/portal\/wp-json\/wp\/v2\/posts\/76016\/revisions"}],"predecessor-version":[{"id":76018,"href":"https:\/\/losperiodistas.com.mx\/portal\/wp-json\/wp\/v2\/posts\/76016\/revisions\/76018"}],"wp:featuredmedia":[{"embeddable":true,"href":"https:\/\/losperiodistas.com.mx\/portal\/wp-json\/wp\/v2\/media\/76017"}],"wp:attachment":[{"href":"https:\/\/losperiodistas.com.mx\/portal\/wp-json\/wp\/v2\/media?parent=76016"}],"wp:term":[{"taxonomy":"category","embeddable":true,"href":"https:\/\/losperiodistas.com.mx\/portal\/wp-json\/wp\/v2\/categories?post=76016"},{"taxonomy":"post_tag","embeddable":true,"href":"https:\/\/losperiodistas.com.mx\/portal\/wp-json\/wp\/v2\/tags?post=76016"}],"curies":[{"name":"wp","href":"https:\/\/api.w.org\/{rel}","templated":true}]}}