{"id":76010,"date":"2024-06-03T22:58:25","date_gmt":"2024-06-04T03:58:25","guid":{"rendered":"http:\/\/losperiodistas.com.mx\/portal\/?p=76010"},"modified":"2024-06-03T22:58:28","modified_gmt":"2024-06-04T03:58:28","slug":"sheinbaum-enfrentara-dos-grandes-amenazas-en-su-gobierno","status":"publish","type":"post","link":"https:\/\/losperiodistas.com.mx\/portal\/sheinbaum-enfrentara-dos-grandes-amenazas-en-su-gobierno\/","title":{"rendered":"Sheinbaum enfrentar\u00e1 dos grandes amenazas en su gobierno, Ricardo Raphael advierte cu\u00e1les son | Infobae"},"content":{"rendered":"\n<p>Para hacer frente a los retos de su eventual gobierno, la ex jefa de Gobierno de la CDMX tendr\u00e1 que hacer algo que L\u00f3pez Obrador no hizo, ni necesit\u00f3: pol\u00edtica, asegur\u00f3 el analista pol\u00edtico en entrevista con Infobae.<\/p>\n\n\n\n<figure class=\"wp-block-image size-large\"><img fetchpriority=\"high\" decoding=\"async\" width=\"1024\" height=\"576\" src=\"https:\/\/losperiodistas.com.mx\/portal\/wp-content\/uploads\/2024\/06\/Captura-de-pantalla-2024-06-03-201216-1024x576.png\" alt=\"Ricardo Raphael\" class=\"wp-image-76011\" srcset=\"https:\/\/losperiodistas.com.mx\/portal\/wp-content\/uploads\/2024\/06\/Captura-de-pantalla-2024-06-03-201216-1024x576.png 1024w, https:\/\/losperiodistas.com.mx\/portal\/wp-content\/uploads\/2024\/06\/Captura-de-pantalla-2024-06-03-201216-300x169.png 300w, https:\/\/losperiodistas.com.mx\/portal\/wp-content\/uploads\/2024\/06\/Captura-de-pantalla-2024-06-03-201216-768x432.png 768w, https:\/\/losperiodistas.com.mx\/portal\/wp-content\/uploads\/2024\/06\/Captura-de-pantalla-2024-06-03-201216.png 1354w\" sizes=\"(max-width: 1024px) 100vw, 1024px\" \/><figcaption>Ricardo Raphael en entrevista con Infobae M\u00e9xico (Infobae M\u00e9xico\/Diego Alva)<\/figcaption><\/figure>\n\n\n\n<p class=\"has-vivid-red-color has-text-color\">Rodrigo Guti\u00e9rrez Gonz\u00e1lez \/ Infobae<\/p>\n\n\n\n<p>Como <strong>presidenta de M\u00e9xico<\/strong>, el principal reto de <strong>Claudia Sheinbaum <\/strong>ser\u00e1 hacer <strong>pol\u00edtica de conciliaci\u00f3n<\/strong> con la oposici\u00f3n para lograr consensos que la ayuden a enfrentar las grandes amenazas al inicio de su sexenio, advirti\u00f3 el analista pol\u00edtico, <strong>Ricardo Raphael<\/strong>.<\/p>\n\n\n\n<p>Para conseguir este acercamiento, quien ser\u00e1 la primera presidenta del pa\u00eds tendr\u00e1 que poner en pr\u00e1ctica algo que el actual presidente, <strong>Andr\u00e9s Manuel L\u00f3pez Obrador<\/strong>, nunca hizo: pol\u00edtica de conciliaci\u00f3n.<\/p>\n\n\n\n<p><em>\u201cComo dice el refr\u00e1n: para bailar tango se necesitan dos\u201d<\/em>, dijo Ricardo Raphael para explicar que la <strong>pol\u00edtica de conciliaci\u00f3n<\/strong> no solo depende del oficialismo, sino tambi\u00e9n de la oposici\u00f3n, que ambos \u201cjueguen\u201d.<\/p>\n\n\n\n<p>En entrevista con <em>Infobae<\/em>, el analista pol\u00edtico defini\u00f3 las principales \u201camenazas\u201d que la virtual presidenta electa deber\u00e1 atender a corto plazo, incluso antes de tomar posesi\u00f3n.<\/p>\n\n\n\n<p>Habl\u00f3 sobre el papel de la oposici\u00f3n y sus liderazgos ante esta nueva derrota electoral y la necesidad de Sheinbaum Pardo por construir acuerdos con sus opositores.<\/p>\n\n\n\n<p>Tambi\u00e9n pronostic\u00f3 el comportamiento del actual presidente L\u00f3pez Obrador tras la elecci\u00f3n, la sucesi\u00f3n presidencial y su supuesto retir\u00f3 de la vida p\u00fablica.<\/p>\n\n\n\n<h2 class=\"wp-block-heading\">Sheinbaum necesitar\u00e1 acercarse a la oposici\u00f3n<\/h2>\n\n\n\n<figure class=\"wp-block-image size-large\"><img decoding=\"async\" width=\"1024\" height=\"579\" src=\"https:\/\/losperiodistas.com.mx\/portal\/wp-content\/uploads\/2024\/06\/Captura-de-pantalla-2024-06-03-201652-1024x579.png\" alt=\"\" class=\"wp-image-76012\" srcset=\"https:\/\/losperiodistas.com.mx\/portal\/wp-content\/uploads\/2024\/06\/Captura-de-pantalla-2024-06-03-201652-1024x579.png 1024w, https:\/\/losperiodistas.com.mx\/portal\/wp-content\/uploads\/2024\/06\/Captura-de-pantalla-2024-06-03-201652-300x170.png 300w, https:\/\/losperiodistas.com.mx\/portal\/wp-content\/uploads\/2024\/06\/Captura-de-pantalla-2024-06-03-201652-768x435.png 768w, https:\/\/losperiodistas.com.mx\/portal\/wp-content\/uploads\/2024\/06\/Captura-de-pantalla-2024-06-03-201652.png 1338w\" sizes=\"(max-width: 1024px) 100vw, 1024px\" \/><figcaption>Ricardo Raphael advierte sobre las primeras dos amenazas que enfrentar\u00e1 Sheinbaum (Infobae M\u00e9xico\/Diego Alva)<\/figcaption><\/figure>\n\n\n\n<p>Para el polit\u00f3logo,<strong> Claudia Sheinbaum<\/strong> no s\u00f3lo tendr\u00e1 que \u201c<strong>correrse al centro<\/strong>\u201d del espectro pol\u00edtico, como ya lo advirti\u00f3 el mismo presidente, sino que deber\u00e1 construir acuerdos con la oposici\u00f3n.<\/p>\n\n\n\n<p><em>\u201cVa a tener que ofrecer una hechura de la pol\u00edtica de mucho m\u00e1s alto nivel que lo que hemos visto, porque L\u00f3pez Obrador no necesit\u00f3 hacer pol\u00edtica con las oposiciones, pero la siguiente presidenta lo va a necesitar\u201d<\/em>, advirti\u00f3 Ricardo Raphael.<\/p>\n\n\n\n<p>Esta pol\u00edtica de conciliaci\u00f3n la va tener que hacer pronto, ya que \u2013para Raphael\u2013 hay dos amenazas muy serias: la primera, <strong>la violencia<\/strong>, que lleva d\u00e9cadas como la principal problem\u00e1tica del pa\u00eds.<\/p>\n\n\n\n<p>\u201c\u00bfSe puede enfrentar a poderes de fuego tan violentos con la clase pol\u00edtica dividida, fragmentada? Mi respuesta es no\u201d, explic\u00f3 el escritor y asegur\u00f3 que Claudia Sheinbaum, \u201cva a tener que hacer un enorme esfuerzo para tomar medidas de Estado que permitan pacificar el pa\u00eds\u201d.<\/p>\n\n\n\n<p>Claudia Sheinbaum tendr\u00e1 que hacer lo que AMLO nunca tuvo que hacer durante su gobierno: pol\u00edtica de conciliaci\u00f3n, explica Ricardo Raphael <a href=\"https:\/\/cdn.jwplayer.com\/previews\/4uUCOVUO\" target=\"_blank\" rel=\"noreferrer noopener\">en entrevista con Infobae<\/a><\/p>\n\n\n\n<p>La segunda amenaza tiene nombre y apellido: <strong><em>Donald Trump<\/em><\/strong>, exmandatario de Estados Unidos, que buscar\u00e1 regresar a la Casa Blanca y lo har\u00e1 repitiendo la receta de la campa\u00f1a electoral que lo hizo presidente y atacar\u00e1 nuestro pa\u00eds afectando \u2013principalmente- la econom\u00eda.<\/p>\n\n\n\n<p><strong>\u2013De ganar Claudia Sheinbaum, \u00bfcu\u00e1l ser\u00eda su primer reto, sobre todo a corto plazo?<\/strong><\/p>\n\n\n\n<p><em>\u2013<\/em>Para el segundo semestre (del 2024), en M\u00e9xico, me parece que lo m\u00e1s relevante son dos amenazas, muy serias, muy graves, que por cierto no tienen que ver con el perfil, car\u00e1cter o personalidad de quien gane, tiene que ver con las circunstancia pa\u00eds.<\/p>\n\n\n\n<p>Uno de esos grandes desaf\u00edos es Donald Trump [&#8230;] va hacer una campa\u00f1a muy dura, como la ha hecho en otras ocasiones, en contra del pa\u00eds. Va a poner la renovaci\u00f3n de nuestro acuerdo comercial con Canad\u00e1, Estados Unidos y M\u00e9xico en disputa hacia el 2025, eso puede meter al pa\u00eds un problema econ\u00f3mico muy serio, muy muy grave, porque el famoso <em>nearshoring<\/em>, porque la fortaleza de nuestro peso, porque mucha parte de nuestra planta industrial se va a ver en una presi\u00f3n muy importante, pero va a ser muy delicado.<\/p>\n\n\n\n<p>En ese sentido, me pregunto si puede un gobierno en solitario, sin hacer pol\u00edtica con las oposiciones, enfrentar este embate.<\/p>\n\n\n\n<p>Claudia Sheinbaum ver\u00e1 en la violenta campa\u00f1a electoral de Donald Trump <a href=\"https:\/\/cdn.jwplayer.com\/previews\/mQYZZRdv\" target=\"_blank\" rel=\"noreferrer noopener\">un primer reto que podr\u00e1 afectar la econom\u00eda<\/a><\/p>\n\n\n\n<p>Gane quien gane, va a tener, no solo que correrse al centro, como dijo el presidente L\u00f3pez Obrador en alguna de sus entrevistas, sino construir acuerdos pol\u00edticos entre el gobierno y las oposiciones para hacer frente, de manera reconciliada sobre aquellos temas que nos son comunes independientemente del partido donde militan.<\/p>\n\n\n\n<p>Quien gane va a tener que ofrecer una una hechura de pol\u00edtica de mucho m\u00e1s alto nivel que lo que hemos visto, porque L\u00f3pez Obrador no necesit\u00f3 hacer pol\u00edtica con las oposiciones, pero la siguiente presidenta lo va a necesitar.<\/p>\n\n\n\n<p>Casi en el mismo tenor, necesito hablar de la falta de paz en muchas regiones de nuestro pa\u00eds es decir [&#8230;] se puede enfrentar a poderes de fuego tan violentos como estos con la clase pol\u00edtica dividida fragmentada, mi respuesta es, no. Quien gane va a tener que hacer un enorme esfuerzo, un esfuerzo muscular, muy potente, justamente para tomar medidas de Estado que permitan pacificar el pa\u00eds.<\/p>\n\n\n\n<h2 class=\"wp-block-heading\">\u00bfCon qui\u00e9n va a negociar Claudia?<\/h2>\n\n\n\n<figure class=\"wp-block-image size-large\"><img decoding=\"async\" width=\"1024\" height=\"686\" src=\"https:\/\/losperiodistas.com.mx\/portal\/wp-content\/uploads\/2024\/06\/Captura-de-pantalla-2024-06-03-202058-1024x686.png\" alt=\"\" class=\"wp-image-76013\" srcset=\"https:\/\/losperiodistas.com.mx\/portal\/wp-content\/uploads\/2024\/06\/Captura-de-pantalla-2024-06-03-202058-1024x686.png 1024w, https:\/\/losperiodistas.com.mx\/portal\/wp-content\/uploads\/2024\/06\/Captura-de-pantalla-2024-06-03-202058-300x201.png 300w, https:\/\/losperiodistas.com.mx\/portal\/wp-content\/uploads\/2024\/06\/Captura-de-pantalla-2024-06-03-202058-768x514.png 768w, https:\/\/losperiodistas.com.mx\/portal\/wp-content\/uploads\/2024\/06\/Captura-de-pantalla-2024-06-03-202058.png 1196w\" sizes=\"(max-width: 1024px) 100vw, 1024px\" \/><figcaption>La pol\u00edtica de conciliaci\u00f3n no solo es parte del oficialismo, tambi\u00e9n de la oposici\u00f3n, explica Ricardo Raphael (Infobae M\u00e9xico\/Diego Alva)<\/figcaption><\/figure>\n\n\n\n<p>El analista advirti\u00f3 que tras la derrota presidencial, la oposici\u00f3n y sus liderazgos no ser\u00e1n los mismos: \u201c\u00bfQui\u00e9nes van a ser los interlocutores al d\u00eda siguiente? Porque en la derrota vienen los divorcios y X\u00f3chitl G\u00e1lvez puede simplemente bajar la cortina, irse y decir hasta \u2018aqu\u00ed llegu\u00e9\u2019 [&#8230;] y, en ese momento, \u00bfcon qui\u00e9n se dialoga?\u201d.<\/p>\n\n\n\n<p>Ricardo Raphael duda que, tras la derrota, Marko Cort\u00e9s siga al frente del PAN y Alejandro \u201cAlito\u201d Moreno haga lo propio en el PRI. Por lo que habr\u00e1 que esperar los nuevos liderazgos de la oposici\u00f3n.<\/p>\n\n\n\n<p>\u201cClaudia Sheinbaum no solamente tiene que poner en orden su casa y las fracciones de Morena, que son complicadas pero el poder va a servir para aceitar y hacer que funcione, sino tendr\u00eda que tener en orden la oposici\u00f3n para tener con quien acordar\u201d, asegur\u00f3.<\/p>\n\n\n\n<p>Claudia Sheinbaum no solo <a href=\"https:\/\/cdn.jwplayer.com\/previews\/uuM3n2Op\" target=\"_blank\" rel=\"noreferrer noopener\">tendr\u00e1 que poner orden el oficialismo, sino tambi\u00e9n en la oposici\u00f3n para <\/a>lograr acuerdos, explica Ricardo Raphael<\/p>\n\n\n\n<h2 class=\"wp-block-heading\">\u2013\u00bfY el papel de la oposici\u00f3n?<\/h2>\n\n\n\n<p>\u2013Para bailar tango se necesitan de dos, quien gane no solamente tiene que hacer una oferta de conciliaci\u00f3n, sino que necesita que la oposici\u00f3n que quede juegue tambi\u00e9n a favor de ese efecto reconciliador y aqu\u00ed la discusi\u00f3n se vuelve bien interesante porque con la actual oposici\u00f3n, la que encabeza la coalici\u00f3n PAN, PRI y PRD, qui\u00e9nes van a ser los interlocutores al d\u00eda siguiente, porque en la derrota vienen los divorcios y X\u00f3chitl Galv\u00e9z puede simplemente bajar la cortina, irse y decir \u2018hasta aqu\u00ed llegu\u00e9\u2019.<\/p>\n\n\n\n<p>En ese momento \u00bfcon qui\u00e9n se dialoga?, \u00bfcon Marko Cort\u00e9s que va fuera dentro del PAN?, \u00bfcon Jorge Romero que ser\u00eda el siguiente l\u00edder del PAN?, \u00bfcon qu\u00e9 liderazgos en el PRI se puede dialogar? Cuando incluso los exgobernadores del Estado de M\u00e9xico est\u00e1n renunciando todos, ya nada m\u00e1s falta que renuncie Enrique Pe\u00f1a Nieto para que una parte fundamental del PRI que es la del Estado de M\u00e9xico sobreviva, \u00bfser\u00e1 \u2018Alito\u2019 quien se quede?, \u00bfc\u00f3mo van a sustituir al liderazgo de Alejandro Moreno dentro del PRI?<\/p>\n\n\n\n<p>Estas preguntas son claves porque en caso de ganar Claudia Sheinbaum no solamente tiene que poner en orden su casa y las fracciones de Morena, que son complicadas pero el poder va a servir para aceitar y hacer que eso funcione, sino tendr\u00eda que tener en orden la oposici\u00f3n para tener con quien acordar.<\/p>\n\n\n\n<h2 class=\"wp-block-heading\">La sombra de AMLO<\/h2>\n\n\n\n<figure class=\"wp-block-image size-full\"><img loading=\"lazy\" decoding=\"async\" width=\"997\" height=\"667\" src=\"https:\/\/losperiodistas.com.mx\/portal\/wp-content\/uploads\/2024\/06\/Captura-de-pantalla-2024-06-03-214930.png\" alt=\"\" class=\"wp-image-76014\" srcset=\"https:\/\/losperiodistas.com.mx\/portal\/wp-content\/uploads\/2024\/06\/Captura-de-pantalla-2024-06-03-214930.png 997w, https:\/\/losperiodistas.com.mx\/portal\/wp-content\/uploads\/2024\/06\/Captura-de-pantalla-2024-06-03-214930-300x201.png 300w, https:\/\/losperiodistas.com.mx\/portal\/wp-content\/uploads\/2024\/06\/Captura-de-pantalla-2024-06-03-214930-768x514.png 768w\" sizes=\"(max-width: 997px) 100vw, 997px\" \/><figcaption>\u00bfQu\u00e9 pasar\u00e1 con AMLO tras la elecci\u00f3n?, Ricardo Raphael explica (Infobae M\u00e9xico\/Diego Alva)<\/figcaption><\/figure>\n\n\n\n<p>Ricardo Raphael no le \u201ccompra\u201d al presidente que se vaya a \u201cdescansar\u201d a su rancho en Chiapas despu\u00e9s de terminar la presidencia y ve varios escenarios en los que L\u00f3pez Obrador est\u00e9 obligado a regresar.<\/p>\n\n\n\n<p><em>\u201cNo le alcanzo a comprar (a L\u00f3pez Obrador) el argumento de que se va a retirar por completo, porque va a llegar el momento en que la responsabilidad lo va a llamar o incluso, puede llamarse enga\u00f1o, decir que es responsable cuando a lo mejor ni siquiera los ser\u00eda\u201d<\/em>, dijo el polit\u00f3logo.<\/p>\n\n\n\n<p>El periodista y escritor mencion\u00f3 que L\u00f3pez Obrador le va a dejar \u201cun margen muy amplio de acci\u00f3n\u201d a Claudia Sheinbaum por lo menos hasta la revocaci\u00f3n de mandato, es decir, los primeros tres a\u00f1os de su gobierno.<\/p>\n\n\n\n<p>\u201cCreo que (L\u00f3pez Obrador) ah\u00ed le va a dejar por lo menos tres a\u00f1os de buen recaudo (a Claudia Sheibbaum) para que haga sus propias tareas\u201d, a\u00f1adi\u00f3.<\/p>\n\n\n\n<p>Ser\u00e1 entonces que, dependiendo los arreglos que se hayan acordado dentro de Morena con miras a la sucesi\u00f3n presidencial del 2030, ser\u00e1 que \u201cpodemos verlo de vuelta, con un pie o con ninguno\u201d, explic\u00f3.<\/p>\n\n\n\n<h2 class=\"wp-block-heading\">\u2013\u00bfCu\u00e1l va a ser el peso de AMLO tras la victor\u00eda de Sheinbaum?<\/h2>\n\n\n\n<p>\u2013Si Claudia Sheinbaum gana la elecci\u00f3n, el presidente le va a dejar un margen muy amplio de acci\u00f3n, en tanto que es expresidente, por lo menos de aqu\u00ed a la Revocaci\u00f3n de Mandato. Se nos olvida que esa es una nueva regla del juego democr\u00e1tico mexicano.<\/p>\n\n\n\n<p>Si logra entenderse bien con Claudia Sheinbaum en algunas cosas m\u00ednimas, muy probablemente s\u00ed se va a ir a su rancho en Chiapas y ah\u00ed descansar\u00e1, por lo menos hasta la Revocaci\u00f3n de Mandato.<\/p>\n\n\n\n<p>Despu\u00e9s de la Revocaci\u00f3n de Mandato, dependiendo c\u00f3mo se hayan dado los arreglos dentro de Morena ,podemos verlo de vuelta, con un pie o con ninguno dentro de lo que sigue.<\/p>\n\n\n\n<p>Yo no le alcanzo a comprar el argumento que se va a retirar por completo porque va a llegar el momento en que la responsabilidad lo va a llamar o, incluso, puede llamarse enga\u00f1o, y decir que es responsable cuando a lo mejor ni siquiera ser\u00eda. Ah\u00ed le va a dejar, por lo menos tres a\u00f1os de buen recaudo, para que haga sus propias tareas.<\/p>\n\n\n\n<p>Fuente: <a href=\"https:\/\/www.infobae.com\/mexico\/2024\/06\/03\/claudia-sheinbaum-enfrentara-dos-grandes-amenazas-en-su-gobierno-ricardo-raphael-advierte-cuales-son\/\" target=\"_blank\" rel=\"noreferrer noopener\">Infobae<\/a><\/p>\n","protected":false},"excerpt":{"rendered":"<p>Para hacer frente a los retos de su eventual gobierno, la ex jefa de Gobierno de la CDMX tendr\u00e1 que hacer algo que L\u00f3pez Obrador no hizo, ni necesit\u00f3: pol\u00edtica, asegur\u00f3 el analista pol\u00edtico en entrevista con Infobae <\/p>\n","protected":false},"author":1,"featured_media":76011,"comment_status":"open","ping_status":"open","sticky":false,"template":"","format":"standard","meta":{"site-sidebar-layout":"default","site-content-layout":"","ast-site-content-layout":"default","site-content-style":"default","site-sidebar-style":"default","ast-global-header-display":"","ast-banner-title-visibility":"","ast-main-header-display":"","ast-hfb-above-header-display":"","ast-hfb-below-header-display":"","ast-hfb-mobile-header-display":"","site-post-title":"","ast-breadcrumbs-content":"","ast-featured-img":"","footer-sml-layout":"","theme-transparent-header-meta":"","adv-header-id-meta":"","stick-header-meta":"","header-above-stick-meta":"","header-main-stick-meta":"","header-below-stick-meta":"","astra-migrate-meta-layouts":"default","ast-page-background-enabled":"default","ast-page-background-meta":{"desktop":{"background-color":"var(--ast-global-color-4)","background-image":"","background-repeat":"repeat","background-position":"center center","background-size":"auto","background-attachment":"scroll","background-type":"","background-media":"","overlay-type":"","overlay-color":"","overlay-opacity":"","overlay-gradient":""},"tablet":{"background-color":"","background-image":"","background-repeat":"repeat","background-position":"center center","background-size":"auto","background-attachment":"scroll","background-type":"","background-media":"","overlay-type":"","overlay-color":"","overlay-opacity":"","overlay-gradient":""},"mobile":{"background-color":"","background-image":"","background-repeat":"repeat","background-position":"center center","background-size":"auto","background-attachment":"scroll","background-type":"","background-media":"","overlay-type":"","overlay-color":"","overlay-opacity":"","overlay-gradient":""}},"ast-content-background-meta":{"desktop":{"background-color":"var(--ast-global-color-5)","background-image":"","background-repeat":"repeat","background-position":"center center","background-size":"auto","background-attachment":"scroll","background-type":"","background-media":"","overlay-type":"","overlay-color":"","overlay-opacity":"","overlay-gradient":""},"tablet":{"background-color":"var(--ast-global-color-5)","background-image":"","background-repeat":"repeat","background-position":"center center","background-size":"auto","background-attachment":"scroll","background-type":"","background-media":"","overlay-type":"","overlay-color":"","overlay-opacity":"","overlay-gradient":""},"mobile":{"background-color":"var(--ast-global-color-5)","background-image":"","background-repeat":"repeat","background-position":"center center","background-size":"auto","background-attachment":"scroll","background-type":"","background-media":"","overlay-type":"","overlay-color":"","overlay-opacity":"","overlay-gradient":""}},"footnotes":""},"categories":[8],"tags":[25773,5257,25775,25774,13199,16903],"class_list":["post-76010","post","type-post","status-publish","format-standard","has-post-thumbnail","hentry","category-noticias","tag-amenazas","tag-donald-trump","tag-la-violencia","tag-politica-de-conciliacion","tag-ricardo-raphael","tag-sheinbaum"],"_links":{"self":[{"href":"https:\/\/losperiodistas.com.mx\/portal\/wp-json\/wp\/v2\/posts\/76010","targetHints":{"allow":["GET"]}}],"collection":[{"href":"https:\/\/losperiodistas.com.mx\/portal\/wp-json\/wp\/v2\/posts"}],"about":[{"href":"https:\/\/losperiodistas.com.mx\/portal\/wp-json\/wp\/v2\/types\/post"}],"author":[{"embeddable":true,"href":"https:\/\/losperiodistas.com.mx\/portal\/wp-json\/wp\/v2\/users\/1"}],"replies":[{"embeddable":true,"href":"https:\/\/losperiodistas.com.mx\/portal\/wp-json\/wp\/v2\/comments?post=76010"}],"version-history":[{"count":1,"href":"https:\/\/losperiodistas.com.mx\/portal\/wp-json\/wp\/v2\/posts\/76010\/revisions"}],"predecessor-version":[{"id":76015,"href":"https:\/\/losperiodistas.com.mx\/portal\/wp-json\/wp\/v2\/posts\/76010\/revisions\/76015"}],"wp:featuredmedia":[{"embeddable":true,"href":"https:\/\/losperiodistas.com.mx\/portal\/wp-json\/wp\/v2\/media\/76011"}],"wp:attachment":[{"href":"https:\/\/losperiodistas.com.mx\/portal\/wp-json\/wp\/v2\/media?parent=76010"}],"wp:term":[{"taxonomy":"category","embeddable":true,"href":"https:\/\/losperiodistas.com.mx\/portal\/wp-json\/wp\/v2\/categories?post=76010"},{"taxonomy":"post_tag","embeddable":true,"href":"https:\/\/losperiodistas.com.mx\/portal\/wp-json\/wp\/v2\/tags?post=76010"}],"curies":[{"name":"wp","href":"https:\/\/api.w.org\/{rel}","templated":true}]}}