{"id":76007,"date":"2024-06-03T20:30:56","date_gmt":"2024-06-04T01:30:56","guid":{"rendered":"http:\/\/losperiodistas.com.mx\/portal\/?p=76007"},"modified":"2024-06-03T20:30:58","modified_gmt":"2024-06-04T01:30:58","slug":"donde-ver-el-partido-amistoso-mexico-vs-uruguay","status":"publish","type":"post","link":"https:\/\/losperiodistas.com.mx\/portal\/donde-ver-el-partido-amistoso-mexico-vs-uruguay\/","title":{"rendered":"M\u00e9xico vs Uruguay \u00bfD\u00f3nde ver en TV, online y hora del partido amistoso internacional? | Fox Sports"},"content":{"rendered":"\n<p>A continuaci\u00f3n te compartimos detalles sobre el encuentro entre M\u00e9xico y Uruguay previo a la Copa Am\u00e9rica<\/p>\n\n\n\n<figure class=\"wp-block-image size-large\"><img fetchpriority=\"high\" decoding=\"async\" width=\"1024\" height=\"645\" src=\"https:\/\/losperiodistas.com.mx\/portal\/wp-content\/uploads\/2024\/06\/Captura-de-pantalla-2024-06-03-192040-1024x645.png\" alt=\"M\u00e9xico vs Uruguay\" class=\"wp-image-76008\" srcset=\"https:\/\/losperiodistas.com.mx\/portal\/wp-content\/uploads\/2024\/06\/Captura-de-pantalla-2024-06-03-192040-1024x645.png 1024w, https:\/\/losperiodistas.com.mx\/portal\/wp-content\/uploads\/2024\/06\/Captura-de-pantalla-2024-06-03-192040-300x189.png 300w, https:\/\/losperiodistas.com.mx\/portal\/wp-content\/uploads\/2024\/06\/Captura-de-pantalla-2024-06-03-192040-768x484.png 768w, https:\/\/losperiodistas.com.mx\/portal\/wp-content\/uploads\/2024\/06\/Captura-de-pantalla-2024-06-03-192040.png 1094w\" sizes=\"(max-width: 1024px) 100vw, 1024px\" \/><figcaption>M\u00e9xico vs Uruguay &#8211; Partido Amistoso Internacional <\/figcaption><\/figure>\n\n\n\n<p class=\"has-vivid-red-color has-text-color\">Redacci\u00f3n \/ Fox Sports<\/p>\n\n\n\n<p><strong>M\u00e9xico <\/strong>tendr\u00e1 su segundo <strong>partido amistoso internacional<\/strong> en los Estados Unidos de cara a su participaci\u00f3n en la <strong>Copa Am\u00e9rica 2024<\/strong>. El Tri se medir\u00e1 ante su similar de <strong>Uruguay<\/strong>, en lo que pretende ser una prueba importante para <strong>Jaime Lozano<\/strong> y los seleccionados mexicanos. A continuaci\u00f3n te compartimos <strong>d\u00f3nde ver<\/strong> el encuentro <strong>EN VIVO<\/strong> por <strong>TV <\/strong>y <strong>online<\/strong>, as\u00ed como su <strong>horario.<\/strong><\/p>\n\n\n\n<p>En el primer juego de la misma \u00edndole,<strong> \u2018Jimmy\u2019<\/strong> hizo muchos cambios para darle oportunidad a j\u00f3venes y poder verlos en un nivel alto. L<strong>a Selecci\u00f3n Mexicana <\/strong>derrot\u00f3 por la m\u00ednima a Bolivia, siendo su primera prueba frente a un equipo sudamericano.<\/p>\n\n\n\n<h2 class=\"wp-block-heading\"><strong>Antecedentes de M\u00e9xico vs Uruguay<\/strong><\/h2>\n\n\n\n<p>Los \u00faltimos diez partidos entre <strong>M\u00e9xico <\/strong>y <strong>Uruguay <\/strong>en toda competencia tiene saldo a favor de la Celeste con una ligera ventaja sobre el Tri con cinco triunfos, cuatro derrotas y un empate en total.<\/p>\n\n\n\n<ul class=\"wp-block-list\"><li><strong>Uruguay <\/strong>3-0 M\u00e9xico | Partido amistoso internacional &#8211; 2022<\/li><li><strong>Uruguay <\/strong>4-1 M\u00e9xico | Partido amistoso internacional &#8211; 2018<\/li><li><strong>M\u00e9xico <\/strong>3-1 Uruguay | Copa Am\u00e9rica &#8211; 2016<\/li><li><strong>Uruguay <\/strong>1-0 M\u00e9xico | Copa Am\u00e9rica &#8211; 2011<\/li><li><strong>Uruguay <\/strong>1-0 M\u00e9xico | Copa del Mundo &#8211; 2010<\/li><li><strong>M\u00e9xico <\/strong>3-1 Uruguay | Copa Am\u00e9rica &#8211; 2007<\/li><li><strong>M\u00e9xico <\/strong>3-1 Uruguay | Partido amistoso internacional &#8211; 2005<\/li><li>M\u00e9xico 2-2 Uruguay | Copa Am\u00e9rica &#8211; 2004<\/li><li><strong>Uruguay <\/strong>2-0 M\u00e9xico | Partido amistoso internacional &#8211; 2003<\/li><li><strong>M\u00e9xico <\/strong>2-1 Uruguay | Copa Am\u00e9rica &#8211; 2001<\/li><\/ul>\n\n\n\n<h2 class=\"wp-block-heading\"><strong>D\u00eda, horario, sede y transmisi\u00f3n del partido amistoso internacional M\u00e9xico vs Uruguay<\/strong><\/h2>\n\n\n\n<p>El <strong>partido amistoso internacional M\u00e9xico vs Uruguay<\/strong> es el <strong>d\u00eda mi\u00e9rcoles 5 de junio del 2024<\/strong> desde la sede del Empower Field at Mile High Stadium de Denver, en Estados Unidos, con <strong>horario <\/strong>en punto de las 19.00 horas, hora local; a trav\u00e9s de la <strong>transmisi\u00f3n <\/strong>en <strong>TV <\/strong>por <em>TUDN, Canal 5 y Canal 7<\/em>, adem\u00e1s puedes verlo v\u00eda <strong>online <\/strong>en <em>ViX<\/em>.<\/p>\n","protected":false},"excerpt":{"rendered":"<p>A continuaci\u00f3n te compartimos detalles sobre el encuentro entre M\u00e9xico y Uruguay previo a la Copa Am\u00e9rica<\/p>\n","protected":false},"author":1,"featured_media":76008,"comment_status":"open","ping_status":"open","sticky":false,"template":"","format":"standard","meta":{"site-sidebar-layout":"default","site-content-layout":"","ast-site-content-layout":"default","site-content-style":"default","site-sidebar-style":"default","ast-global-header-display":"","ast-banner-title-visibility":"","ast-main-header-display":"","ast-hfb-above-header-display":"","ast-hfb-below-header-display":"","ast-hfb-mobile-header-display":"","site-post-title":"","ast-breadcrumbs-content":"","ast-featured-img":"","footer-sml-layout":"","theme-transparent-header-meta":"","adv-header-id-meta":"","stick-header-meta":"","header-above-stick-meta":"","header-main-stick-meta":"","header-below-stick-meta":"","astra-migrate-meta-layouts":"default","ast-page-background-enabled":"default","ast-page-background-meta":{"desktop":{"background-color":"var(--ast-global-color-4)","background-image":"","background-repeat":"repeat","background-position":"center center","background-size":"auto","background-attachment":"scroll","background-type":"","background-media":"","overlay-type":"","overlay-color":"","overlay-opacity":"","overlay-gradient":""},"tablet":{"background-color":"","background-image":"","background-repeat":"repeat","background-position":"center center","background-size":"auto","background-attachment":"scroll","background-type":"","background-media":"","overlay-type":"","overlay-color":"","overlay-opacity":"","overlay-gradient":""},"mobile":{"background-color":"","background-image":"","background-repeat":"repeat","background-position":"center center","background-size":"auto","background-attachment":"scroll","background-type":"","background-media":"","overlay-type":"","overlay-color":"","overlay-opacity":"","overlay-gradient":""}},"ast-content-background-meta":{"desktop":{"background-color":"var(--ast-global-color-5)","background-image":"","background-repeat":"repeat","background-position":"center center","background-size":"auto","background-attachment":"scroll","background-type":"","background-media":"","overlay-type":"","overlay-color":"","overlay-opacity":"","overlay-gradient":""},"tablet":{"background-color":"var(--ast-global-color-5)","background-image":"","background-repeat":"repeat","background-position":"center center","background-size":"auto","background-attachment":"scroll","background-type":"","background-media":"","overlay-type":"","overlay-color":"","overlay-opacity":"","overlay-gradient":""},"mobile":{"background-color":"var(--ast-global-color-5)","background-image":"","background-repeat":"repeat","background-position":"center center","background-size":"auto","background-attachment":"scroll","background-type":"","background-media":"","overlay-type":"","overlay-color":"","overlay-opacity":"","overlay-gradient":""}},"footnotes":""},"categories":[8],"tags":[],"class_list":["post-76007","post","type-post","status-publish","format-standard","has-post-thumbnail","hentry","category-noticias"],"_links":{"self":[{"href":"https:\/\/losperiodistas.com.mx\/portal\/wp-json\/wp\/v2\/posts\/76007","targetHints":{"allow":["GET"]}}],"collection":[{"href":"https:\/\/losperiodistas.com.mx\/portal\/wp-json\/wp\/v2\/posts"}],"about":[{"href":"https:\/\/losperiodistas.com.mx\/portal\/wp-json\/wp\/v2\/types\/post"}],"author":[{"embeddable":true,"href":"https:\/\/losperiodistas.com.mx\/portal\/wp-json\/wp\/v2\/users\/1"}],"replies":[{"embeddable":true,"href":"https:\/\/losperiodistas.com.mx\/portal\/wp-json\/wp\/v2\/comments?post=76007"}],"version-history":[{"count":1,"href":"https:\/\/losperiodistas.com.mx\/portal\/wp-json\/wp\/v2\/posts\/76007\/revisions"}],"predecessor-version":[{"id":76009,"href":"https:\/\/losperiodistas.com.mx\/portal\/wp-json\/wp\/v2\/posts\/76007\/revisions\/76009"}],"wp:featuredmedia":[{"embeddable":true,"href":"https:\/\/losperiodistas.com.mx\/portal\/wp-json\/wp\/v2\/media\/76008"}],"wp:attachment":[{"href":"https:\/\/losperiodistas.com.mx\/portal\/wp-json\/wp\/v2\/media?parent=76007"}],"wp:term":[{"taxonomy":"category","embeddable":true,"href":"https:\/\/losperiodistas.com.mx\/portal\/wp-json\/wp\/v2\/categories?post=76007"},{"taxonomy":"post_tag","embeddable":true,"href":"https:\/\/losperiodistas.com.mx\/portal\/wp-json\/wp\/v2\/tags?post=76007"}],"curies":[{"name":"wp","href":"https:\/\/api.w.org\/{rel}","templated":true}]}}