{"id":75998,"date":"2024-06-03T19:53:42","date_gmt":"2024-06-04T00:53:42","guid":{"rendered":"http:\/\/losperiodistas.com.mx\/portal\/?p=75998"},"modified":"2024-06-03T19:53:44","modified_gmt":"2024-06-04T00:53:44","slug":"galvez-anuncia-impugnaciones-por-competencia-desigual-y-crimen-organizado","status":"publish","type":"post","link":"https:\/\/losperiodistas.com.mx\/portal\/galvez-anuncia-impugnaciones-por-competencia-desigual-y-crimen-organizado\/","title":{"rendered":"X\u00f3chitl G\u00e1lvez anuncia impugnaciones por competencia desigual y crimen organizado | Forbes"},"content":{"rendered":"\n<p>La candidata del PRI, PAN y PRD dice que no se puede permitir que M\u00e9xico tenga otra elecci\u00f3n igual.<\/p>\n\n\n\n<figure class=\"wp-block-image size-large\"><img fetchpriority=\"high\" decoding=\"async\" width=\"1024\" height=\"574\" src=\"https:\/\/losperiodistas.com.mx\/portal\/wp-content\/uploads\/2024\/06\/Captura-de-pantalla-2024-06-03-184917-1024x574.png\" alt=\"X\u00f3chitl G\u00e1lvez\" class=\"wp-image-76000\" srcset=\"https:\/\/losperiodistas.com.mx\/portal\/wp-content\/uploads\/2024\/06\/Captura-de-pantalla-2024-06-03-184917-1024x574.png 1024w, https:\/\/losperiodistas.com.mx\/portal\/wp-content\/uploads\/2024\/06\/Captura-de-pantalla-2024-06-03-184917-300x168.png 300w, https:\/\/losperiodistas.com.mx\/portal\/wp-content\/uploads\/2024\/06\/Captura-de-pantalla-2024-06-03-184917-768x431.png 768w, https:\/\/losperiodistas.com.mx\/portal\/wp-content\/uploads\/2024\/06\/Captura-de-pantalla-2024-06-03-184917.png 1278w\" sizes=\"(max-width: 1024px) 100vw, 1024px\" \/><figcaption>Foto: EFE<\/figcaption><\/figure>\n\n\n\n<p>X\u00f3chitl G\u00e1lvez, candidata presidencial de la coalici\u00f3n entre el PRI, PAN y PRD, anunci\u00f3 que presentar\u00e1 impugnaciones que prueban que hubo una competencia electoral desigual, y que el crimen organizado intervino al amenazar y asesinar a aspirantes y candidatos.<\/p>\n\n\n\n<p>\u201cTodos sab\u00edamos que nos enfrent\u00e1bamos a una competencia desigual contra todo el aparato del Estado dedicado a favorecer a su candidata\u201d, manifest\u00f3 a trav\u00e9s de su cuenta en la red social X.&nbsp;<\/p>\n\n\n\n<p>\u201cTodos nos dimos cuenta de c\u00f3mo el crimen organizado se hizo presente amenazando e incluso asesinando a decenas de aspirantes y candidatos\u201d, agreg\u00f3 X\u00f3chitl G\u00e1lvez.<\/p>\n\n\n\n<p>Dijo que impugnar\u00e1 porque no se puede permitir que M\u00e9xico tenga otra elecci\u00f3n igual.<\/p>\n\n\n\n<p>\u201cHoy m\u00e1s que nunca debemos defender nuestra democracia y nuestra rep\u00fablica. Los contrapesos y la divisi\u00f3n de poderes siguen en riesgo\u201d, asegur\u00f3.\u00a0<\/p>\n\n\n\n<p>X\u00f3chitl G\u00e1lvez afirm\u00f3 que este debe ser \u201cun gran momento de unidad para quienes creemos en la vida, la verdad y la libertad\u201d.<\/p>\n\n\n\n<p>Asegur\u00f3 que \u201cbuscar\u00e1n dividirnos y desalentarnos pero no podemos darnos el lujo de claudicar. Sigamos nuestra lucha por ti, por tu familia y por M\u00e9xico\u201d.<\/p>\n\n\n\n<p>\u201cSomos la resistencia y debemos hacer lo que nos toca: defender M\u00e9xico del autoritarismo y el mal gobierno. Viva M\u00e9xico\u201d, asever\u00f3.<\/p>\n\n\n\n<p>X\u00f3chitl G\u00e1lvez agreg\u00f3 que reconoci\u00f3 su derrota frente a Claudia Sheinbaum, candidata de Morena, porque es una dem\u00f3crata y cree en las instituciones.<\/p>\n\n\n\n<p>Dijo que conf\u00eda en el conteo r\u00e1pido del INE, \u201cun ejercicio estad\u00edstico elaborado por los mejores cient\u00edficos de datos del pa\u00eds\u201d.<\/p>\n\n\n\n<p>\u201cS\u00e9 que los resultados nos causan sorpresa y por ello debemos analizar lo que sucedi\u00f3\u201d, apunt\u00f3.<\/p>\n\n\n\n<blockquote class=\"twitter-tweet\"><p lang=\"es\" dir=\"ltr\">Quiero empezar este mensaje con un GRACIAS a todas y todos los mexicanos que se atrevieron a so\u00f1ar y se unieron a este gran movimiento. <br><br>Fui una candidata elegida por los ciudadanos y mujeres y hombres de bien. A donde ustedes ciudadanos libres decidan ir, iremos. <br><br>S\u00e9 que hay\u2026<\/p>&mdash; X\u00f3chitl G\u00e1lvez Ruiz (@XochitlGalvez) <a href=\"https:\/\/twitter.com\/XochitlGalvez\/status\/1797708622840869083?ref_src=twsrc%5Etfw\">June 3, 2024<\/a><\/blockquote> <script async src=\"https:\/\/platform.twitter.com\/widgets.js\" charset=\"utf-8\"><\/script> \n\n\n\n<p>Fuente: <a href=\"https:\/\/www.forbes.com.mx\/xochitl-galvez-anuncia-impugnaciones-por-competencia-desigual-y-crimen-organizado\/\" target=\"_blank\" rel=\"noreferrer noopener\">Forbes<\/a><\/p>\n","protected":false},"excerpt":{"rendered":"<p>La candidata del PRI, PAN y PRD dice que no se puede permitir que M\u00e9xico tenga otra elecci\u00f3n igual. <\/p>\n","protected":false},"author":1,"featured_media":76000,"comment_status":"open","ping_status":"open","sticky":false,"template":"","format":"standard","meta":{"site-sidebar-layout":"default","site-content-layout":"","ast-site-content-layout":"default","site-content-style":"default","site-sidebar-style":"default","ast-global-header-display":"","ast-banner-title-visibility":"","ast-main-header-display":"","ast-hfb-above-header-display":"","ast-hfb-below-header-display":"","ast-hfb-mobile-header-display":"","site-post-title":"","ast-breadcrumbs-content":"","ast-featured-img":"","footer-sml-layout":"","theme-transparent-header-meta":"","adv-header-id-meta":"","stick-header-meta":"","header-above-stick-meta":"","header-main-stick-meta":"","header-below-stick-meta":"","astra-migrate-meta-layouts":"default","ast-page-background-enabled":"default","ast-page-background-meta":{"desktop":{"background-color":"var(--ast-global-color-4)","background-image":"","background-repeat":"repeat","background-position":"center center","background-size":"auto","background-attachment":"scroll","background-type":"","background-media":"","overlay-type":"","overlay-color":"","overlay-opacity":"","overlay-gradient":""},"tablet":{"background-color":"","background-image":"","background-repeat":"repeat","background-position":"center center","background-size":"auto","background-attachment":"scroll","background-type":"","background-media":"","overlay-type":"","overlay-color":"","overlay-opacity":"","overlay-gradient":""},"mobile":{"background-color":"","background-image":"","background-repeat":"repeat","background-position":"center center","background-size":"auto","background-attachment":"scroll","background-type":"","background-media":"","overlay-type":"","overlay-color":"","overlay-opacity":"","overlay-gradient":""}},"ast-content-background-meta":{"desktop":{"background-color":"var(--ast-global-color-5)","background-image":"","background-repeat":"repeat","background-position":"center center","background-size":"auto","background-attachment":"scroll","background-type":"","background-media":"","overlay-type":"","overlay-color":"","overlay-opacity":"","overlay-gradient":""},"tablet":{"background-color":"var(--ast-global-color-5)","background-image":"","background-repeat":"repeat","background-position":"center center","background-size":"auto","background-attachment":"scroll","background-type":"","background-media":"","overlay-type":"","overlay-color":"","overlay-opacity":"","overlay-gradient":""},"mobile":{"background-color":"var(--ast-global-color-5)","background-image":"","background-repeat":"repeat","background-position":"center center","background-size":"auto","background-attachment":"scroll","background-type":"","background-media":"","overlay-type":"","overlay-color":"","overlay-opacity":"","overlay-gradient":""}},"footnotes":""},"categories":[8],"tags":[3625,15422,248,3445,14772],"class_list":["post-75998","post","type-post","status-publish","format-standard","has-post-thumbnail","hentry","category-noticias","tag-crimen-organizado","tag-impugnaciones","tag-pan","tag-prd","tag-xochitl-galvez"],"_links":{"self":[{"href":"https:\/\/losperiodistas.com.mx\/portal\/wp-json\/wp\/v2\/posts\/75998","targetHints":{"allow":["GET"]}}],"collection":[{"href":"https:\/\/losperiodistas.com.mx\/portal\/wp-json\/wp\/v2\/posts"}],"about":[{"href":"https:\/\/losperiodistas.com.mx\/portal\/wp-json\/wp\/v2\/types\/post"}],"author":[{"embeddable":true,"href":"https:\/\/losperiodistas.com.mx\/portal\/wp-json\/wp\/v2\/users\/1"}],"replies":[{"embeddable":true,"href":"https:\/\/losperiodistas.com.mx\/portal\/wp-json\/wp\/v2\/comments?post=75998"}],"version-history":[{"count":2,"href":"https:\/\/losperiodistas.com.mx\/portal\/wp-json\/wp\/v2\/posts\/75998\/revisions"}],"predecessor-version":[{"id":76001,"href":"https:\/\/losperiodistas.com.mx\/portal\/wp-json\/wp\/v2\/posts\/75998\/revisions\/76001"}],"wp:featuredmedia":[{"embeddable":true,"href":"https:\/\/losperiodistas.com.mx\/portal\/wp-json\/wp\/v2\/media\/76000"}],"wp:attachment":[{"href":"https:\/\/losperiodistas.com.mx\/portal\/wp-json\/wp\/v2\/media?parent=75998"}],"wp:term":[{"taxonomy":"category","embeddable":true,"href":"https:\/\/losperiodistas.com.mx\/portal\/wp-json\/wp\/v2\/categories?post=75998"},{"taxonomy":"post_tag","embeddable":true,"href":"https:\/\/losperiodistas.com.mx\/portal\/wp-json\/wp\/v2\/tags?post=75998"}],"curies":[{"name":"wp","href":"https:\/\/api.w.org\/{rel}","templated":true}]}}