{"id":75985,"date":"2024-06-03T20:08:56","date_gmt":"2024-06-04T01:08:56","guid":{"rendered":"https:\/\/losperiodistas.com.mx\/portal\/?p=75985"},"modified":"2024-06-03T20:08:58","modified_gmt":"2024-06-04T01:08:58","slug":"opinion-lawfare-o-la-guerra-en-contra-de-la-cfe","status":"publish","type":"post","link":"https:\/\/losperiodistas.com.mx\/portal\/opinion-lawfare-o-la-guerra-en-contra-de-la-cfe\/","title":{"rendered":"Opini\u00f3n | Lawfare o la guerra en contra de la CFE"},"content":{"rendered":"\n<p><\/p>\n\n\n\n<p class=\"has-medium-font-size\">*T\u00e9cnica que consiste en utilizar la ley y los tribunales para liquidar al enemigo pol\u00edtico<\/p>\n\n\n\n<p><\/p>\n\n\n\n<figure class=\"wp-block-image size-full\"><img fetchpriority=\"high\" decoding=\"async\" width=\"1024\" height=\"600\" src=\"https:\/\/losperiodistas.com.mx\/portal\/wp-content\/uploads\/2024\/06\/DON-MANUEL-BARTLETT.webp\" alt=\"\" class=\"wp-image-76005\" srcset=\"https:\/\/losperiodistas.com.mx\/portal\/wp-content\/uploads\/2024\/06\/DON-MANUEL-BARTLETT.webp 1024w, https:\/\/losperiodistas.com.mx\/portal\/wp-content\/uploads\/2024\/06\/DON-MANUEL-BARTLETT-300x176.webp 300w, https:\/\/losperiodistas.com.mx\/portal\/wp-content\/uploads\/2024\/06\/DON-MANUEL-BARTLETT-768x450.webp 768w\" sizes=\"(max-width: 1024px) 100vw, 1024px\" \/><\/figure>\n\n\n\n<p class=\"has-vivid-red-color has-text-color\" style=\"font-size:26px\"><strong><em>Por Ra\u00fal Torres Salmer\u00f3n<\/em><\/strong><\/p>\n\n\n\n<p>El Director de la Comisi\u00f3n Federal de Electricidad (CFE), Manuel Bartlett D\u00edaz lo advirti\u00f3 hace alg\u00fan tiempo, que la CFE libra una guerra en contra de una trampa jur\u00eddica conocida como el lawfare o guerra judicial, que seg\u00fan Arantxa Tirado, es una t\u00e9cnica que consiste en utilizar la ley y los tribunales para liquidar a un enemigo pol\u00edtico, en este caso la CFE.<\/p>\n\n\n\n<p>La \u00faltima advertencia la hizo Bartlett al comparecer ante comisiones en la C\u00e1mara de Diputados, el pasado 14 de noviembre del a\u00f1o pasado, con motivo del an\u00e1lisis del 5\u00ba Informe de Gobierno del Presidente Andr\u00e9s Manuel L\u00f3pez Obrador.<\/p>\n\n\n\n<p>Se\u00f1al\u00f3 como antecedente que AMLO le encomend\u00f3 rescatar a la Comisi\u00f3n Federal de Electricidad del marco jur\u00eddico de la reforma energ\u00e9tica aprobado por el r\u00e9gimen anterior, claudicaci\u00f3n ante los intereses hegem\u00f3nicos pues dise\u00f1aron la desaparici\u00f3n de la empresa nacional CFE para apoderarse del sistema el\u00e9ctrico como negocio privado transnacional.<\/p>\n\n\n\n<p>Expres\u00f3 que al inicio de la administraci\u00f3n se ten\u00eda una proyecci\u00f3n fatalista del futuro de la CFE, del 62 por ciento que generaba antes de la reforma de 2013 se reducir\u00eda a un irrelevante 16 por ciento para el 2024.<\/p>\n\n\n\n<p>No se estableci\u00f3 un sistema de mercado como afirman, se impusieron monopolios privados a expensas del sistema el\u00e9ctrico, ejemplos, las sociedades de autom\u00e1tico con sus m\u00e1s de 77 mil socios simulados, que en realidad son clientes, que venden energ\u00eda ilegalmente en un mercado negro.<\/p>\n\n\n\n<p>Los modelos anteriores concentraban el 43 por ciento del falso mercado, columna vertebral de la reforma energ\u00e9tica. Completa el esquema la trampa jur\u00eddica conocida el lawfare o guerra judicial, que seg\u00fan Arantxa Tirado, es una t\u00e9cnica que consiste en utilizar la ley y los tribunales para liquidar a un enemigo pol\u00edtico, en este caso, la CFE.<\/p>\n\n\n\n<p>Ar\u00e1nzazu \u2018Arantxa\u2019 Tirado S\u00e1nchez, nacida en Barcelona en 1978,\u200b es una polit\u00f3loga especializada en Am\u00e9rica Latina. Estudi\u00f3 en la Universidad Aut\u00f3noma de Barcelona (UAB) y se doctor\u00f3 en la Universidad Nacional Aut\u00f3noma de M\u00e9xico (UNAM). Es autora de varios libros, entre ellos El Lawfare. Golpes de Estado en Nombre de la Ley, publicado en 2021 y abarca los or\u00edgenes de esta guerra en los golpes de estado de EU en Am\u00e9rica Latina durante el siglo XX.<\/p>\n\n\n\n<p>El mecanismo utilizado en contra de la CFE, se compone de tres dimensiones estrat\u00e9gicas:<\/p>\n\n\n\n<p>Primero, la parte acusadora. Asignada a la COFECE, \u00f3rgano constitucional supuestamente aut\u00f3nomo que bajo la argucia de asegurar la libre competencia cuestiona y demanda cada acci\u00f3n de la empresa p\u00fablica pero cuando legalmente le requerimos revisar los evidentes monopolios privados se neg\u00f3 a iniciar siguiera una investigaci\u00f3n.<\/p>\n\n\n\n<p>Segundo, la parte juzgadora. Los juzgados y tribunales en competencia econ\u00f3mica creados en 2013 son un entramado supuestamente legal, pero en realidad ilegal ya que protegen y garantizan los privilegios de los participantes privados.<\/p>\n\n\n\n<p>El tercer elemento de esta guerra son los medios de comunicaci\u00f3n. Su funci\u00f3n concertada y pagada es atacar sin sustento al enemigo, descalificarlo, calumniarlo para debilitarlo ante la opini\u00f3n p\u00fablica. Son instrumentos de guerra las noticias falsas y difamaciones que desacreditan a la CFE y a sus directivos. Se reproducen diariamente desde hace cinco a\u00f1os.<\/p>\n\n\n\n<p>Acudimos al derecho constitucional de r\u00e9plica a los medios de comunicaci\u00f3n enviando 308 aclaraciones sobre falsedades publicadas, pero las ignoran, garantizando as\u00ed su propia impunidad.<\/p>\n\n\n\n<p>Pese a este perverso escenario, donde se ha emprendido el rescate ordenado por el presidente, gracias a su extraordinaria fortaleza social y pol\u00edtica, hemos logrado superar la trampa.<\/p>\n\n\n\n<p>Bartlett D\u00edaz se\u00f1al\u00f3 el a\u00f1o pasado que la reforma energ\u00e9tica antinacional y extranjerizante sigue viva, tambi\u00e9n los intereses olig\u00e1rquicos con sus ambiciones de hacerse de la electricidad como un negocio privado transnacional. Hasta aqu\u00ed la denuncia del ex Gobernador de Puebla.<\/p>\n\n\n\n<p>Pero ahora a futuro, una vez que gan\u00f3 Claudia Sheinbaum por Morena la elecci\u00f3n presidencial y obtuvo el partido la mayor\u00eda en la C\u00e1mara de Diputados y el Senado de la Rep\u00fablica, ser\u00e1 posible echar abajo la reforma energ\u00e9tica.<\/p>\n\n\n\n<p>Solamente el tiempo por venir y la decisi\u00f3n de la futura Presidenta Sheinbaum, fortalecer\u00e1 apun m\u00e1s a la CFE. &nbsp;<\/p>\n\n\n\n<p>EL ORIGEN DE LAWFARE<\/p>\n\n\n\n<p>Seg\u00fan el peri\u00f3dico El Mundo de Espa\u00f1a, la palabra inglesa lawfare est\u00e1 formada por law (ley) y warfare (guerra). El t\u00e9rmino naci\u00f3 en el \u00e1mbito militar para describir un m\u00e9todo de guerra asim\u00e9trica no convencional en el que la ley es usada como un medio para conseguir un objetivo militar, explica la Fundaci\u00f3n del Espa\u00f1ol Urgente.<\/p>\n\n\n\n<p>No obstante, la definici\u00f3n actual de lawfare es el \u00abuso de acciones legales para causar problemas a un oponente\u00bb, de acuerdo con el Cambridge English Dictionary. Por su parte, el diccionario de Oxford precisa que el t\u00e9rmino designa \u00abacciones judiciales emprendidas como parte de una campa\u00f1a en contra de un pa\u00eds o grupo\u00bb.<\/p>\n\n\n\n<p>Aunque se traduce del ingl\u00e9s como \u00abguerra jur\u00eddica\u00bb, desde la Fundaci\u00f3n proponen el uso de otras expresiones, como \u00abpersecuci\u00f3n judicial\u00bb, \u00abinstrumentalizaci\u00f3n de la Justicia\u00bb o \u00abjudicializaci\u00f3n de la pol\u00edtica\u00bb.<\/p>\n\n\n\n<p>En fin, como escribi\u00f3 Octavio Paz (M\u00e9xico, 1914-1998), en su poema Hermosura que Vuelve:<\/p>\n\n\n\n<p>El tel\u00f3n de este mundo se abre en dos.<\/p>\n\n\n\n<p>Cesa la vieja oposici\u00f3n entre verdad y f\u00e1bula,<\/p>\n\n\n\n<p>apariencia y realidad celebran al fin sus bodas,<\/p>\n\n\n\n<p>sobre las cenizas de las mentirosas evidencias<\/p>\n\n\n\n<p>se levanta una columna de seda y electricidad,<\/p>\n\n\n\n<p>un pausado chorro de belleza.<\/p>\n\n\n\n<p>raultorress@hotmail.com<\/p>\n","protected":false},"excerpt":{"rendered":"<p>*T\u00e9cnica que consiste en utilizar la ley y los tribunales para liquidar al enemigo pol\u00edtico Por Ra\u00fal Torres Salmer\u00f3n El [&hellip;]<\/p>\n","protected":false},"author":1,"featured_media":76005,"comment_status":"open","ping_status":"open","sticky":false,"template":"","format":"standard","meta":{"site-sidebar-layout":"default","site-content-layout":"","ast-site-content-layout":"default","site-content-style":"default","site-sidebar-style":"default","ast-global-header-display":"","ast-banner-title-visibility":"","ast-main-header-display":"","ast-hfb-above-header-display":"","ast-hfb-below-header-display":"","ast-hfb-mobile-header-display":"","site-post-title":"","ast-breadcrumbs-content":"","ast-featured-img":"","footer-sml-layout":"","theme-transparent-header-meta":"","adv-header-id-meta":"","stick-header-meta":"","header-above-stick-meta":"","header-main-stick-meta":"","header-below-stick-meta":"","astra-migrate-meta-layouts":"default","ast-page-background-enabled":"default","ast-page-background-meta":{"desktop":{"background-color":"var(--ast-global-color-4)","background-image":"","background-repeat":"repeat","background-position":"center center","background-size":"auto","background-attachment":"scroll","background-type":"","background-media":"","overlay-type":"","overlay-color":"","overlay-opacity":"","overlay-gradient":""},"tablet":{"background-color":"","background-image":"","background-repeat":"repeat","background-position":"center center","background-size":"auto","background-attachment":"scroll","background-type":"","background-media":"","overlay-type":"","overlay-color":"","overlay-opacity":"","overlay-gradient":""},"mobile":{"background-color":"","background-image":"","background-repeat":"repeat","background-position":"center center","background-size":"auto","background-attachment":"scroll","background-type":"","background-media":"","overlay-type":"","overlay-color":"","overlay-opacity":"","overlay-gradient":""}},"ast-content-background-meta":{"desktop":{"background-color":"var(--ast-global-color-5)","background-image":"","background-repeat":"repeat","background-position":"center center","background-size":"auto","background-attachment":"scroll","background-type":"","background-media":"","overlay-type":"","overlay-color":"","overlay-opacity":"","overlay-gradient":""},"tablet":{"background-color":"var(--ast-global-color-5)","background-image":"","background-repeat":"repeat","background-position":"center center","background-size":"auto","background-attachment":"scroll","background-type":"","background-media":"","overlay-type":"","overlay-color":"","overlay-opacity":"","overlay-gradient":""},"mobile":{"background-color":"var(--ast-global-color-5)","background-image":"","background-repeat":"repeat","background-position":"center center","background-size":"auto","background-attachment":"scroll","background-type":"","background-media":"","overlay-type":"","overlay-color":"","overlay-opacity":"","overlay-gradient":""}},"footnotes":""},"categories":[8,19],"tags":[34,18256,274],"class_list":["post-75985","post","type-post","status-publish","format-standard","has-post-thumbnail","hentry","category-noticias","category-sin-limites-2","tag-cfe","tag-lawfare","tag-manuel-bartlett"],"_links":{"self":[{"href":"https:\/\/losperiodistas.com.mx\/portal\/wp-json\/wp\/v2\/posts\/75985","targetHints":{"allow":["GET"]}}],"collection":[{"href":"https:\/\/losperiodistas.com.mx\/portal\/wp-json\/wp\/v2\/posts"}],"about":[{"href":"https:\/\/losperiodistas.com.mx\/portal\/wp-json\/wp\/v2\/types\/post"}],"author":[{"embeddable":true,"href":"https:\/\/losperiodistas.com.mx\/portal\/wp-json\/wp\/v2\/users\/1"}],"replies":[{"embeddable":true,"href":"https:\/\/losperiodistas.com.mx\/portal\/wp-json\/wp\/v2\/comments?post=75985"}],"version-history":[{"count":1,"href":"https:\/\/losperiodistas.com.mx\/portal\/wp-json\/wp\/v2\/posts\/75985\/revisions"}],"predecessor-version":[{"id":76006,"href":"https:\/\/losperiodistas.com.mx\/portal\/wp-json\/wp\/v2\/posts\/75985\/revisions\/76006"}],"wp:featuredmedia":[{"embeddable":true,"href":"https:\/\/losperiodistas.com.mx\/portal\/wp-json\/wp\/v2\/media\/76005"}],"wp:attachment":[{"href":"https:\/\/losperiodistas.com.mx\/portal\/wp-json\/wp\/v2\/media?parent=75985"}],"wp:term":[{"taxonomy":"category","embeddable":true,"href":"https:\/\/losperiodistas.com.mx\/portal\/wp-json\/wp\/v2\/categories?post=75985"},{"taxonomy":"post_tag","embeddable":true,"href":"https:\/\/losperiodistas.com.mx\/portal\/wp-json\/wp\/v2\/tags?post=75985"}],"curies":[{"name":"wp","href":"https:\/\/api.w.org\/{rel}","templated":true}]}}