{"id":75976,"date":"2024-06-03T13:46:35","date_gmt":"2024-06-03T18:46:35","guid":{"rendered":"https:\/\/losperiodistas.com.mx\/portal\/?p=75976"},"modified":"2024-06-03T13:46:37","modified_gmt":"2024-06-03T18:46:37","slug":"ford-tendra-en-dos-anos-un-sistema-de-conduccion-autonoma-que-permitira-apartar-los-ojos-y-las-manos-del-volante-telecinco","status":"publish","type":"post","link":"https:\/\/losperiodistas.com.mx\/portal\/ford-tendra-en-dos-anos-un-sistema-de-conduccion-autonoma-que-permitira-apartar-los-ojos-y-las-manos-del-volante-telecinco\/","title":{"rendered":"Ford tendr\u00e1 en dos a\u00f1os un sistema de conducci\u00f3n aut\u00f3noma que permitir\u00e1 apartar los ojos y las manos del volante | TeleCinco"},"content":{"rendered":"\n<ul id=\"block-ee69f248-3edb-4570-90e7-e523a1304b22\" class=\"has-light-green-cyan-background-color has-background has-medium-font-size wp-block-list\"><li>En solo dos a\u00f1os, Ford podr\u00eda tener listo un sistema de conducci\u00f3n totalmente aut\u00f3noma<\/li><li>El consejero delegado (CEO) de la automovil\u00edstica, Jim Farley, asegura que \u00abest\u00e1n cerca de conseguirlo\u00bb<\/li><\/ul>\n\n\n\n<p><\/p>\n\n\n\n<figure class=\"wp-block-image\"><img decoding=\"async\" src=\"https:\/\/album.mediaset.es\/eimg\/2024\/06\/03\/logo-en-la-fabrica-de-ford-almussafes_da2f.jpg?w=1024\" alt=\"Logo en la f\u00e1brica de Ford Almussafes\" title=\"Logo en la f\u00e1brica de Ford Almussafes\"\/><figcaption>Logo en la f\u00e1brica de Ford Almussafes EUROPA PRESS<\/figcaption><\/figure>\n\n\n\n<p class=\"has-vivid-red-color has-text-color has-medium-font-size\"><strong>EUROPA PRESS \/ TELECINCO<\/strong><\/p>\n\n\n\n<p>Conducir\u00a0<strong>sin las manos al volante<\/strong>\u00a0y\u00a0<strong>sin los ojos<\/strong>\u00a0en la carretera.\u00a0<strong>Ford\u00a0<\/strong>asegura que en apenas dos a\u00f1os podr\u00eda tener listo un sistema de conducci\u00f3n totalmente aut\u00f3noma, seg\u00fan ha desvelado el<strong>\u00a0consejero delegado (CEO)\u00a0<\/strong>de la automovil\u00edstica estadounidense, Jim Farley.<\/p>\n\n\n\n<p>\u00abEstamos muy cerca\u00bb, es lo que ha dejado caer el primer ejecutivo de la firma originaria de Detroit, asegurando que est\u00e1n ya trabajando en un \u00ab<strong>prototipo<\/strong>\u00bb que todav\u00eda tienen que conseguir que sea rentable, algo que conseguir\u00e1n en menos de dos a\u00f1os, seg\u00fan las declaraciones realizadas por Farley a &#8216;Bloomberg&#8217; y recogidas por Europa Press.<\/p>\n\n\n\n<h4 class=\"wp-block-heading\">M\u00c1S<\/h4>\n\n\n\n<ul class=\"wp-block-list\"><li><a href=\"https:\/\/www.telecinco.es\/noticias\/valencia\/20240528\/ford-no-concreta-trabajadores-ere-prorrogara-erte-almussafes_18_012606272.html#utm_source=apoyo_editorial_articulo\">Ford no concreta los trabajadores afectados por el ERE y prorrogar\u00e1 el ERTE en Almussafes<\/a><\/li><li><a href=\"https:\/\/www.telecinco.es\/noticias\/valencia\/20240515\/ford-anuncia-nuevo-ere-almussafes_18_012495668.html#utm_source=apoyo_editorial_articulo\">Ford anuncia un nuevo ERE en Almussafes e iniciar\u00e1 el per\u00edodo de consultas el 28 de mayo<\/a><\/li><li><a href=\"https:\/\/www.telecinco.es\/noticias\/euskadi\/20240405\/aficionada-athletic-bilbao-tunea-coche-rojiblanco_18_012145489.html#utm_source=apoyo_editorial_articulo\">Una aficionada tunea su coche con los colores del Athletic: \u00abIba a ponerle dos rayitas rojas, pero me vine arriba\u00bb<\/a><\/li><\/ul>\n\n\n\n<p>Farley cree que Ford puede progresar lo bastante r\u00e1pido como para ofrecer esta funci\u00f3n en 2026, lo que podr\u00eda convertirla en la primera marca de coches tradicional en ofrecer lo que los ingenieros automovil\u00edsticos denominan autonom\u00eda de Nivel 3. En ese nivel, el coche toma el<strong>&nbsp;control del veh\u00edculo<\/strong>&nbsp;y asume la tarea de conducir en determinadas condiciones, lo que permite al conductor desviar su atenci\u00f3n a otras tareas.<\/p>\n\n\n\n<h3 class=\"wp-block-heading\">Acelerar la transformaci\u00f3n<\/h3>\n\n\n\n<p>Ford y otros fabricantes de autom\u00f3viles estadounidenses, como\u00a0<strong>General Motors<\/strong>, ya ofrecen sistemas de conducci\u00f3n semiaut\u00f3noma que permiten a los usuarios apartar las manos del volante, aunque emplean dispositivos de seguimiento ocular para asegurarse de que<strong>\u00a0el conductor sigue concentrado<\/strong>\u00a0en la carretera.<\/p>\n\n\n\n<p>El sistema de Ford, bautizado como BlueCruise, est\u00e1 siendo investigado por las autoridades estadounidenses tras verse implicado en varios accidentales mortales, igual que las tecnolog\u00edas de Tesla, por los problemas derivados de sus sistemas semiaut\u00f3nomos. El sistema se vender\u00eda bajo un servicio de suscripci\u00f3n a los usuarios con los que contrarrestar los vaivenes del negocio puro de ventas de autom\u00f3viles.<\/p>\n\n\n\n<p>Asimism,o, las declaraciones de Farley llegan menos de dos a\u00f1os despu\u00e9s de que Ford cerrara su filial de conducci\u00f3n aut\u00f3noma, Argo AI, por considerar que la conducci\u00f3n aut\u00f3noma de los veh\u00edculos era todav\u00eda una quimera.<\/p>\n\n\n\n<p>Las acciones de Ford Motor Company se revalorizan en los momentos previos al arranque de la sesi\u00f3n burs\u00e1til de este lunes en Nueva York unas d\u00e9cimas hasta los 12,13 d\u00f3lares (11,19 euros por t\u00edtulos) manteniendo estable su capitalizaci\u00f3n desde que empezase el a\u00f1o.<\/p>\n\n\n\n<p>Fuente: <a href=\"https:\/\/www.telecinco.es\/noticias\/ciencia-y-tecnologia\/20240603\/ford-dos-anos-sistema-conduccion-autonoma-permitira-apartar-ojos-manos-volante_18_012660155.html\">https:\/\/www.telecinco.es\/noticias\/ciencia-y-tecnologia\/20240603\/ford-dos-anos-sistema-conduccion-autonoma-permitira-apartar-ojos-manos-volante_18_012660155.html<\/a><\/p>\n","protected":false},"excerpt":{"rendered":"<p>En solo dos a\u00f1os, Ford podr\u00eda tener listo un sistema de conducci\u00f3n totalmente aut\u00f3noma El consejero delegado (CEO) de la [&hellip;]<\/p>\n","protected":false},"author":1,"featured_media":75977,"comment_status":"open","ping_status":"open","sticky":false,"template":"","format":"standard","meta":{"site-sidebar-layout":"default","site-content-layout":"","ast-site-content-layout":"default","site-content-style":"default","site-sidebar-style":"default","ast-global-header-display":"","ast-banner-title-visibility":"","ast-main-header-display":"","ast-hfb-above-header-display":"","ast-hfb-below-header-display":"","ast-hfb-mobile-header-display":"","site-post-title":"","ast-breadcrumbs-content":"","ast-featured-img":"","footer-sml-layout":"","theme-transparent-header-meta":"","adv-header-id-meta":"","stick-header-meta":"","header-above-stick-meta":"","header-main-stick-meta":"","header-below-stick-meta":"","astra-migrate-meta-layouts":"default","ast-page-background-enabled":"default","ast-page-background-meta":{"desktop":{"background-color":"var(--ast-global-color-4)","background-image":"","background-repeat":"repeat","background-position":"center center","background-size":"auto","background-attachment":"scroll","background-type":"","background-media":"","overlay-type":"","overlay-color":"","overlay-opacity":"","overlay-gradient":""},"tablet":{"background-color":"","background-image":"","background-repeat":"repeat","background-position":"center center","background-size":"auto","background-attachment":"scroll","background-type":"","background-media":"","overlay-type":"","overlay-color":"","overlay-opacity":"","overlay-gradient":""},"mobile":{"background-color":"","background-image":"","background-repeat":"repeat","background-position":"center center","background-size":"auto","background-attachment":"scroll","background-type":"","background-media":"","overlay-type":"","overlay-color":"","overlay-opacity":"","overlay-gradient":""}},"ast-content-background-meta":{"desktop":{"background-color":"var(--ast-global-color-5)","background-image":"","background-repeat":"repeat","background-position":"center center","background-size":"auto","background-attachment":"scroll","background-type":"","background-media":"","overlay-type":"","overlay-color":"","overlay-opacity":"","overlay-gradient":""},"tablet":{"background-color":"var(--ast-global-color-5)","background-image":"","background-repeat":"repeat","background-position":"center center","background-size":"auto","background-attachment":"scroll","background-type":"","background-media":"","overlay-type":"","overlay-color":"","overlay-opacity":"","overlay-gradient":""},"mobile":{"background-color":"var(--ast-global-color-5)","background-image":"","background-repeat":"repeat","background-position":"center center","background-size":"auto","background-attachment":"scroll","background-type":"","background-media":"","overlay-type":"","overlay-color":"","overlay-opacity":"","overlay-gradient":""}},"footnotes":""},"categories":[8],"tags":[25760,25761,15672],"class_list":["post-75976","post","type-post","status-publish","format-standard","has-post-thumbnail","hentry","category-noticias","tag-conducir-sin-manos-en-volante","tag-conducir-sin-ver","tag-ford"],"_links":{"self":[{"href":"https:\/\/losperiodistas.com.mx\/portal\/wp-json\/wp\/v2\/posts\/75976","targetHints":{"allow":["GET"]}}],"collection":[{"href":"https:\/\/losperiodistas.com.mx\/portal\/wp-json\/wp\/v2\/posts"}],"about":[{"href":"https:\/\/losperiodistas.com.mx\/portal\/wp-json\/wp\/v2\/types\/post"}],"author":[{"embeddable":true,"href":"https:\/\/losperiodistas.com.mx\/portal\/wp-json\/wp\/v2\/users\/1"}],"replies":[{"embeddable":true,"href":"https:\/\/losperiodistas.com.mx\/portal\/wp-json\/wp\/v2\/comments?post=75976"}],"version-history":[{"count":1,"href":"https:\/\/losperiodistas.com.mx\/portal\/wp-json\/wp\/v2\/posts\/75976\/revisions"}],"predecessor-version":[{"id":75978,"href":"https:\/\/losperiodistas.com.mx\/portal\/wp-json\/wp\/v2\/posts\/75976\/revisions\/75978"}],"wp:featuredmedia":[{"embeddable":true,"href":"https:\/\/losperiodistas.com.mx\/portal\/wp-json\/wp\/v2\/media\/75977"}],"wp:attachment":[{"href":"https:\/\/losperiodistas.com.mx\/portal\/wp-json\/wp\/v2\/media?parent=75976"}],"wp:term":[{"taxonomy":"category","embeddable":true,"href":"https:\/\/losperiodistas.com.mx\/portal\/wp-json\/wp\/v2\/categories?post=75976"},{"taxonomy":"post_tag","embeddable":true,"href":"https:\/\/losperiodistas.com.mx\/portal\/wp-json\/wp\/v2\/tags?post=75976"}],"curies":[{"name":"wp","href":"https:\/\/api.w.org\/{rel}","templated":true}]}}