{"id":75968,"date":"2024-06-03T12:02:21","date_gmt":"2024-06-03T17:02:21","guid":{"rendered":"https:\/\/losperiodistas.com.mx\/portal\/?p=75968"},"modified":"2024-06-03T12:02:23","modified_gmt":"2024-06-03T17:02:23","slug":"opinion-saber-ver","status":"publish","type":"post","link":"https:\/\/losperiodistas.com.mx\/portal\/opinion-saber-ver\/","title":{"rendered":"Opini\u00f3n | Saber ver"},"content":{"rendered":"\n<p class=\"has-medium-font-size\">#PorSoleares | <em>La oposici\u00f3n debe despejar estas nuevas utop\u00edas, tendr\u00e1n vigencia al menos tres a\u00f1os.<\/em><\/p>\n\n\n\n<p><\/p>\n\n\n\n<figure class=\"wp-block-embed is-type-video is-provider-youtube wp-block-embed-youtube wp-embed-aspect-16-9 wp-has-aspect-ratio\"><div class=\"wp-block-embed__wrapper\">\n<iframe title=\"Saber ver | junio 3 2024\" width=\"500\" height=\"281\" src=\"https:\/\/www.youtube.com\/embed\/BXtTdQUjvfw?feature=oembed\" frameborder=\"0\" allow=\"accelerometer; autoplay; clipboard-write; encrypted-media; gyroscope; picture-in-picture; web-share\" referrerpolicy=\"strict-origin-when-cross-origin\" allowfullscreen><\/iframe>\n<\/div><\/figure>\n\n\n\n<p><\/p>\n\n\n\n<p class=\"has-vivid-red-color has-text-color\" style=\"font-size:26px\"><strong><em>Por Jes\u00fas Manuel Hern\u00e1ndez<\/em><\/strong><\/p>\n\n\n\n<p>Cuando la tarde del pasado mi\u00e9rcoles 29 de mayo escuch\u00e9 a <strong>Javier S\u00e1nchez Galicia<\/strong>, pronosticar <strong>\u201ccarro completo\u201d <\/strong>en Puebla y triunfo de Alejandro Armenta 2 a 1 con Lalo Rivera, y colocar a Pepe Chedraui con al menos 10 puntos arriba de Mario Riestra, puse en duda varias de sus aseveraciones.<\/p>\n\n\n\n<p>S\u00e1nchez Galicia, consultor pol\u00edtico desde las \u00e9pocas de Manuel Bartlett, ha participado en varias campa\u00f1as estatales, nacionales e internacionales.<\/p>\n\n\n\n<p>Sus dichos est\u00e1n registrados en el programa <a href=\"https:\/\/youtu.be\/pz6bDpkGKQk?si=R_Df-Ah_q9byoTuG\">#CucharaCuchilloTenedor<\/a> para quien le interese.<\/p>\n\n\n\n<p>La madrugada del lunes efectivamente cobraron fuerza los pron\u00f3sticos de S\u00e1nchez Galicia para Puebla, carro completo. Por desgracia no hablamos de la elecci\u00f3n nacional, el <strong>arribo de Claudia Sheinbaum no fue sorpresa<\/strong>, lo fue en cambio, para propios y extra\u00f1os la <strong>Mayor\u00eda Calificada en el Congreso de la Uni\u00f3n<\/strong> lo que le permite a Claudia, arribar a la Presidencia con m\u00e1s fuerza que L\u00f3pez Obrador.<\/p>\n\n\n\n<p>\u00bfQu\u00e9 pas\u00f3, qu\u00e9 sucedi\u00f3, <strong>por qu\u00e9 la oposici\u00f3n no pudo contrarrestar el avance de la 4T<\/strong>?<\/p>\n\n\n\n<p>Las sesudas reflexiones del caf\u00e9 dejar\u00e1n migajas, pero los an\u00e1lisis de la ciencia pol\u00edtica dejan abierto el escenario para reflexionar sobre la <strong>conformaci\u00f3n del nuevo sistema pol\u00edtico y de fuerzas pol\u00edticas en M\u00e9xico<\/strong>, Morena ha impuesto un estilo, ideas, formas de ejercer el poder gracias a la <strong>ineptitud de la oposici\u00f3n y sus cuadros.<\/strong><\/p>\n\n\n\n<p>Los grupos de poder en M\u00e9xico fueron incapaces de frenar el avance de Morena, <strong>de balde las campa\u00f1as negras<\/strong>, la filtraci\u00f3n de amenazas, <strong><em>\u201cvas a perder tu casa\u201d<\/em><\/strong> dec\u00edan los an\u00f3nimos en las redes sociales; sacerdotes orando y haciendo proselitismo, todo ello se deshizo, se derrumb\u00f3 frente al oficialismo.<\/p>\n\n\n\n<p><strong>La oposici\u00f3n ha quedado hu\u00e9rfana<\/strong>, no hay l\u00edderes, no hay quien convoque a formar cuadros ni en el corto ni en el mediano plazo, volvemos, dir\u00eda alguno de los analistas nocturnos de la madrugada del 3 de junio, al <strong>rito m\u00e1s antiguo y aceptado del viejo PRI<\/strong>.<\/p>\n\n\n\n<p>Ahora bien en Puebla la oposici\u00f3n nunca imagin\u00f3 el \u201ccarro completo\u201d la entidad se pint\u00f3 de Morena, de nada sirvi\u00f3 la campa\u00f1a de Lalo Rivera que por dem\u00e1s est\u00e1 decir, \u201cjal\u00f3\u201d a Mario Riestra\u201d en el municipio.<\/p>\n\n\n\n<p>Despu\u00e9s de este encontronazo con la realidad, los dirigentes de los partidos pol\u00edticos en Puebla deb\u00edan reflexionar, analizar, <strong>dejando fuera las vanidades<\/strong>, que cometieron errores, que si bien pod\u00edan retener el triunfo en algunos municipios, quiz\u00e1 la soberbia o la flojera, o ambas, asomaron la cabeza el 2 de junio y dejaron a muchos candidatos en el m\u00e1s claro rid\u00edculo.<\/p>\n\n\n\n<p>Bueno hubiera sido para Puebla tener una <strong>elecci\u00f3n compensada<\/strong>, diferenciada, pero ni los candidatos, ni los partidos, lograron mover las conciencias de los electores, la mayor\u00eda no les vot\u00f3.<\/p>\n\n\n\n<p>Dicho de otra forma, la oposici\u00f3n debe despejar estas <strong>nuevas utop\u00edas<\/strong> que por dem\u00e1s est\u00e1 decir, tendr\u00e1n vigencia al menos tres a\u00f1os.<\/p>\n\n\n\n<p>O por lo menos, as\u00ed me lo parece.<\/p>\n\n\n\n<p><a href=\"mailto:losperiodistas.com.mx@gmail.com\">losperiodistas.com.mx@gmail.com<\/a><\/p>\n\n\n\n<p><\/p>\n","protected":false},"excerpt":{"rendered":"<p>#PorSoleares | La oposici\u00f3n debe despejar estas nuevas utop\u00edas, tendr\u00e1n vigencia al menos tres a\u00f1os. Por Jes\u00fas Manuel Hern\u00e1ndez Cuando [&hellip;]<\/p>\n","protected":false},"author":1,"featured_media":75969,"comment_status":"open","ping_status":"open","sticky":false,"template":"","format":"standard","meta":{"site-sidebar-layout":"default","site-content-layout":"","ast-site-content-layout":"default","site-content-style":"default","site-sidebar-style":"default","ast-global-header-display":"","ast-banner-title-visibility":"","ast-main-header-display":"","ast-hfb-above-header-display":"","ast-hfb-below-header-display":"","ast-hfb-mobile-header-display":"","site-post-title":"","ast-breadcrumbs-content":"","ast-featured-img":"","footer-sml-layout":"","theme-transparent-header-meta":"","adv-header-id-meta":"","stick-header-meta":"","header-above-stick-meta":"","header-main-stick-meta":"","header-below-stick-meta":"","astra-migrate-meta-layouts":"default","ast-page-background-enabled":"default","ast-page-background-meta":{"desktop":{"background-color":"var(--ast-global-color-4)","background-image":"","background-repeat":"repeat","background-position":"center center","background-size":"auto","background-attachment":"scroll","background-type":"","background-media":"","overlay-type":"","overlay-color":"","overlay-opacity":"","overlay-gradient":""},"tablet":{"background-color":"","background-image":"","background-repeat":"repeat","background-position":"center center","background-size":"auto","background-attachment":"scroll","background-type":"","background-media":"","overlay-type":"","overlay-color":"","overlay-opacity":"","overlay-gradient":""},"mobile":{"background-color":"","background-image":"","background-repeat":"repeat","background-position":"center center","background-size":"auto","background-attachment":"scroll","background-type":"","background-media":"","overlay-type":"","overlay-color":"","overlay-opacity":"","overlay-gradient":""}},"ast-content-background-meta":{"desktop":{"background-color":"var(--ast-global-color-5)","background-image":"","background-repeat":"repeat","background-position":"center center","background-size":"auto","background-attachment":"scroll","background-type":"","background-media":"","overlay-type":"","overlay-color":"","overlay-opacity":"","overlay-gradient":""},"tablet":{"background-color":"var(--ast-global-color-5)","background-image":"","background-repeat":"repeat","background-position":"center center","background-size":"auto","background-attachment":"scroll","background-type":"","background-media":"","overlay-type":"","overlay-color":"","overlay-opacity":"","overlay-gradient":""},"mobile":{"background-color":"var(--ast-global-color-5)","background-image":"","background-repeat":"repeat","background-position":"center center","background-size":"auto","background-attachment":"scroll","background-type":"","background-media":"","overlay-type":"","overlay-color":"","overlay-opacity":"","overlay-gradient":""}},"footnotes":""},"categories":[8,5],"tags":[2147,8711,13651],"class_list":["post-75968","post","type-post","status-publish","format-standard","has-post-thumbnail","hentry","category-noticias","category-por-soleares","tag-alejandro-armenta-mier","tag-elecciones-puebla-2024","tag-javier-sanchez-galicia"],"_links":{"self":[{"href":"https:\/\/losperiodistas.com.mx\/portal\/wp-json\/wp\/v2\/posts\/75968","targetHints":{"allow":["GET"]}}],"collection":[{"href":"https:\/\/losperiodistas.com.mx\/portal\/wp-json\/wp\/v2\/posts"}],"about":[{"href":"https:\/\/losperiodistas.com.mx\/portal\/wp-json\/wp\/v2\/types\/post"}],"author":[{"embeddable":true,"href":"https:\/\/losperiodistas.com.mx\/portal\/wp-json\/wp\/v2\/users\/1"}],"replies":[{"embeddable":true,"href":"https:\/\/losperiodistas.com.mx\/portal\/wp-json\/wp\/v2\/comments?post=75968"}],"version-history":[{"count":1,"href":"https:\/\/losperiodistas.com.mx\/portal\/wp-json\/wp\/v2\/posts\/75968\/revisions"}],"predecessor-version":[{"id":75970,"href":"https:\/\/losperiodistas.com.mx\/portal\/wp-json\/wp\/v2\/posts\/75968\/revisions\/75970"}],"wp:featuredmedia":[{"embeddable":true,"href":"https:\/\/losperiodistas.com.mx\/portal\/wp-json\/wp\/v2\/media\/75969"}],"wp:attachment":[{"href":"https:\/\/losperiodistas.com.mx\/portal\/wp-json\/wp\/v2\/media?parent=75968"}],"wp:term":[{"taxonomy":"category","embeddable":true,"href":"https:\/\/losperiodistas.com.mx\/portal\/wp-json\/wp\/v2\/categories?post=75968"},{"taxonomy":"post_tag","embeddable":true,"href":"https:\/\/losperiodistas.com.mx\/portal\/wp-json\/wp\/v2\/tags?post=75968"}],"curies":[{"name":"wp","href":"https:\/\/api.w.org\/{rel}","templated":true}]}}