{"id":75963,"date":"2024-06-03T09:22:50","date_gmt":"2024-06-03T14:22:50","guid":{"rendered":"https:\/\/losperiodistas.com.mx\/portal\/?p=75963"},"modified":"2024-06-03T09:22:53","modified_gmt":"2024-06-03T14:22:53","slug":"analisis-la-presidenta-cientifica-sheinbaum-se-consagra-como-la-primera-jefa-de-estado-en-la-historia-de-mexico-france-24","status":"publish","type":"post","link":"https:\/\/losperiodistas.com.mx\/portal\/analisis-la-presidenta-cientifica-sheinbaum-se-consagra-como-la-primera-jefa-de-estado-en-la-historia-de-mexico-france-24\/","title":{"rendered":"An\u00e1lisis | La presidenta cient\u00edfica: Sheinbaum se consagra como la primera jefa de Estado en la historia de M\u00e9xico | France 24"},"content":{"rendered":"\n<figure class=\"wp-block-image\"><img decoding=\"async\" src=\"https:\/\/s.france24.com\/media\/display\/3d9387e4-2174-11ef-b058-005056bfb2b6\/w:980\/p:16x9\/2024-06-03T063841Z_43295251_RC2G38AFF8A8_RTRMADP_3_MEXICO-ELECTION.JPG\" alt=\"Claudia Sheinbaum, candidata presidencial del partido gobernante MORENA, se dirige a sus simpatizantes tras ganar las elecciones, en Ciudad de M\u00e9xico, M\u00e9xico 3 de junio de 2024.\"\/><figcaption>Claudia Sheinbaum, candidata presidencial del partido gobernante MORENA, se dirige a sus simpatizantes tras ganar las elecciones, en Ciudad de M\u00e9xico, M\u00e9xico 3 de junio de 2024.&nbsp;\u00a9 Reuters \/ Raquel Cunha<\/figcaption><\/figure>\n\n\n\n<p><\/p>\n\n\n\n<p class=\"has-vivid-red-color has-text-color has-medium-font-size\"><strong><a href=\"https:\/\/www.france24.com\/es\/autor\/maximiliano-p%C3%A9rez-gallardo\/\">Maximiliano P\u00e9rez Gallardo<\/a> \/ FRANCE 24<\/strong><\/p>\n\n\n\n<p><em>Ciudad de M\u00e9xico \u2013\u00a0<\/em>Tras una jornada electoral pac\u00edfica y con \u00edndices de participaci\u00f3n hist\u00f3ricos, aunque con tintes desordenados, la elegida del oficialismo para continuar con la &#8216;Cuarta Transformaci\u00f3n&#8217;, Claudia Sheinbaum, logr\u00f3 materializar su amplia ventaja en las encuestas previas a los comicios, para as\u00ed convertirse en la primera mujer que se siente en la silla presidencial en toda la historia de M\u00e9xico. Ahora, uno de los primeros retos de la nueva mandataria ser\u00e1 convencer al pa\u00eds de que su proyecto, aunque representa la continuidad, no vive a la enorme sombra de Andr\u00e9s Manuel L\u00f3pez Obrador.<\/p>\n\n\n\n<p>La madrugada mexicana vio a una mujer presidenta por primera vez en su historia.<\/p>\n\n\n\n<p>Despu\u00e9s de tres retrasos en el anunci\u00f3 de los resultados del conteo r\u00e1pido propio del Instituto Nacional Electoral (INE), el organismo electoral mexicano confirm\u00f3 el 3 de junio un hecho sin precedentes:&nbsp;<strong><a href=\"https:\/\/www.france24.com\/es\/tag\/claudia-sheinbaum\/\">Claudia Sheinbaum<\/a>&nbsp;es la nueva presidenta de M\u00e9xico.<\/strong>&nbsp;<\/p>\n\n\n\n<p>Despu\u00e9s de meses de campa\u00f1a y numerosas encuestas que semana por semana otorgaban una amplia ventaja a la candidata oficialista por encima de la elegida de la oposici\u00f3n,&nbsp;<a href=\"https:\/\/www.france24.com\/es\/tag\/x%C3%B3chitl-g%C3%A1lvez\/\">X\u00f3chitl G\u00e1lvez<\/a>, y el candidato de Movimiento Ciudadano,&nbsp;<a href=\"https:\/\/www.france24.com\/es\/tag\/jorge-%C3%A1lvarez-m%C3%A1ynez\/\">Jorge \u00c1lvarez Maynez<\/a>, el INE oficializ\u00f3 los resultados preliminares que confirmaron la victoria de la sucesora del obradorismo.&nbsp;<\/p>\n\n\n\n<p>Unas hist\u00f3ricas elecciones con un \u00edndice de participaci\u00f3n que oscila entre el&nbsp;58% y el 60,2% del padr\u00f3n electoral convocado a votar. Poco m\u00e1s de 50 millones de mexicanos salieron, formaron filas y emitieron sus votos en las casillas electorales de todo el pa\u00eds, seg\u00fan el anuncio televisado de la consejera del INE,&nbsp;Guadalupe Taddei Zavala.<\/p>\n\n\n\n<p><strong>Con un margen del 58,3% al 60,7<\/strong>, Claudia Sheinbaum se proclam\u00f3 como ganadora de la contienda electoral, dejando atr\u00e1s a G\u00e1lvez, su perseguidora m\u00e1s cercana con entre el 26,6% al 28,4% del voto popular, seg\u00fan la tendencia compartida por el INE. \u00c1lvarez Maynez se qued\u00f3 en el fondo con apenas del 9,9% &#8211; 10,8%.<\/p>\n\n\n\n<p>Desde su cuarto de guerra en la Ciudad de M\u00e9xico, Sheinbaum celebr\u00f3 su victoria solo minutos despu\u00e9s del anuncio electoral del INE, en donde agradeci\u00f3 al pueblo de M\u00e9xico por la confianza depositada en ella, otorg\u00e1ndole la responsabilidad de&nbsp;\u00abavanzar en esta cuarta transformaci\u00f3n en la vida p\u00fablica de nuestro pa\u00eds\u00bb.<\/p>\n\n\n\n<figure class=\"wp-block-image\"><img decoding=\"async\" src=\"https:\/\/s.france24.com\/media\/display\/0571063c-2176-11ef-945f-005056a97e36\/w:980\/p:16x9\/ES_20240603_082114_083057_CS.jpg\" alt=\"\"\/><\/figure>\n\n\n\n<p>\u00abPor primera vez en 200 a\u00f1os de la Rep\u00fablica, me convertir\u00e9 en la primera presidenta de M\u00e9xico\u00bb, expres\u00f3 Sheinbaum desde un hotel en la capital mexicana, sola en el estrado, con una bandera tricolor a sus espaldas y con l\u00e1grimas en los ojos.&nbsp;<\/p>\n\n\n\n<h2 class=\"wp-block-heading\"><strong>\u00abPresidenta, presidenta\u00bb<\/strong><\/h2>\n\n\n\n<p>M\u00e9xico eligi\u00f3 este domingo por primera vez en su historia a una mujer para gobernar el pa\u00eds,&nbsp;<strong>un suceso que representa un viraje in\u00e9dito en el imaginario pol\u00edtico de una sociedad con profundos cimientos machistas<\/strong>, que nunca antes hab\u00eda visto a una mujer como contendiente con posibilidades para hacerse del cargo p\u00fablico m\u00e1s importante, la Presidencia.<\/p>\n\n\n\n<p>La encargada por la ciudadan\u00eda mexicana para materializar la historia es&nbsp;<a href=\"https:\/\/www.france24.com\/es\/tag\/claudia-sheinbaum\/\">Claudia Sheinbaum<\/a>, una cient\u00edfica de 61 a\u00f1os y una de las piezas m\u00e1s importantes dentro del c\u00edrculo m\u00e1s cerrado del saliente mandatario Andr\u00e9s Manuel L\u00f3pez Obrador, desde su periodo como jefe de Gobierno de la Ciudad de M\u00e9xico hasta su toma presidencial en 2018, pasando por la fundaci\u00f3n de su partido, el izquierdista&nbsp;<a href=\"https:\/\/www.france24.com\/es\/tag\/partido-morena\/\">Morena<\/a>, del cual Sheinbaum tambi\u00e9n es fundadora.<\/p>\n\n\n\n<p>Aunque el triunfo de Sheinbaum no puede ser concebido sin el respaldo de la gran popularidad de&nbsp;<a href=\"https:\/\/www.france24.com\/es\/tag\/andr%C3%A9s-manuel-l%C3%B3pez-obrador\/\">L\u00f3pez Obrador<\/a>&nbsp;(AMLO) entre el electorado mexicano, con un 60% de aprobaci\u00f3n popular, seg\u00fan una<a href=\"https:\/\/www.forbes.com.mx\/la-aprobacion-de-amlo-sube-al-60-a-un-mes-de-las-elecciones\/\" target=\"_blank\" rel=\"noreferrer noopener\">&nbsp;encuesta publicada por el diario &#8216;El Financiero<\/a>&#8216; a principios de mayo, sin duda no es el \u00fanico factor que llev\u00f3 a la elecci\u00f3n de la exalcaldesa izquierdista.&nbsp;<strong>El fracaso pol\u00edtico de la oposici\u00f3n es un ingrediente esencial.<\/strong><\/p>\n\n\n\n<p>\u00abSin duda una combinaci\u00f3n de razones, destacando fuertemente el poderoso relato de la Cuarta Transformaci\u00f3n (de L\u00f3pez Obrador), la amplia aprobaci\u00f3n de AMLO y los buenos resultados en pol\u00edtica social, por un lado; y el peso negativo de los partidos tradicionales en M\u00e9xico, su incapacidad de hacer autocr\u00edtica y su dificultad de articular un proyecto alternativo, con prioridad en las carencias sociales que a\u00fan persisten\u00bb, resalt\u00f3 Roberto Ignacio Alonso Mu\u00f1oz, coordinador de la licenciatura de Ciencias Pol\u00edticas en la Universidad Iberoamericana Puebla, para France24.<\/p>\n\n\n\n<figure class=\"wp-block-image\"><img decoding=\"async\" src=\"https:\/\/s.france24.com\/media\/display\/bdd8f4cc-2163-11ef-a320-005056a90284\/2024-06-03T041000Z_1972476464_RC2F38AV457E_RTRMADP_3_MEXICO-ELECTION.JPG\" alt=\"La gente sostiene una pancarta con la leyenda &quot;Presidenta Claudia Sheinbaum&quot; despu\u00e9s de que el partido gobernante Morena de M\u00e9xico declar\u00f3 a Claudia Sheinbaum ganadora de las elecciones presidenciales, en la Plaza del Z\u00f3calo en el centro de la Ciudad de M\u00e9xico, M\u00e9xico 2 de junio 2024.\"\/><figcaption>La gente sostiene una pancarta con la leyenda \u00abPresidenta Claudia Sheinbaum\u00bb despu\u00e9s de que el partido gobernante Morena de M\u00e9xico declar\u00f3 a Claudia Sheinbaum ganadora de las elecciones presidenciales, en la Plaza del Z\u00f3calo en el centro de la Ciudad de M\u00e9xico, M\u00e9xico 2 de junio 2024.&nbsp;\u00a9 Reuters \/ Mahe Elipe<\/figcaption><\/figure>\n\n\n\n<p>Es en el b\u00fanker de Sheinbaum donde retumba con m\u00e1s fuerza el grito \u00abpresidenta, presidenta\u00bb, aunque G\u00e1lvez se hubiese adelantado a proclamarse victoriosa en la elecci\u00f3n desde un hotel en una de las zonas m\u00e1s prestigiosas de la capital mexicana.&nbsp;<strong>Dos realidades, dos proyectos de naci\u00f3n que compitieron este 2 de junio por el favor electoral de la ciudadan\u00eda, aunque la balanza se inclin\u00f3 hacia la izquierda.<\/strong><\/p>\n\n\n\n<p>El relato del triunfo oficialista no est\u00e1 completo sin conocer la derrota de la oposici\u00f3n. La extra\u00f1a coalici\u00f3n Fuerza y Coraz\u00f3n por M\u00e9xico, compuesta por un partido de derecha, el Partido Acci\u00f3n Nacional (<a href=\"https:\/\/www.france24.com\/es\/tag\/partido-de-acci%C3%B3n-nacional-pan\/\">PAN<\/a>); un centrista, el Partido Revolucionario Institucional (<a href=\"https:\/\/www.france24.com\/es\/tag\/partido-revolucionario-institucional-pri\/\">PRI<\/a>) y uno de izquierda, el Partido de la Revoluci\u00f3n Democr\u00e1tica (PRD), no logr\u00f3 consolidar una campa\u00f1a presidencial que pudiera hacer evidente un proyecto pol\u00edtico distinto al del oficialismo.<\/p>\n\n\n\n<p>Basado en el rechazo a los proyectos realizados durante el sexenio obradorista, descalificaciones al electorado y una campa\u00f1a de miedo sobre el futuro democr\u00e1tico del pa\u00eds, la coalici\u00f3n opositora no consigui\u00f3 convencer a los m\u00e1s de 90 millones de mexicanos que salieron a votar.<\/p>\n\n\n\n<p>Leer tambi\u00e9n<a href=\"https:\/\/www.france24.com\/es\/am%C3%A9rica-latina\/20240529-esta-es-claudia-sheinbaum-la-cient%C3%ADfica-que-va-por-la-presidencia-de-m%C3%A9xico\">Esta es Claudia Sheinbaum, la cient\u00edfica que va por la Presidencia de M\u00e9xico<\/a><\/p>\n\n\n\n<h2 class=\"wp-block-heading\"><strong>La \u00abDama de Hielo\u00bb<\/strong><\/h2>\n\n\n\n<p>El respaldo pol\u00edtico del \u00faltimo &#8216;caudillo&#8217; mexicano y el rotundo fracaso estrat\u00e9gico del h\u00edbrido pol\u00edtico disidente son una mezcla presidencial ya en s\u00ed misma. Sin embargo, a la ecuaci\u00f3n expuesta le falta el factor que termina de culminar la continuidad del proyecto progresista iniciado en 2018:&nbsp;<strong>la constancia de Claudia Sheinbaum.<\/strong><\/p>\n\n\n\n<p>Nieta de inmigrantes jud\u00edos e hija de cient\u00edficos, Sheinbaum arranc\u00f3 su activismo pol\u00edtico muy temprano: durante la universidad, cuando fue una de las cabezas del movimiento estudiantil dentro de su alma mater, la Universidad Nacional Aut\u00f3noma de M\u00e9xico (<a href=\"https:\/\/www.france24.com\/es\/tag\/unam\/\">UNAM<\/a>) cuando cursaba la carrera en F\u00edsica.<\/p>\n\n\n\n<p><strong>Atrapada en la dicotom\u00eda entre la ciencia y la pol\u00edtica, siempre se ubic\u00f3 en el ambiente m\u00e1s moderado y pr\u00e1ctico de la izquierda estudiantil<\/strong>, uno de los movimientos pol\u00edticos m\u00e1s poderosos en la urbanidad.<\/p>\n\n\n\n<figure class=\"wp-block-image\"><img decoding=\"async\" src=\"https:\/\/s.france24.com\/media\/display\/592a5404-215d-11ef-adfe-005056bf30b7\/000_34UH4RG.jpg\" alt=\"La candidate du parti Morena, Claudia Sheinbaum, \u00e0 son arriv\u00e9e au bureau de vote \u00e0 Mexico City (Mexique), dimanche 2 juin 2024.\"\/><figcaption>La candidata del partido Morena, Claudia Sheinbaum, a su llegada a la casilla electoral en la Ciudad de M\u00e9xico (M\u00e9xico), el domingo 2 de junio de 2024.&nbsp;\u00a9 AFP \/ Yuri Cortez<\/figcaption><\/figure>\n\n\n\n<p>Tras dos d\u00e9cadas mezclando el activismo pol\u00edtico, la investigaci\u00f3n acad\u00e9mica y la crianza de sus hijos, Sheinbaum entr\u00f3 a la esfera obradorista en el a\u00f1o 2000, cuando AMLO triunf\u00f3 en las elecciones por la alcald\u00eda de la Ciudad de M\u00e9xico. L\u00f3pez Obrador encontr\u00f3 en la ahora nueva presidenta a una cient\u00edfica, con ideolog\u00eda progresista, que encajaba perfectamente en el perfil que buscaba para comandar la Secretar\u00eda de Medio Ambiente de su gabinete.<strong>&nbsp;Desde all\u00ed, el camino de ambos ya no se separ\u00f3.<\/strong><\/p>\n\n\n\n<p>A trav\u00e9s de un camino marcado por esc\u00e1ndalos de corrupci\u00f3n protagonizados por su exesposo y antiguo dirigente del PRD, Carlos Imaz, y pol\u00e9micas por la asignaci\u00f3n de permisos irregulares para la infraestructura,&nbsp;<strong>Sheinbaum asesor\u00f3 a L\u00f3pez Obrador durante los 18 a\u00f1os que el izquierdista tard\u00f3 en consumar su carrera presidencial, siendo siempre visible en el proceso obradorista<\/strong>, lo que le vali\u00f3 a la cient\u00edfica su propio triunfo en las elecciones capitalinas del mismo a\u00f1o.<\/p>\n\n\n\n<p>Empero, la carrera pol\u00edtica de Sheinbaum ha sido atacada constantemente en la campa\u00f1a presidencial por el frente opositor, aunque no la se\u00f1alan por nexos con el crimen organizado, esc\u00e1ndalos de corrupci\u00f3n, incapacidad pol\u00edtica o esc\u00e1ndalos sensacionalistas utilizados tradicionalmente en los debates p\u00fablicos para denigrar las candidaturas contrarias.<strong>&nbsp;La oposici\u00f3n crucific\u00f3 a Sheinbaum por su supuesto car\u00e1cter fr\u00edo y pragm\u00e1tico.<\/strong><\/p>\n\n\n\n<p><a href=\"https:\/\/www.france24.com\/es\/am%C3%A9rica-latina\/20240408-la-sociedad-que-queremos-los-aspirantes-a-la-presidencia-de-m%C3%A9xico-debaten-el-futuro-del-pa%C3%ADs\">En el primer debate presidencial del pasado mes de abril<\/a>, X\u00f3chitl G\u00e1lvez afirm\u00f3 que Sheinbaum es \u00abfr\u00eda y sin coraz\u00f3n\u00bb, se\u00f1al\u00e1ndola como la responsable principal de la ca\u00edda de la l\u00ednea 12 del metro capitalino y el colapso del Colegio R\u00e9bsamen tras el terremoto que sacud\u00eda la ciudad en 2017, a\u00f1adiendo que la izquierdista \u00abda miedo\u00bb.&nbsp;<a href=\"https:\/\/www.youtube.com\/watch?v=AFXV0qffdLE\" target=\"_blank\" rel=\"noreferrer noopener\">G\u00e1lvez apod\u00f3 a Sheinbaum como \u00abla dama de hielo\u00bb.<\/a><\/p>\n\n\n\n<p>Las calificaciones de la candidata opositora alimentaron un relato popular entre los detractores de Sheinbaum, conceptualiz\u00e1ndola como una mujer distante, fr\u00eda, calculadora y hasta maquiav\u00e9lica, misma que respond\u00eda directamente a una l\u00ednea pol\u00edtica determinada, sin mostrar rasgos de calidez y simpat\u00eda usualmente atribuidos a la figura femenina en la cultura mexicana.&nbsp;<strong>Un discurso opositor que subrayaba la forma que, a su juicio, deber\u00eda comportarse una mujer en la vida pol\u00edtica.<\/strong><\/p>\n\n\n\n<figure class=\"wp-block-image\"><img decoding=\"async\" src=\"https:\/\/s.france24.com\/media\/display\/badf8f1e-2164-11ef-9c8c-005056bf30b7\/2024-05-29T225146Z_1947652007_RC2J08A6GMVQ_RTRMADP_3_MEXICO-ELECTION-SHEINBAUM.JPG\" alt=\"La candidata presidencial del partido gobernante MORENA, Claudia Sheinbaum, levanta el pu\u00f1o mientras pronuncia un discurso durante su mitin de cierre de campa\u00f1a en la Plaza del Z\u00f3calo, en Ciudad de M\u00e9xico, M\u00e9xico, 29 de mayo de 2024.\"\/><figcaption>La candidata presidencial del partido gobernante MORENA, Claudia Sheinbaum, levanta el pu\u00f1o mientras pronuncia un discurso durante su mitin de cierre de campa\u00f1a en la Plaza del Z\u00f3calo, en Ciudad de M\u00e9xico, M\u00e9xico, 29 de mayo de 2024.&nbsp;\u00a9 Reuters \/ Raquel Cunha<\/figcaption><\/figure>\n\n\n\n<p><strong>Las apariciones p\u00fablicas de Sheinbaum con un semblante neutral, sus discursos directos y sint\u00e9ticos, sus respuestas frontales en las entrevistas y su desarrollo pol\u00edtico caracterizado por la mesura, la negociaci\u00f3n y el pragmatismo pol\u00edtico&nbsp;<\/strong>generan en unos un temor hac\u00eda una figura femenina distinta a los c\u00e1nones impuestos por una sociedad lastrada por el machismo, pero esperanza dentro de otras.<\/p>\n\n\n\n<p>\u00abTener una mujer presidenta, para m\u00ed, como mujer mexicana, es que no va a ser como antes, cuando por el simple hecho de decir que eres mujer est\u00e1s limitada a ciertas profesiones. Ahora ya no\u00bb, expres\u00f3 Stephania Navarrete, ama de casa de 34 a\u00f1os, que se\u00f1al\u00f3 su preferencia por la candidata progresista para la agencia AP.<\/p>\n\n\n\n<h2 class=\"wp-block-heading\"><strong>Los datos vs. la militancia: las distintas caras del obradorismo<\/strong><\/h2>\n\n\n\n<p>Uno de los cuestionamientos por parte del sector electoral m\u00e1s cr\u00edtico con el obradorismo, pero sin estar completamente convencido por el proyecto opositor, es la incertidumbre que representa la llegada de Claudia Sheinbaum a la Presidencia mexicana:&nbsp;<strong>\u00bfcontinuar\u00e1 con los pasos de AMLO al pie de la letra o abrir\u00e1 un nuevo camino dentro del obradorismo?<\/strong><\/p>\n\n\n\n<p>Apenas terminada la elecci\u00f3n y confirmado el triunfo de Sheinbaum, es imposible dilucidar el futuro del embrionario gobierno, aunque la expectativa de algunos expertos es que la exalcaldesa pueda tomar una l\u00ednea continuista, pero con matices a la de su antecesor, as\u00ed como lo hizo en algunos puntos de su Gobierno dentro de la Ciudad de M\u00e9xico.<\/p>\n\n\n\n<blockquote class=\"wp-block-quote is-layout-flow wp-block-quote-is-layout-flow\"><p>La l\u00ednea es muy delgada. Claudia Sheinbaum enfrentar\u00e1 su mayor desaf\u00edo a la hora de intentar caminar su propio camino. Su base de apoyo estar\u00e1 dividida entre quieres quieren ajustes en el proyecto de la Cuarta Transformaci\u00f3n, m\u00e1s moderaci\u00f3n y entendimiento; y quienes desean encontrar en ella una calca de AMLO, manteniendo vivo el encono y la polarizaci\u00f3n\u00bb, sentenci\u00f3 Alonso Mu\u00f1oz.<\/p><\/blockquote>\n\n\n\n<p>Durante su \u00e9poca a la cabeza del gobierno capitalino, Sheinbaum demostr\u00f3 ser capaz de discernir, levemente quiz\u00e1, las directrices enviadas por L\u00f3pez Obrador. En la pandemia por Covid-19, por ejemplo, Sheinbaum implement\u00f3 una pol\u00edtica de salud opuesta a la construida desde el Palacio Nacional, haciendo obligatorio el uso de cubrebocas en la ciudad, manteniendo los lineamientos del distanciamiento social y adoptando desde muy temprano en la \u00e9poca las recomendaciones provenientes de instituciones internacionales como la Organizaci\u00f3n Mundial de la Salud (<a href=\"https:\/\/www.france24.com\/es\/tag\/organizaci%C3%B3n-mundial-de-la-salud-oms\/2\/\">OMS<\/a>).<\/p>\n\n\n\n<figure class=\"wp-block-image\"><img decoding=\"async\" src=\"https:\/\/s.france24.com\/media\/display\/17e5f1b2-2165-11ef-9889-005056a90284\/AP24094709264602.jpg\" alt=\"IMAGEN DE ARCHIVO: El presidente de M\u00e9xico, Andr\u00e9s Manuel L\u00f3pez Obrador, a la derecha, y la alcaldesa Claudia Sheinbaum, saludan a simpatizantes en un mitin en la plaza principal de la Ciudad de M\u00e9xico, el Z\u00f3calo, el 1 de julio de 2019.\"\/><figcaption>IMAGEN DE ARCHIVO: El presidente de M\u00e9xico, Andr\u00e9s Manuel L\u00f3pez Obrador, a la derecha, y la alcaldesa Claudia Sheinbaum, saludan a simpatizantes en un mitin en la plaza principal de la Ciudad de M\u00e9xico, el Z\u00f3calo, el 1 de julio de 2019.&nbsp;\u00a9 AP \/ Fernando Llano<\/figcaption><\/figure>\n\n\n\n<p>Aunque eso no impidi\u00f3 que la Ciudad de M\u00e9xico registrara la mayor cantidad de muertes por la pandemia a nivel federal, Sheinbaum mostr\u00f3 que puede disentir de las ideas provenientes de la mente de L\u00f3pez Obrador.<\/p>\n\n\n\n<p>Sheinbaum lider\u00f3 su gobierno en la capital a trav\u00e9s de la interpretaci\u00f3n de los datos, la relaci\u00f3n con sus allegados m\u00e1s cercanos en el gabinete y el respaldo de investigaciones internas. Una postura respaldada en los datos y no en la tradici\u00f3n de lucha pol\u00edtica que empu\u00f1\u00f3 AMLO.<\/p>\n\n\n\n<blockquote class=\"wp-block-quote is-layout-flow wp-block-quote-is-layout-flow\"><p>L\u00f3pez Obrador es insustituible. A m\u00ed me va a tocar ser presidenta en un periodo diferente. Mi liderazgo depender\u00e1 de mi personalidad y ser\u00e1 como el que ejerc\u00eda en el gobierno de la Ciudad de M\u00e9xico, basado en los resultados, la entrega y la honestidad\u00bb, mencion\u00f3 Sheinbaum en una entrevista con &#8216;El Pa\u00eds&#8217;, donde a\u00f1adi\u00f3 que, al final, \u00abquien va a gobernar soy yo\u00bb.<\/p><\/blockquote>\n\n\n\n<p>Leer tambi\u00e9n<a href=\"https:\/\/www.france24.com\/es\/video\/20240528-carlos-matienzo-un-eventual-gobierno-de-sheinbaum-cambiar%C3%ADa-su-relaci%C3%B3n-con-la-oposici%C3%B3n\">&#8216;Un gobierno de Sheinbaum cambiar\u00e1 su relaci\u00f3n con la oposici\u00f3n&#8217;<\/a><\/p>\n\n\n\n<h2 class=\"wp-block-heading\"><strong>\u00bfCu\u00e1les son los primeros retos para Claudia Sheinbaum?<\/strong><\/h2>\n\n\n\n<p>Los dados est\u00e1n lanzados, Sheinbaum es la nueva presidenta de M\u00e9xico y ser\u00e1 la encargada de trazar el futuro de uno de los pilares de la regi\u00f3n latinoamericana por los pr\u00f3ximos seis a\u00f1os. Pero la presidenta cient\u00edfica no encuentra un panorama f\u00e1cil para sus primeros d\u00edas.&nbsp;<\/p>\n\n\n\n<p>El sexenio de Andr\u00e9s Manuel L\u00f3pez Obrador termina dejando registros hist\u00f3ricos en materia de seguridad,&nbsp;<strong>siendo el per\u00edodo presidencial m\u00e1s violento de la modernidad mexicana,<\/strong>&nbsp;marcado por una estrategia de seguridad ampliamente cuestionada por su pasividad en la lucha contra el narcotr\u00e1fico, la militarizaci\u00f3n de la estructura policial y la inefectividad de la pol\u00e9mica Guardia Nacional.&nbsp;<\/p>\n\n\n\n<p>Sheinbaum ha dejado claro que continuar\u00e1 con la visi\u00f3n impuesta por L\u00f3pez Obrador, atacando las causas estructurales del crimen organizado, que basa sus filas en personas oriundas de las comunidades m\u00e1s vulnerables del pa\u00eds, y despu\u00e9s con un enfoque de \u00abjusticia\u00bb a trav\u00e9s de la investigaci\u00f3n y la efectividad del sistema judicial.<\/p>\n\n\n\n<p>Pero para conseguirlo,&nbsp;<strong>Sheinbaum deber\u00e1 tener una vocaci\u00f3n negociadora mucho mayor de la que tuvo su antecesor.<\/strong><\/p>\n\n\n\n<p>A pesar de haber alcanzado una mayor\u00eda dentro del Poder Legislativo, Alfredo Couti\u00f1o, director para Am\u00e9rica Latina en Moody\u2019s Analytics, resalta la importancia que tendr\u00e1 el esfuerzo conciliador desde el Poder Ejecutivo para conseguir materializar los ambiciosos proyectos de reforma que promete la izquierdista.<\/p>\n\n\n\n<figure class=\"wp-block-image\"><img decoding=\"async\" src=\"https:\/\/s.france24.com\/media\/display\/78cbbbee-209b-11ef-91bc-005056bfb2b6\/b5ade2011de2167550244eb20b8d5cf5a584e8e8.jpg\" alt=\"La candidata oficialista a presidenta de M\u00e9xico, la izquierdista Claudia Sheinbaum, del partido Morena, saluda a simpatizantes en el cierre de su campa\u00f1a en el Z\u00f3calo de Ciudad de M\u00e9xico, el 29 de mayo de 2024\"\/><figcaption>La candidata oficialista a presidenta de M\u00e9xico, la izquierdista Claudia Sheinbaum, del partido Morena, saluda a simpatizantes en el cierre de su campa\u00f1a en el Z\u00f3calo de Ciudad de M\u00e9xico, el 29 de mayo de 2024&nbsp;\u00a9 Alfredo ESTRELLA \/ AFP<\/figcaption><\/figure>\n\n\n\n<p>Uno de los grandes desaf\u00edos del nuevo gobierno mexicano ser\u00e1 \u00abrestablecer la unidad nacional a trav\u00e9s de lograr un consenso entre las diferentes fuerzas pol\u00edticas y sociales para acabar con la polarizaci\u00f3n agravada en los \u00faltimos seis a\u00f1os.\u00bb, manifest\u00f3 Couti\u00f1o en entrevista para France 24.<\/p>\n\n\n\n<p>En materia econ\u00f3mica, la exalcaldesa se enfrenta a un panorama complejo. Ante las pr\u00f3ximas elecciones en&nbsp;<a href=\"https:\/\/www.france24.com\/es\/tag\/estados-unidos\/\">Estados Unidos<\/a>&nbsp;y la inminente renegociaci\u00f3n del TMEC (tratado comercial de M\u00e9xico, EE. UU. y&nbsp;<a href=\"https:\/\/www.france24.com\/es\/tag\/canad%C3%A1\/\">Canad\u00e1<\/a>), Sheinbaum deber\u00e1 construir un puente de comunicaci\u00f3n continua y efectiva con Washington y Ottawa, sus m\u00e1s pr\u00f3ximos socios comerciales.&nbsp;<\/p>\n\n\n\n<p>\u00abM\u00e9xico enfrentar\u00eda un gran reto en materia comercial: primero, debe limar las asperezas que existen en la relaci\u00f3n bilateral con Estados Unidos y, segundo, enfrentar una renegociaci\u00f3n satisfactoria del acuerdo comercial trilateral,&nbsp;de tal forma de potenciar los beneficios para M\u00e9xico y eliminar los posibles conflictos que pudieran derivarse de su relaci\u00f3n comercial con China\u00bb, se\u00f1al\u00f3 Couti\u00f1o.&nbsp;<\/p>\n\n\n\n<p>El combate al cambio clim\u00e1tico, la recuperaci\u00f3n de la diplomacia mexicana, el desarrollo social, el impulso a la igualdad de g\u00e9nero y los derechos LGBTIQ+ tambi\u00e9n son tareas pendientes para el nuevo gobierno mexicano, que,&nbsp;<strong>si se adscribe como un proyecto de izquierda<\/strong>, deber\u00eda tener en su agenda pol\u00edtica.&nbsp;<\/p>\n\n\n\n<p>M\u00e9xico tiene nueva presidenta, la primera en su historia, una cient\u00edfica y militante moderada que enfrenta su mayor reto dentro de su propio movimiento, a\u00fan bajo el cobijo y la pesada sombra de un pol\u00e9mico pero hist\u00f3rico l\u00edder social que en diciembre se retira de la vida pol\u00edtica nacional, seg\u00fan sus propias palabras.<\/p>\n\n\n\n<p>M\u00e9xico tiene su primera presidenta.<\/p>\n\n\n\n<p>Con AP y medios locales<\/p>\n","protected":false},"excerpt":{"rendered":"<p>Maximiliano P\u00e9rez Gallardo \/ FRANCE 24 Ciudad de M\u00e9xico \u2013\u00a0Tras una jornada electoral pac\u00edfica y con \u00edndices de participaci\u00f3n hist\u00f3ricos, [&hellip;]<\/p>\n","protected":false},"author":1,"featured_media":75965,"comment_status":"open","ping_status":"open","sticky":false,"template":"","format":"standard","meta":{"site-sidebar-layout":"default","site-content-layout":"","ast-site-content-layout":"default","site-content-style":"default","site-sidebar-style":"default","ast-global-header-display":"","ast-banner-title-visibility":"","ast-main-header-display":"","ast-hfb-above-header-display":"","ast-hfb-below-header-display":"","ast-hfb-mobile-header-display":"","site-post-title":"","ast-breadcrumbs-content":"","ast-featured-img":"","footer-sml-layout":"","theme-transparent-header-meta":"","adv-header-id-meta":"","stick-header-meta":"","header-above-stick-meta":"","header-main-stick-meta":"","header-below-stick-meta":"","astra-migrate-meta-layouts":"default","ast-page-background-enabled":"default","ast-page-background-meta":{"desktop":{"background-color":"var(--ast-global-color-4)","background-image":"","background-repeat":"repeat","background-position":"center center","background-size":"auto","background-attachment":"scroll","background-type":"","background-media":"","overlay-type":"","overlay-color":"","overlay-opacity":"","overlay-gradient":""},"tablet":{"background-color":"","background-image":"","background-repeat":"repeat","background-position":"center center","background-size":"auto","background-attachment":"scroll","background-type":"","background-media":"","overlay-type":"","overlay-color":"","overlay-opacity":"","overlay-gradient":""},"mobile":{"background-color":"","background-image":"","background-repeat":"repeat","background-position":"center center","background-size":"auto","background-attachment":"scroll","background-type":"","background-media":"","overlay-type":"","overlay-color":"","overlay-opacity":"","overlay-gradient":""}},"ast-content-background-meta":{"desktop":{"background-color":"var(--ast-global-color-5)","background-image":"","background-repeat":"repeat","background-position":"center center","background-size":"auto","background-attachment":"scroll","background-type":"","background-media":"","overlay-type":"","overlay-color":"","overlay-opacity":"","overlay-gradient":""},"tablet":{"background-color":"var(--ast-global-color-5)","background-image":"","background-repeat":"repeat","background-position":"center center","background-size":"auto","background-attachment":"scroll","background-type":"","background-media":"","overlay-type":"","overlay-color":"","overlay-opacity":"","overlay-gradient":""},"mobile":{"background-color":"var(--ast-global-color-5)","background-image":"","background-repeat":"repeat","background-position":"center center","background-size":"auto","background-attachment":"scroll","background-type":"","background-media":"","overlay-type":"","overlay-color":"","overlay-opacity":"","overlay-gradient":""}},"footnotes":""},"categories":[8],"tags":[25755,1505,25754,25756],"class_list":["post-75963","post","type-post","status-publish","format-standard","has-post-thumbnail","hentry","category-noticias","tag-caras-del-obradorismo","tag-claudia-sheinbaum","tag-la-dama-de-hielo","tag-retos-de-sheinbaum"],"_links":{"self":[{"href":"https:\/\/losperiodistas.com.mx\/portal\/wp-json\/wp\/v2\/posts\/75963","targetHints":{"allow":["GET"]}}],"collection":[{"href":"https:\/\/losperiodistas.com.mx\/portal\/wp-json\/wp\/v2\/posts"}],"about":[{"href":"https:\/\/losperiodistas.com.mx\/portal\/wp-json\/wp\/v2\/types\/post"}],"author":[{"embeddable":true,"href":"https:\/\/losperiodistas.com.mx\/portal\/wp-json\/wp\/v2\/users\/1"}],"replies":[{"embeddable":true,"href":"https:\/\/losperiodistas.com.mx\/portal\/wp-json\/wp\/v2\/comments?post=75963"}],"version-history":[{"count":1,"href":"https:\/\/losperiodistas.com.mx\/portal\/wp-json\/wp\/v2\/posts\/75963\/revisions"}],"predecessor-version":[{"id":75966,"href":"https:\/\/losperiodistas.com.mx\/portal\/wp-json\/wp\/v2\/posts\/75963\/revisions\/75966"}],"wp:featuredmedia":[{"embeddable":true,"href":"https:\/\/losperiodistas.com.mx\/portal\/wp-json\/wp\/v2\/media\/75965"}],"wp:attachment":[{"href":"https:\/\/losperiodistas.com.mx\/portal\/wp-json\/wp\/v2\/media?parent=75963"}],"wp:term":[{"taxonomy":"category","embeddable":true,"href":"https:\/\/losperiodistas.com.mx\/portal\/wp-json\/wp\/v2\/categories?post=75963"},{"taxonomy":"post_tag","embeddable":true,"href":"https:\/\/losperiodistas.com.mx\/portal\/wp-json\/wp\/v2\/tags?post=75963"}],"curies":[{"name":"wp","href":"https:\/\/api.w.org\/{rel}","templated":true}]}}