{"id":75946,"date":"2024-06-03T07:20:05","date_gmt":"2024-06-03T12:20:05","guid":{"rendered":"https:\/\/losperiodistas.com.mx\/portal\/?p=75946"},"modified":"2024-06-03T07:20:07","modified_gmt":"2024-06-03T12:20:07","slug":"se-enfrenta-sheinbaum-a-doble-esfuerzo-por-machismo-pero-tambien-a-expectativas-y-anhelos-la-lista","status":"publish","type":"post","link":"https:\/\/losperiodistas.com.mx\/portal\/se-enfrenta-sheinbaum-a-doble-esfuerzo-por-machismo-pero-tambien-a-expectativas-y-anhelos-la-lista\/","title":{"rendered":"Se enfrenta Sheinbaum a doble esfuerzo por machismo, pero tambi\u00e9n a expectativas y anhelos | La-Lista"},"content":{"rendered":"\n<p>Una agenda de g\u00e9nero, ambiental, protectora de los derechos de todas las personas, abierta al di\u00e1logo y que rompa con el pacto patriarcal: es lo que algunos sectores de la poblaci\u00f3n desear\u00edan del nuevo gobierno de Claudia Sheinbaum.<\/p>\n\n\n\n<figure class=\"wp-block-image size-large\"><img fetchpriority=\"high\" decoding=\"async\" width=\"1024\" height=\"632\" src=\"https:\/\/losperiodistas.com.mx\/portal\/wp-content\/uploads\/2024\/06\/WhatsApp-Image-2024-05-31-at-6.46.14-PM-1024x632.jpg\" alt=\"\" class=\"wp-image-75947\" srcset=\"https:\/\/losperiodistas.com.mx\/portal\/wp-content\/uploads\/2024\/06\/WhatsApp-Image-2024-05-31-at-6.46.14-PM-1024x632.jpg 1024w, https:\/\/losperiodistas.com.mx\/portal\/wp-content\/uploads\/2024\/06\/WhatsApp-Image-2024-05-31-at-6.46.14-PM-300x185.jpg 300w, https:\/\/losperiodistas.com.mx\/portal\/wp-content\/uploads\/2024\/06\/WhatsApp-Image-2024-05-31-at-6.46.14-PM-768x474.jpg 768w, https:\/\/losperiodistas.com.mx\/portal\/wp-content\/uploads\/2024\/06\/WhatsApp-Image-2024-05-31-at-6.46.14-PM.jpg 1280w\" sizes=\"(max-width: 1024px) 100vw, 1024px\" \/><figcaption>Portada: Majito V\u00e1zquez\/ La Lista<\/figcaption><\/figure>\n\n\n\n<p class=\"has-vivid-red-color has-text-color has-medium-font-size\"><strong><a href=\"https:\/\/la-lista.com\/autor\/aura-garcia-y-melissa-galvan\">Aura Garc\u00eda y Melissa Galv\u00e1n<\/a> \/ LA-LISTA<\/strong><\/p>\n\n\n\n<p>Claudia Sheinbaum se convirti\u00f3 este 2 de junio en la virtual ganadora de la elecci\u00f3n, lo que la perfila a convertirse en la primera mujer presidenta en la historia democr\u00e1tica de nuestro pa\u00eds, un acontecimiento que ha desatado la expectativa entre sus pares.<\/p>\n\n\n\n<p>De acuerdo con el Instituto Nacional Electoral (INE), los resultados del conteo r\u00e1pido perfilan a Claudia Sheinbaum con un rango de votos de entre el 58.3% y el 60.7%. Estos resultados apuntan a un triunfo contundente de la morenista de hasta 32 puntos por encima de sus contrincantes.<\/p>\n\n\n\n<figure class=\"wp-block-image\"><a href=\"https:\/\/la-lista.com\/poder\/2024\/03\/19\/claudia-sheinbaum-se-compromete-a-atender-causas-de-desapariciones-y-a-las-victimas\" target=\"_blank\" rel=\"noreferrer noopener\"><img decoding=\"async\" src=\"https:\/\/i0.wp.com\/la-lista.com\/wp-content\/uploads\/2024\/03\/Claudia-Sheinbaum-Reynosa-Tamaulipas.jpeg?resize=600%2C412&amp;ssl=1\" alt=\"Se enfrenta Sheinbaum a doble esfuerzo por machismo, pero tambi\u00e9n a expectativas y anhelos - Claudia-Sheinbaum-Reynosa-Tamaulipas-600x412\" title=\"Claudia Sheinbaum se compromete a atender causas de desapariciones y a las v\u00edctimas\"\/><\/a><\/figure>\n\n\n\n<p><a target=\"_blank\" href=\"https:\/\/la-lista.com\/seccion\/poder\" rel=\"noreferrer noopener\">PODER<\/a><strong><a target=\"_blank\" href=\"https:\/\/la-lista.com\/poder\/2024\/03\/19\/claudia-sheinbaum-se-compromete-a-atender-causas-de-desapariciones-y-a-las-victimas\" rel=\"noreferrer noopener\">Claudia Sheinbaum se compromete a atender causas de desapariciones y a las v\u00edctimas<\/a><\/strong><a target=\"_blank\" href=\"https:\/\/la-lista.com\/poder\/2024\/03\/19\/claudia-sheinbaum-se-compromete-a-atender-causas-de-desapariciones-y-a-las-victimas\" rel=\"noreferrer noopener\">LEER MAS<\/a><\/p>\n\n\n\n<p>De confirmarse los resultados, Sheinbaum Pardo ser\u00e1 la primera mujer presidenta de M\u00e9xico, por lo que en&nbsp;<strong>La-Lista<\/strong>&nbsp;abrimos el di\u00e1logo con mujeres de todas las edades y sectores sociales respecto a la agenda y el gobierno que imaginan con la morenista.<\/p>\n\n\n\n<p>Entre las personas consultadas, hay opiniones diversas, que incluyen cr\u00edticas o rechazo a ciertas pol\u00edticas p\u00fablicas, pero tambi\u00e9n muchos anhelos para que a la poblaci\u00f3n, el medio ambiente y los animales de este pa\u00eds les vaya mejor.<\/p>\n\n\n\n<p>\u00bfLa primera mujer presidenta puede marcar un antes y un despu\u00e9s?, \u00bfdebe dejar un sello?, \u00bfdebe distinguirse por alguna cualidad? Esto nos dijeron.<\/p>\n\n\n\n<figure class=\"wp-block-image\"><img decoding=\"async\" src=\"https:\/\/i0.wp.com\/la-lista.com\/wp-content\/uploads\/2024\/06\/Expectativas-de-la-primera-mujer-presidenta.jpeg?resize=800%2C531&amp;ssl=1\" alt=\"Se enfrenta Sheinbaum a doble esfuerzo por machismo, pero tambi\u00e9n a expectativas y anhelos - Expectativas-de-la-primera-mujer-presidenta-1280x850\" class=\"wp-image-638427\"\/><figcaption>Foto: Alejandro Aguilar<\/figcaption><\/figure>\n\n\n\n<h2 class=\"wp-block-heading\" id=\"h-seguridad-con-perspectiva-de-genero\"><strong>Seguridad con perspectiva de g\u00e9nero<\/strong><\/h2>\n\n\n\n<p>El colectivo Por ti, por m\u00ed, por nosotras, por todas (con presencia en la Ciudad y el Estado de M\u00e9xico), apunt\u00f3 que lo que espera de una mujer presidenta es que reconozca al movimiento feminista y sus causas, pero en especial destaca la necesidad de que una presidenta se muestre emp\u00e1tica con esta lucha.<\/p>\n\n\n\n<p>\u201cLo que esperamos de una mujer presidenta es que nos nombre. Que nos visibilice. Que nos atienda. Que nos escuche. Que empatice. Que como mujer luche con nosotras, no contra nosotras y que rompa el pacto patriarcal. En especial, que defienda a las mujeres, ni\u00f1as y adolescentes\u201d.<\/p>\n\n\n\n<p>Claudia Sheinbaum no mantuvo la mejor relaci\u00f3n con este sector cuando gobern\u00f3 la Ciudad de M\u00e9xico. Las feministas la acusaron de no sensibilizarse con la causa y de reprimirlas en diferentes protestas.<\/p>\n\n\n\n<p>Sobre el partido en el poder, advirtieron que la administraci\u00f3n de Andr\u00e9s Manuel L\u00f3pez Obrador les invisibiliz\u00f3 y criminaliz\u00f3, por lo que exhortaron a que la morenista no cierre los ojos ante las problem\u00e1ticas que aquejan a las mujeres, como la violencia machista y tome las medidas necesarias para erradicarla.<\/p>\n\n\n\n<figure class=\"wp-block-image\"><a href=\"https:\/\/la-lista.com\/genero\/2024\/03\/07\/elecciones-2024-exige-a-tu-candidato-que-piden-colectivas-feministas-a-candidatos\" target=\"_blank\" rel=\"noreferrer noopener\"><img decoding=\"async\" src=\"https:\/\/i0.wp.com\/la-lista.com\/wp-content\/uploads\/2024\/03\/colectivas-feministas-candidatos.jpeg?resize=600%2C370&amp;ssl=1\" alt=\"Se enfrenta Sheinbaum a doble esfuerzo por machismo, pero tambi\u00e9n a expectativas y anhelos - colectivas-feministas-candidatos-600x370\" title=\"#ExigeATuCandidat@: La-Lista de demandas de colectivas feministas a las y los aspirantes\"\/><\/a><\/figure>\n\n\n\n<p><a target=\"_blank\" href=\"https:\/\/la-lista.com\/seccion\/genero\" rel=\"noreferrer noopener\">G\u00c9NERO<\/a><strong><a target=\"_blank\" href=\"https:\/\/la-lista.com\/genero\/2024\/03\/07\/elecciones-2024-exige-a-tu-candidato-que-piden-colectivas-feministas-a-candidatos\" rel=\"noreferrer noopener\">#ExigeATuCandidat@: La-Lista de demandas de colectivas feministas a las y los aspirantes<\/a><\/strong><a target=\"_blank\" href=\"https:\/\/la-lista.com\/genero\/2024\/03\/07\/elecciones-2024-exige-a-tu-candidato-que-piden-colectivas-feministas-a-candidatos\" rel=\"noreferrer noopener\">LEER MAS<\/a><\/p>\n\n\n\n<p>\u201cEsperar\u00edamos que reconozca el problema y accione. Que declare la Alerta de Violencia de G\u00e9nero a nivel nacional. S\u00ed es tiempo de mujeres, pero para ello, necesitamos seguir con vida, con recursos para las necesidades b\u00e1sicas y si eso no se cubre ni se reconoce, no podr\u00e1 ser nuestro tiempo\u201d, expres\u00f3 el colectivo.<\/p>\n\n\n\n<p>Eunice Rend\u00f3n, experta en seguridad, prevenci\u00f3n y migraci\u00f3n, tambi\u00e9n espera que la presidenta de M\u00e9xico enarbole la causa de erradicaci\u00f3n de la violencia contra mujeres y ni\u00f1as y que lidere cambios significativos para trabajar en materia de justicia, detecci\u00f3n temprana de feminicidios, inteligencia e investigaci\u00f3n.<\/p>\n\n\n\n<p>Adem\u00e1s, hace votos por una administraci\u00f3n que privilegie la seguridad desde un enfoque civil, fortalezca las polic\u00edas y que tenga una pol\u00edtica migratoria con verdadera perspectiva de derechos humanos.<\/p>\n\n\n\n<p>\u201cEspero una pol\u00edtica de seguridad que no sea militarizada, que se fije en las causas, una polic\u00eda mucho m\u00e1s cercana y con perspectiva de g\u00e9nero y proximidad. Se necesita una estrategia de seguridad diferenciada en los estados y una pol\u00edtica migratoria con perspectiva laboral y de derechos humanos, para no seguir siendo el muro de Estados Unidos\u201d, puntualiza.&nbsp;<\/p>\n\n\n\n<figure class=\"wp-block-image\"><img decoding=\"async\" src=\"https:\/\/i0.wp.com\/la-lista.com\/wp-content\/uploads\/2024\/06\/WhatsApp-Image-2024-06-02-at-12.22.18-AM-1.jpeg?resize=800%2C534&amp;ssl=1\" alt=\"Se enfrenta Sheinbaum a doble esfuerzo por machismo, pero tambi\u00e9n a expectativas y anhelos - WhatsApp-Image-2024-06-02-at-12.22.18-AM-1\" class=\"wp-image-637859\"\/><figcaption>Foto: Alejandro Aguilar<\/figcaption><\/figure>\n\n\n\n<h2 class=\"wp-block-heading\" id=\"h-rechazo-a-agresores-y-a-crimenes-de-odio\"><strong>Rechazo a agresores y a cr\u00edmenes de odio<\/strong><\/h2>\n\n\n\n<p>Sheinbaum es una mujer que no se identifica con los partidos de derecha o el ala que califica de \u201cconservadora\u201d; sin embargo, en los debates presidenciales evit\u00f3 pronunciarse por causas que ha abanderado abiertamente la izquierda, como el derecho de las mujeres a decidir sobre su propio cuerpo y el respeto a la diversidad de identidad y de g\u00e9nero.<\/p>\n\n\n\n<p>En el segundo, la moderadora pidi\u00f3 una postura sobre los cr\u00edmenes de odio, pero la candidata morenista contest\u00f3 de forma gen\u00e9rica. Para Victoria S\u00e1mano, defensora de los derechos de las personas trans, esto no deber\u00eda repetirse una vez que asuma el cargo.<\/p>\n\n\n\n<p>\u201cLo que s\u00ed le exigir\u00eda a la presidenta es que se pronuncie contundentemente contra los transfeminicidios, la violencia que nos sigue matando, y que impulse la tipificaci\u00f3n de este crimen de odio. Mi postura siempre ha sido a favor de una Ley Integral Trans y mantendr\u00eda esa demanda este sexenio\u201d, explica.<\/p>\n\n\n\n<p>La activista reconoce que la elecci\u00f3n de la primer gobernante mujer ha levantado entusiasmo entre algunos sectores, pero ella admite no sentir mucha esperanza luego de ver el camino que recorri\u00f3 el Presidente L\u00f3pez Obrador.<\/p>\n\n\n\n<figure class=\"wp-block-image\"><a href=\"https:\/\/la-lista.com\/derechos-humanos\/2024\/05\/17\/exigeatucandidat-la-lista-de-demandas-de-integrantes-de-la-comunidad-lgbt-a-las-y-los-candidatos\" target=\"_blank\" rel=\"noreferrer noopener\"><img decoding=\"async\" src=\"https:\/\/i0.wp.com\/la-lista.com\/wp-content\/uploads\/2024\/05\/demanda-comunidad-lgbti-reconocimiento-a-sus-derechos.jpeg?resize=600%2C370&amp;ssl=1\" alt=\"Se enfrenta Sheinbaum a doble esfuerzo por machismo, pero tambi\u00e9n a expectativas y anhelos - demanda-comunidad-lgbti-reconocimiento-a-sus-derechos-600x370\" title=\"#ExigeATuCandidat@: La Lista de demandas de la comunidad LGBT+ a las y los candidatos\"\/><\/a><\/figure>\n\n\n\n<p><a target=\"_blank\" href=\"https:\/\/la-lista.com\/seccion\/derechos-humanos\" rel=\"noreferrer noopener\">DERECHOS HUMANOS<\/a><strong><a target=\"_blank\" href=\"https:\/\/la-lista.com\/derechos-humanos\/2024\/05\/17\/exigeatucandidat-la-lista-de-demandas-de-integrantes-de-la-comunidad-lgbt-a-las-y-los-candidatos\" rel=\"noreferrer noopener\">#ExigeATuCandidat@: La Lista de demandas de la comunidad LGBT+ a las y los candidatos<\/a><\/strong><a target=\"_blank\" href=\"https:\/\/la-lista.com\/derechos-humanos\/2024\/05\/17\/exigeatucandidat-la-lista-de-demandas-de-integrantes-de-la-comunidad-lgbt-a-las-y-los-candidatos\" rel=\"noreferrer noopener\">LEER MAS<\/a><\/p>\n\n\n\n<p>&nbsp;\u201cHay much\u00edsimas expectativas de que una presidenta pueda cambiar el rumbo del pa\u00eds, pero hay que considerar que todav\u00eda vivimos en un pa\u00eds sumamente machista, as\u00ed que imagino que veremos m\u00e1s de lo mismo. Claudia Sheinbaum todav\u00eda tiene que responder a intereses econ\u00f3micos y pol\u00edticos que hay en las esferas del poder, y a las que les son inc\u00f3modos los movimientos sociales como los feminismos, la diversidad sexual y la defensa del medio ambiente\u201d, ataja.<\/p>\n\n\n\n<p>Algo parecido le ocurre a Mar\u00eda Elena R\u00edos, persona ind\u00edgena y saxofonista que tiene sus reservas con el partido guinda, pero que no pierde la esperanza de que durante este sexenio m\u00e1s mujeres puedan brillar en encargos relevantes para el pa\u00eds.<\/p>\n\n\n\n<p>\u201cLe pedir\u00eda a Claudia Sheinbaum que la inclusi\u00f3n de la mujer en su gabinete y su gesti\u00f3n, no sea solo con mujeres blancas, como lo vimos en la campa\u00f1a, sino que abra espacios para mujeres que hist\u00f3ricamente no han ocupado cargos de poder como las mujeres afro descendientes y las ind\u00edgenas. Creo que es una gran oportunidad para que se pueda dar a conocer el potencial de muchas mujeres racializadas\u201d.<\/p>\n\n\n\n<p>Elena, quien es sobreviviente de feminicidio y fue v\u00edctima de un ataque \u00e1cido, considera necesario que, \u201cdesde el poder, no se tolere a los agresores, no se les proteja y no se les premie\u201d. As\u00ed que le pide a la primera mujer presidenta tener congruencia, conciencia y sensibilidad al presentar su agenda en favor de las mujeres.<\/p>\n\n\n\n<figure class=\"wp-block-image\"><img decoding=\"async\" src=\"https:\/\/i0.wp.com\/la-lista.com\/wp-content\/uploads\/2024\/06\/WhatsApp-Image-2024-06-02-at-12.22.18-AM.jpeg?resize=800%2C533&amp;ssl=1\" alt=\"Se enfrenta Sheinbaum a doble esfuerzo por machismo, pero tambi\u00e9n a expectativas y anhelos - WhatsApp-Image-2024-06-02-at-12.22.18-AM\" class=\"wp-image-637857\"\/><figcaption>Fotograf\u00eda de archivo: Alejandro Aguilar<\/figcaption><\/figure>\n\n\n\n<h2 class=\"wp-block-heading\" id=\"h-mas-escucha-dialogo-y-reflexion\"><strong>M\u00e1s escucha, di\u00e1logo y reflexi\u00f3n<\/strong><\/h2>\n\n\n\n<p>Con las consecuencias latentes del cambio clim\u00e1tico y el anuncio de que posiblemente 2024 se convertir\u00e1 en el a\u00f1o m\u00e1s caliente de la historia, mujeres ambientalistas y protectoras de los derechos animales, tambi\u00e9n exponen lo que para ellas deber\u00eda ser esencial durante el pr\u00f3ximo sexenio.<\/p>\n\n\n\n<p>E invitan a la pr\u00f3xima Presidenta a promover legislaciones pendientes y dar un giro de tim\u00f3n frente a decisiones pol\u00e9micas y que consideran da\u00f1inas.<\/p>\n\n\n\n<p>Gemma Santana, cofundadora de la organizaci\u00f3n Voto por el Clima, espera que Claudia Sheinbaum recupere las instituciones encargadas de proteger al medio ambiente, que le regrese los recursos de vigilancia a las \u00e1reas naturales protegidas y que reactive el programa de servicios nacionales de la Comisi\u00f3n Nacional Forestal (Conafor).<\/p>\n\n\n\n<p>Adem\u00e1s, la exhorta a que -como cient\u00edfica- reconsidere la marcha de algunos proyectos de infraestructura, emprenda la urgente transici\u00f3n energ\u00e9tica de modo que al menos el 30% de las fuentes de energ\u00edas sean renovables y apueste a cumplir los objetivos de la agenda 2030.<\/p>\n\n\n\n<figure class=\"wp-block-image\"><a href=\"https:\/\/la-lista.com\/poder\/politica\/2024\/04\/12\/exige-a-tu-candidato-la-lista-de-demandas-de-animalistas-a-las-y-los-candidatos-de-mexico\" target=\"_blank\" rel=\"noreferrer noopener\"><img decoding=\"async\" src=\"https:\/\/i0.wp.com\/la-lista.com\/wp-content\/uploads\/2024\/04\/exige-a-tu-candidato-animalistas.jpg?resize=600%2C370&amp;ssl=1\" alt=\"Se enfrenta Sheinbaum a doble esfuerzo por machismo, pero tambi\u00e9n a expectativas y anhelos - exige-a-tu-candidato-animalistas-600x370\" title=\"#ExigeATuCandidat@: La-Lista de demandas de animalistas a las y los aspirantes\"\/><\/a><\/figure>\n\n\n\n<p><a target=\"_blank\" href=\"https:\/\/la-lista.com\/seccion\/poder\" rel=\"noreferrer noopener\">PODER<\/a><strong><a target=\"_blank\" href=\"https:\/\/la-lista.com\/poder\/politica\/2024\/04\/12\/exige-a-tu-candidato-la-lista-de-demandas-de-animalistas-a-las-y-los-candidatos-de-mexico\" rel=\"noreferrer noopener\">#ExigeATuCandidat@: La-Lista de demandas de animalistas a las y los aspirantes<\/a><\/strong><a target=\"_blank\" href=\"https:\/\/la-lista.com\/poder\/politica\/2024\/04\/12\/exige-a-tu-candidato-la-lista-de-demandas-de-animalistas-a-las-y-los-candidatos-de-mexico\" rel=\"noreferrer noopener\">LEER MAS<\/a><\/p>\n\n\n\n<p>\u201cClaudia Sheinbaum es cient\u00edfica ambiental, y ella ha dicho que va a continuar con el Tren Maya, con Dos Bocas y con los megaproyectos del presidente actual, pero yo espero que de verdad no lo haga. Tiene que parar el Tren Maya porque est\u00e1 violando todas las leyes ambientales y apostar por la conservaci\u00f3n. Si no hay justicia ambiental, no hay justicia social\u201d, expresa.&nbsp;<\/p>\n\n\n\n<p>Por su parte, Adriana Buenrostro, directora de la organizaci\u00f3n Animal Heroes, subraya que la primera mujer en el poder debe tener sensibilidad para escuchar a la sociedad civil y avanzar en equipo hacia las metas conjuntas.<\/p>\n\n\n\n<p>La mujer, que defiende los derechos animales desde hace m\u00e1s de 25 a\u00f1os, recuerda que la humildad es crucial para llevar las riendas de un pa\u00eds, y pugna porque el camino recorrido en este tema no se tire por la borda.<\/p>\n\n\n\n<p>\u201cLa pr\u00f3xima presidenta de la Rep\u00fablica debe trabajar de la mano de la sociedad civil, que llevamos muchos a\u00f1os especializada en la defensa e instituci\u00f3n de los derechos de los animales. Es indispensable saber hacer equipo. Una presidenta lejana, cerrada, que no escuche o que no reciba objetivamente la retroalimentaci\u00f3n de la sociedad civil, puede dar paso al retroceso.\u201d<\/p>\n\n\n\n<figure class=\"wp-block-image\"><img decoding=\"async\" src=\"https:\/\/i0.wp.com\/la-lista.com\/wp-content\/uploads\/2024\/06\/WhatsApp-Image-2024-06-02-at-12.22.17-AM-1.jpeg?resize=800%2C533&amp;ssl=1\" alt=\"Se enfrenta Sheinbaum a doble esfuerzo por machismo, pero tambi\u00e9n a expectativas y anhelos - WhatsApp-Image-2024-06-02-at-12.22.17-AM-1\" class=\"wp-image-637858\"\/><figcaption>Fotograf\u00eda de archivo: Alejandro Aguilar<\/figcaption><\/figure>\n\n\n\n<h2 class=\"wp-block-heading\" id=\"h-tumbar-brecha-salarial-del-deporte-y-abrir-paso-a-la-ciencia\"><strong>Tumbar brecha salarial del deporte y abrir paso a la ciencia<\/strong><\/h2>\n\n\n\n<p>Pero las animalistas y ambientalistas no son las \u00fanicas que le piden recular a Sheinbaum, pues hay miembros del Sistema Nacional de Investigadores que tambi\u00e9n se encuentran preocupadas por el destino de la ciencia en esta nueva gesti\u00f3n y las oportunidades que se oferten en esta \u00e1rea.<\/p>\n\n\n\n<p>Alejandra Ram\u00edrez, investigadora en Ciencias M\u00e9dicas del Instituto Nacional de Enfermedades Respiratorias (INER),<strong>&nbsp;<\/strong>expresa que su deseo para que se le permita a la ciencia siga creciendo y llama a retomar programas y becas que se desmantelaron en el sexenio de L\u00f3pez Obrador.&nbsp;<\/p>\n\n\n\n<p>\u201cLos cient\u00edficos e investigadores debemos ser un n\u00facleo que aporte al desarrollo de la sociedad; desafortunadamente, en la reciente administraci\u00f3n fuimos victimizados y acosados. Se nos dej\u00f3 de tomar en cuenta y se recort\u00f3 el presupuesto destinado al sector. Yo soy cient\u00edfica en el \u00e1rea de salud y honestamente te digo que necesitamos que se escuche a las y los expertos, sobre todo en la implementaci\u00f3n de pol\u00edticas p\u00fablicas. En la pandemia de Covid-19 fuimos ignorados y eso deriv\u00f3 en cientos de muertes que se pudieron haber evitado\u201d, enfatiza.<\/p>\n\n\n\n<figure class=\"wp-block-image\"><a href=\"https:\/\/la-lista.com\/actualidad\/2021\/02\/11\/en-la-politica-de-la-4t-hay-un-ataque-directo-a-la-ciencia-julia-taguena\" target=\"_blank\" rel=\"noreferrer noopener\"><img decoding=\"async\" src=\"https:\/\/i0.wp.com\/la-lista.com\/wp-content\/uploads\/2021\/02\/Julia-1.jpg?resize=600%2C400&amp;ssl=1\" alt=\"Se enfrenta Sheinbaum a doble esfuerzo por machismo, pero tambi\u00e9n a expectativas y anhelos - Julia-1-600x400\" title=\"\u2018En la pol\u00edtica de la 4T hay un ataque directo a la ciencia\u2019: Julia Tag\u00fce\u00f1a\"\/><\/a><\/figure>\n\n\n\n<p><a target=\"_blank\" href=\"https:\/\/la-lista.com\/seccion\/actualidad\" rel=\"noreferrer noopener\">ACTUALIDAD<\/a><strong><a target=\"_blank\" href=\"https:\/\/la-lista.com\/actualidad\/2021\/02\/11\/en-la-politica-de-la-4t-hay-un-ataque-directo-a-la-ciencia-julia-taguena\" rel=\"noreferrer noopener\">\u2018En la pol\u00edtica de la 4T hay un ataque directo a la ciencia\u2019: Julia Tag\u00fce\u00f1a<\/a><\/strong><a target=\"_blank\" href=\"https:\/\/la-lista.com\/actualidad\/2021\/02\/11\/en-la-politica-de-la-4t-hay-un-ataque-directo-a-la-ciencia-julia-taguena\" rel=\"noreferrer noopener\">LEER MAS<\/a><\/p>\n\n\n\n<p>La neum\u00f3loga y miembro del SNI tambi\u00e9n habla de \u201cvolver al di\u00e1logo\u201d e incluso llama a \u201creconsiderar la postura hacia el Consejo Nacional de Humanidades, Ciencias y Tecnolog\u00edas, que funcionaba correctamente antes de su desmantelaci\u00f3n\u201d.<\/p>\n\n\n\n<p>La constante de las peticiones y expectativas es que la Presidenta tenga el valor de profundizar los aciertos, pero a\u00fan m\u00e1s de reconsiderar los errores de la Administraci\u00f3n saliente. En ese sentido, la Barra Feminista, una agrupaci\u00f3n de mujeres que busca impulsar el futbol femenil, pide \u201cno sostener la actual din\u00e1mica de la Comisi\u00f3n Nacional del Deporte (Conade), que evidenci\u00f3 el poco o nulo apoyo a las y los j\u00f3venes deportistas\u201d.<\/p>\n\n\n\n<p>Y en una respuesta colectiva, se pronunciaron tambi\u00e9n para que la primera presidenta anime a la pr\u00f3xima legislatura a retomar la discusi\u00f3n y aprobaci\u00f3n de la ley de equidad salarial para deportistas \u201cporque esto puede significar un paso importante en la dignificaci\u00f3n de las condiciones laborales, por ejemplo para las mujeres futbolistas\u201d.&nbsp;<\/p>\n\n\n\n<h2 class=\"wp-block-heading\" id=\"h-promocion-de-derechos-sexuales-y-vejez-digna\"><strong>Promoci\u00f3n de derechos sexuales y vejez digna<\/strong><\/h2>\n\n\n\n<p>En estas elecciones, el voto se concentr\u00f3 en 26 millones de j\u00f3venes convocados al ejercicio democr\u00e1tico. Para este sector de la poblaci\u00f3n, espec\u00edficamente para las mujeres, el anhelo es que la primera presidenta de M\u00e9xico impulse una agenda en materia de derechos sexuales y reproductivos.<\/p>\n\n\n\n<p>Si bien en el actual sexenio han habido avances significativos en el tema del aborto \u2013como su despenalizaci\u00f3n a nivel nacional\u2013, acceder a este derecho a\u00fan no es una garant\u00eda en la mayor\u00eda de los estados del pa\u00eds.<\/p>\n\n\n\n<p>Cristina Santana y Pascale Brennan, j\u00f3venes del Instituto de Liderazgo Simone de Beauvoir, expresan que su anhelo ante el primer gobierno federal dirigido por una mujer es un pa\u00eds donde todas las adolescencias y juventudes tengan acceso a servicios de salud sexual y reproductiva de calidad, sin importar su situaci\u00f3n migratoria, orientaci\u00f3n sexual o identidad de g\u00e9nero.<\/p>\n\n\n\n<figure class=\"wp-block-image\"><a href=\"https:\/\/la-lista.com\/poder\/politica\/2024\/05\/08\/exigeatucandidat-la-lista-de-demandas-de-jovenes-a-las-y-los-candidatos\" target=\"_blank\" rel=\"noreferrer noopener\"><img decoding=\"async\" src=\"https:\/\/i0.wp.com\/la-lista.com\/wp-content\/uploads\/2024\/04\/cuestionarios_jovenes.jpeg?resize=600%2C370&amp;ssl=1\" alt=\"Se enfrenta Sheinbaum a doble esfuerzo por machismo, pero tambi\u00e9n a expectativas y anhelos - cuestionarios_jovenes-600x370\" title=\"#ExigeATuCandidat@: La-Lista de demandas de j\u00f3venes a las y los candidatos\"\/><\/a><\/figure>\n\n\n\n<p><a target=\"_blank\" href=\"https:\/\/la-lista.com\/seccion\/poder\" rel=\"noreferrer noopener\">PODER<\/a><strong><a target=\"_blank\" href=\"https:\/\/la-lista.com\/poder\/politica\/2024\/05\/08\/exigeatucandidat-la-lista-de-demandas-de-jovenes-a-las-y-los-candidatos\" rel=\"noreferrer noopener\">#ExigeATuCandidat@: La-Lista de demandas de j\u00f3venes a las y los candidatos<\/a><\/strong><a target=\"_blank\" href=\"https:\/\/la-lista.com\/poder\/politica\/2024\/05\/08\/exigeatucandidat-la-lista-de-demandas-de-jovenes-a-las-y-los-candidatos\" rel=\"noreferrer noopener\">LEER MAS<\/a><\/p>\n\n\n\n<p>\u201cNos ilusiona la idea de ver a profesionales de la salud y funcionarios capacitados para atender efectivamente a mujeres y personas que han vivido violencia sexual. So\u00f1amos con un pa\u00eds donde el acceso a la interrupci\u00f3n legal del embarazo est\u00e9 garantizado para proteger la vida y salud de las mujeres y personas con capacidad de gestar\u201d, coinciden.<\/p>\n\n\n\n<p>La salud sexual y reproductiva no solo requiere de leyes, sino tambi\u00e9n de campa\u00f1as informativas que promuevan el autocuidado y la prevenci\u00f3n de embarazos no deseados. Esta pol\u00edtica p\u00fablica, dicen las j\u00f3venes, debe incluir de mandera coordinada a docentes, orientadores educativos y personal administrativo escolar fortalecidos en su formaci\u00f3n para implementar la Educaci\u00f3n Integral en Sexualidad (EIS).<\/p>\n\n\n\n<p>\u201cConfiamos en que el liderazgo de la primera presidenta de M\u00e9xico har\u00e1 realidad estos sue\u00f1os y promover\u00e1 los cambios necesarios y urgentes en materia de los derechos sexuales y reproductivos de las juventudes\u201d, enfatizan Cristina y Pascale.<\/p>\n\n\n\n<figure class=\"wp-block-image\"><img decoding=\"async\" src=\"https:\/\/i0.wp.com\/la-lista.com\/wp-content\/uploads\/2024\/06\/WhatsApp-Image-2024-05-31-at-8.42.07-PM-1-1280x1280.jpeg?ssl=1\" alt=\"Se enfrenta Sheinbaum a doble esfuerzo por machismo, pero tambi\u00e9n a expectativas y anhelos - WhatsApp-Image-2024-05-31-at-8.42.07-PM-1-1280x1280\"\/><\/figure>\n\n\n\n<figure class=\"wp-block-image\"><img decoding=\"async\" src=\"https:\/\/i2.wp.com\/la-lista.com\/wp-content\/uploads\/2024\/06\/WhatsApp-Image-2024-05-31-at-7.48.38-PM-1280x1280.jpeg?ssl=1\" alt=\"Se enfrenta Sheinbaum a doble esfuerzo por machismo, pero tambi\u00e9n a expectativas y anhelos - WhatsApp-Image-2024-05-31-at-7.48.38-PM-1280x1280\"\/><\/figure>\n\n\n\n<figure class=\"wp-block-image\"><img decoding=\"async\" src=\"https:\/\/i0.wp.com\/la-lista.com\/wp-content\/uploads\/2024\/06\/WhatsApp-Image-2024-05-31-at-7.48.39-PM-1-1280x1280.jpeg?ssl=1\" alt=\"Se enfrenta Sheinbaum a doble esfuerzo por machismo, pero tambi\u00e9n a expectativas y anhelos - WhatsApp-Image-2024-05-31-at-7.48.39-PM-1-1280x1280\"\/><\/figure>\n\n\n\n<figure class=\"wp-block-image\"><img decoding=\"async\" src=\"https:\/\/i1.wp.com\/la-lista.com\/wp-content\/uploads\/2024\/06\/WhatsApp-Image-2024-05-31-at-7.48.39-PM-1280x1280.jpeg?ssl=1\" alt=\"Se enfrenta Sheinbaum a doble esfuerzo por machismo, pero tambi\u00e9n a expectativas y anhelos - WhatsApp-Image-2024-05-31-at-7.48.39-PM-1280x1280\"\/><\/figure>\n\n\n\n<figure class=\"wp-block-image\"><img decoding=\"async\" src=\"https:\/\/i0.wp.com\/la-lista.com\/wp-content\/uploads\/2024\/06\/WhatsApp-Image-2024-05-31-at-7.48.40-PM-1280x1280.jpeg?ssl=1\" alt=\"Se enfrenta Sheinbaum a doble esfuerzo por machismo, pero tambi\u00e9n a expectativas y anhelos - WhatsApp-Image-2024-05-31-at-7.48.40-PM-1280x1280\"\/><\/figure>\n\n\n\n<figure class=\"wp-block-image\"><img decoding=\"async\" src=\"https:\/\/i1.wp.com\/la-lista.com\/wp-content\/uploads\/2024\/06\/WhatsApp-Image-2024-05-31-at-7.48.42-PM-1-1280x1280.jpeg?ssl=1\" alt=\"Se enfrenta Sheinbaum a doble esfuerzo por machismo, pero tambi\u00e9n a expectativas y anhelos - WhatsApp-Image-2024-05-31-at-7.48.42-PM-1-1280x1280\"\/><\/figure>\n\n\n\n<figure class=\"wp-block-image\"><img decoding=\"async\" src=\"https:\/\/i2.wp.com\/la-lista.com\/wp-content\/uploads\/2024\/06\/WhatsApp-Image-2024-05-31-at-7.48.42-PM-1280x1280.jpeg?ssl=1\" alt=\"Se enfrenta Sheinbaum a doble esfuerzo por machismo, pero tambi\u00e9n a expectativas y anhelos - WhatsApp-Image-2024-05-31-at-7.48.42-PM-1280x1280\"\/><\/figure>\n\n\n\n<p>Gisela Sandoval tiene 63 a\u00f1os y las expectativas de vivir esta etapa con dignidad. Con la llegada de la primera mujer a la Presidencia del pa\u00eds, Gisela conf\u00eda en que ser\u00e1 una persona que brinde apoyo moral, judicial y social a las mujeres v\u00edctimas de violencia intrafamiliar.<\/p>\n\n\n\n<p>Pero tambi\u00e9n anhela un mejor futuro para ni\u00f1as, ni\u00f1os y j\u00f3venes con acceso a educaci\u00f3n, salud y alimentaci\u00f3n.<\/p>\n\n\n\n<p>\u201cComo mujer de la tercera edad me gustar\u00eda que Sheinbaum siguiera apoyando econ\u00f3micamente a las personas m\u00e1s vulnerables, que haya asilos o casas de retiro dignas y gratuitas para quienes no tienen hogar o familia. Le pedir\u00eda a la pr\u00f3xima presidenta crear un proyecto para que no falte atenci\u00f3n m\u00e9dica y medicamentos, as\u00ed como planes funerarios accesibles\u201d, dice.<\/p>\n\n\n\n<p>En M\u00e9xico hay alrededor de 18 millones de personas adultas mayores, de 60 a\u00f1os en adelante, de acuerdo con el Instituto Nacional de Estad\u00edstica y Geograf\u00eda (Inegi). Este grupo en situaci\u00f3n vulnerable representa alrededor del 14% de la poblaci\u00f3n, pero el \u00fanico apoyo visible que les ofrece el gobierno es una pensi\u00f3n de 6 mil pesos bimestrales.<\/p>\n\n\n\n<figure class=\"wp-block-image\"><a href=\"https:\/\/la-lista.com\/opinion\/2023\/05\/04\/en-que-condiciones-trabajan-los-adultos-mayores\" target=\"_blank\" rel=\"noreferrer noopener\"><img decoding=\"async\" src=\"https:\/\/i0.wp.com\/la-lista.com\/wp-content\/uploads\/2021\/01\/Censo-2020-Tercera-edad-300x200.jpg?resize=300%2C200&amp;ssl=1\" alt=\"Se enfrenta Sheinbaum a doble esfuerzo por machismo, pero tambi\u00e9n a expectativas y anhelos - Censo-2020-Tercera-edad-300x200\" title=\"\u00bfEn qu\u00e9 condiciones trabajan los adultos mayores?\"\/><\/a><\/figure>\n\n\n\n<p><a target=\"_blank\" href=\"https:\/\/la-lista.com\/seccion\/opinion\" rel=\"noreferrer noopener\">OPINI\u00d3N<\/a><strong><a target=\"_blank\" href=\"https:\/\/la-lista.com\/opinion\/2023\/05\/04\/en-que-condiciones-trabajan-los-adultos-mayores\" rel=\"noreferrer noopener\">\u00bfEn qu\u00e9 condiciones trabajan los adultos mayores?<\/a><\/strong><a target=\"_blank\" href=\"https:\/\/la-lista.com\/opinion\/2023\/05\/04\/en-que-condiciones-trabajan-los-adultos-mayores\" rel=\"noreferrer noopener\">LEER MAS<\/a><\/p>\n\n\n\n<h2 class=\"wp-block-heading\" id=\"h-tendra-reto-del-doble-esfuerzo-en-entorno-machista-nbsp\"><strong>Tendr\u00e1 reto del \u201cdoble esfuerzo\u201d, en entorno machista&nbsp;<\/strong><\/h2>\n\n\n\n<p>Claudia Sheinbaum, que en diciembre asumir\u00e1 el poder y se convertir\u00e1 oficialmente en la primera presidenta de M\u00e9xico, tendr\u00e1 dos retos: enfrentarse a un sistema machista que le va a demandar \u201cm\u00e1s esfuerzo que a cualquier hombre que haya gobernado el pa\u00eds\u201d y asumir las demandas leg\u00edtimas de cientos de mujeres j\u00f3venes y politizadas que esperan una administraci\u00f3n con perspectiva de g\u00e9nero, se\u00f1alan especialistas a&nbsp;<strong><em>La-Lista.<\/em><\/strong><\/p>\n\n\n\n<p>Artemisa Montes, investigadora de la Facultad de Derecho de la Universidad La Salle, advierte que hoy en d\u00eda todav\u00eda existe una percepci\u00f3n de que las mujeres \u201csomos menos capaces para estar en puestos de toma de decisi\u00f3n, y por ello siempre se podr\u00eda esperar una falla. As\u00ed que la nueva Presidenta tendr\u00e1&nbsp;el reto de hacerlo \u2018dos veces mejor\u2019\u201d.<\/p>\n\n\n\n<p>Montes refiere que la evaluaci\u00f3n de su desempe\u00f1o lamentablemente ser\u00e1 en funci\u00f3n de su g\u00e9nero y particularmente anticipa que ser\u00e1 comparada una y otra vez con su predecesor, un presidente con un alto nivel de popularidad.<\/p>\n\n\n\n<p>Sin embargo, espera que la nueva presidenta encuentre un margen \u201cpara dejar su sello desde una&nbsp;<strong>perspectiva de democracia participativa y ciudadana<\/strong>\u201d y que aproveche la oportunidad de reconstruir una relaci\u00f3n \u201ccon organizaciones de la sociedad civil y otros sectores que fueron muy da\u00f1ados en el actual sexenio\u201d.&nbsp;<\/p>\n\n\n\n<figure class=\"wp-block-image\"><a href=\"https:\/\/la-lista.com\/poder\/politica\/2024\/05\/29\/sheinbaum-ofrece-paz-y-armonia-a-la-oposicion-en-su-ultimo-mitin\" target=\"_blank\" rel=\"noreferrer noopener\"><img decoding=\"async\" src=\"https:\/\/i0.wp.com\/la-lista.com\/wp-content\/uploads\/2024\/05\/Claudia-Sheinbaum-Cierre-de-campana.jpeg?resize=600%2C370&amp;ssl=1\" alt=\"Se enfrenta Sheinbaum a doble esfuerzo por machismo, pero tambi\u00e9n a expectativas y anhelos - Claudia-Sheinbaum-Cierre-de-campana-600x370\" title=\"Sheinbaum ofrece \u2018paz y armon\u00eda\u2019 a la oposici\u00f3n en su \u00faltimo mitin\"\/><\/a><\/figure>\n\n\n\n<p><a target=\"_blank\" href=\"https:\/\/la-lista.com\/seccion\/poder\" rel=\"noreferrer noopener\">PODER<\/a><strong><a target=\"_blank\" href=\"https:\/\/la-lista.com\/poder\/politica\/2024\/05\/29\/sheinbaum-ofrece-paz-y-armonia-a-la-oposicion-en-su-ultimo-mitin\" rel=\"noreferrer noopener\">Sheinbaum ofrece \u2018paz y armon\u00eda\u2019 a la oposici\u00f3n en su \u00faltimo mitin<\/a><\/strong><a target=\"_blank\" href=\"https:\/\/la-lista.com\/poder\/politica\/2024\/05\/29\/sheinbaum-ofrece-paz-y-armonia-a-la-oposicion-en-su-ultimo-mitin\" rel=\"noreferrer noopener\">LEER MAS<\/a><\/p>\n\n\n\n<p>Entre los diversos grupos de mujeres, el clamor va cambiando de forma, desde el deseo de un Gobierno paritario hasta programas para mitigar el cambio clim\u00e1tico, pero si hay algo que persiste es el anhelo de que&nbsp;<strong>la Presidenta gobierne volteando a ver a las mujeres.&nbsp;<\/strong><\/p>\n\n\n\n<p>Alejandra L\u00f3pez, directora de consultoras en G\u00e9nero y Gobierno de la Universidad An\u00e1huac, coincide con Artemisa Montes en que&nbsp;<strong>la primera mujer presidenta ser\u00e1 sujeta de mucho escrutinio<\/strong>, sobre todo bajo el pensamiento de que \u201caunque a las mujeres se les da la oportunidad de ascender pol\u00edticamente, no siempre pueden hacer el mismo trabajo que un hombre\u201d.<\/p>\n\n\n\n<p>No obstante, tambi\u00e9n precisa que habr\u00e1 otra clase de se\u00f1alamientos \u201csobre todo de&nbsp;<strong>mujeres j\u00f3venes que est\u00e1n mucho m\u00e1s conscientes de sus derechos<\/strong>&nbsp;y que no aceptar\u00e1n que quien llegue al poder omita trabajar por cerrar la brecha o gobierne sin una agenda paritaria\u201d.<\/p>\n\n\n\n<p>Adem\u00e1s, destaca que las propias madres buscadoras pedir\u00e1n la sensibilidad que no han encontrado en otros gobiernos y que ese ser\u00e1 un nuevo desaf\u00edo de la m\u00e1s vital importancia.<\/p>\n\n\n\n<figure class=\"wp-block-image\"><img decoding=\"async\" src=\"https:\/\/i0.wp.com\/la-lista.com\/wp-content\/uploads\/2024\/06\/Primera-mujer-presidenta-enfrentara-doble-esfuerzo.jpeg?resize=800%2C494&amp;ssl=1\" alt=\"Se enfrenta Sheinbaum a doble esfuerzo por machismo, pero tambi\u00e9n a expectativas y anhelos - Primera-mujer-presidenta-enfrentara-doble-esfuerzo\" class=\"wp-image-638468\"\/><figcaption>Foto: Redes sociales de Claudia Sheinbaum<\/figcaption><\/figure>\n\n\n\n<p>Pero para Fernanda Vidal, investigadora de la Universidad Panamericana, la mayor\u00eda de las expectativas se deben al hecho de que&nbsp;<strong>en la pol\u00edtica se espera m\u00e1s de un grupo que tradicionalmente hab\u00eda estado excluido del poder&nbsp;<\/strong>e invita a reflexionar sobre s\u00ed realmente es justo poner una vara tan alta.<\/p>\n\n\n\n<p>\u201cSiempre hay una expectativa mayor en la persona que representa un grupo que normalmente hab\u00eda estado discriminado de la esfera pol\u00edtica, pero lo cierto es que&nbsp;<strong>lo que se espere de la primera mujer presidenta en M\u00e9xico es lo mismo que tendr\u00edamos que esperar de un gobernante hombre<\/strong>, ni m\u00e1s ni menos\u201d, sentencia.&nbsp;<\/p>\n\n\n\n<p>Y en especial pone de manifiesto dos cuestiones, que Sheinbaum s\u00f3lo podr\u00e1 cumplir una serie de expectativas y&nbsp;<strong>tendr\u00e1 que escoger si desea atender a quienes esperan \u201cque llene los zapatos de L\u00f3pez Obrador\u201d o quienes le piden una agenda distinta<\/strong>, que piense en las mujeres y con perspectiva de g\u00e9nero.<\/p>\n\n\n\n<p>\u201cY ambas se contraponen, y ese es un gran problema, porque es claro que si Sheinbaum sigue la l\u00ednea de su antecesor, ser\u00eda una l\u00ednea en la que no hay agenda de g\u00e9nero\u201d.\u00a0<\/p>\n\n\n\n<p>Fuente: <a href=\"https:\/\/la-lista.com\/genero\/2024\/06\/03\/primera-presidenta-tendra-reto-del-doble-esfuerzo-en-entorno-machista-que-persiste\">https:\/\/la-lista.com\/genero\/2024\/06\/03\/primera-presidenta-tendra-reto-del-doble-esfuerzo-en-entorno-machista-que-persiste<\/a><\/p>\n","protected":false},"excerpt":{"rendered":"<p>Una agenda de g\u00e9nero, ambiental, protectora de los derechos de todas las personas, abierta al di\u00e1logo y que rompa con [&hellip;]<\/p>\n","protected":false},"author":1,"featured_media":75947,"comment_status":"open","ping_status":"open","sticky":false,"template":"","format":"standard","meta":{"site-sidebar-layout":"default","site-content-layout":"","ast-site-content-layout":"default","site-content-style":"default","site-sidebar-style":"default","ast-global-header-display":"","ast-banner-title-visibility":"","ast-main-header-display":"","ast-hfb-above-header-display":"","ast-hfb-below-header-display":"","ast-hfb-mobile-header-display":"","site-post-title":"","ast-breadcrumbs-content":"","ast-featured-img":"","footer-sml-layout":"","theme-transparent-header-meta":"","adv-header-id-meta":"","stick-header-meta":"","header-above-stick-meta":"","header-main-stick-meta":"","header-below-stick-meta":"","astra-migrate-meta-layouts":"default","ast-page-background-enabled":"default","ast-page-background-meta":{"desktop":{"background-color":"var(--ast-global-color-4)","background-image":"","background-repeat":"repeat","background-position":"center center","background-size":"auto","background-attachment":"scroll","background-type":"","background-media":"","overlay-type":"","overlay-color":"","overlay-opacity":"","overlay-gradient":""},"tablet":{"background-color":"","background-image":"","background-repeat":"repeat","background-position":"center center","background-size":"auto","background-attachment":"scroll","background-type":"","background-media":"","overlay-type":"","overlay-color":"","overlay-opacity":"","overlay-gradient":""},"mobile":{"background-color":"","background-image":"","background-repeat":"repeat","background-position":"center center","background-size":"auto","background-attachment":"scroll","background-type":"","background-media":"","overlay-type":"","overlay-color":"","overlay-opacity":"","overlay-gradient":""}},"ast-content-background-meta":{"desktop":{"background-color":"var(--ast-global-color-5)","background-image":"","background-repeat":"repeat","background-position":"center center","background-size":"auto","background-attachment":"scroll","background-type":"","background-media":"","overlay-type":"","overlay-color":"","overlay-opacity":"","overlay-gradient":""},"tablet":{"background-color":"var(--ast-global-color-5)","background-image":"","background-repeat":"repeat","background-position":"center center","background-size":"auto","background-attachment":"scroll","background-type":"","background-media":"","overlay-type":"","overlay-color":"","overlay-opacity":"","overlay-gradient":""},"mobile":{"background-color":"var(--ast-global-color-5)","background-image":"","background-repeat":"repeat","background-position":"center center","background-size":"auto","background-attachment":"scroll","background-type":"","background-media":"","overlay-type":"","overlay-color":"","overlay-opacity":"","overlay-gradient":""}},"footnotes":""},"categories":[8],"tags":[25749,25748,25750],"class_list":["post-75946","post","type-post","status-publish","format-standard","has-post-thumbnail","hentry","category-noticias","tag-agenda-de-genero-mexico","tag-pacto-patriarcal","tag-sheinbaum-expectativas"],"_links":{"self":[{"href":"https:\/\/losperiodistas.com.mx\/portal\/wp-json\/wp\/v2\/posts\/75946","targetHints":{"allow":["GET"]}}],"collection":[{"href":"https:\/\/losperiodistas.com.mx\/portal\/wp-json\/wp\/v2\/posts"}],"about":[{"href":"https:\/\/losperiodistas.com.mx\/portal\/wp-json\/wp\/v2\/types\/post"}],"author":[{"embeddable":true,"href":"https:\/\/losperiodistas.com.mx\/portal\/wp-json\/wp\/v2\/users\/1"}],"replies":[{"embeddable":true,"href":"https:\/\/losperiodistas.com.mx\/portal\/wp-json\/wp\/v2\/comments?post=75946"}],"version-history":[{"count":1,"href":"https:\/\/losperiodistas.com.mx\/portal\/wp-json\/wp\/v2\/posts\/75946\/revisions"}],"predecessor-version":[{"id":75948,"href":"https:\/\/losperiodistas.com.mx\/portal\/wp-json\/wp\/v2\/posts\/75946\/revisions\/75948"}],"wp:featuredmedia":[{"embeddable":true,"href":"https:\/\/losperiodistas.com.mx\/portal\/wp-json\/wp\/v2\/media\/75947"}],"wp:attachment":[{"href":"https:\/\/losperiodistas.com.mx\/portal\/wp-json\/wp\/v2\/media?parent=75946"}],"wp:term":[{"taxonomy":"category","embeddable":true,"href":"https:\/\/losperiodistas.com.mx\/portal\/wp-json\/wp\/v2\/categories?post=75946"},{"taxonomy":"post_tag","embeddable":true,"href":"https:\/\/losperiodistas.com.mx\/portal\/wp-json\/wp\/v2\/tags?post=75946"}],"curies":[{"name":"wp","href":"https:\/\/api.w.org\/{rel}","templated":true}]}}