{"id":7594,"date":"2021-05-04T07:34:21","date_gmt":"2021-05-04T12:34:21","guid":{"rendered":"http:\/\/losperiodistas.com.mx\/portal\/?p=7594"},"modified":"2021-05-04T07:34:22","modified_gmt":"2021-05-04T12:34:22","slug":"saul-huerta-dano-moral","status":"publish","type":"post","link":"https:\/\/losperiodistas.com.mx\/portal\/saul-huerta-dano-moral\/","title":{"rendered":"Sa\u00fal Huerta, da\u00f1o moral"},"content":{"rendered":"\n<p><\/p>\n\n\n\n<p class=\"has-vivid-cyan-blue-color has-text-color\" style=\"font-size:26px\"><strong><em>Por Dr. Carlos Figueroa Ibarra<\/em><\/strong><\/p>\n\n\n\n<p><\/p>\n\n\n\n<p>Conoc\u00ed a Sa\u00fal Huerta Corona en la primavera de 2017 en el contexto de los trabajos organizativos que Morena estaba realizando para enfrentar el reto de las elecciones del 6 de julio de 2018.<\/p>\n\n\n\n<p>Meses antes, en una sesi\u00f3n del Comit\u00e9 Ejecutivo Nacional de Morena, su entonces presidente, Andr\u00e9s Manuel L\u00f3pez Obrador nos hab\u00eda indicado a los restantes &nbsp;20 integrantes de dicho CEN que deber\u00edamos escoger un distrito electoral federal para organizar los comit\u00e9s seccionales que deber\u00edan promover y defender el voto. La mayor parte de los integrantes del CEN escogimos el distrito electoral en el cual viv\u00edamos o mejor conoc\u00edamos.<\/p>\n\n\n\n<p>Dos urgencias al menos nos atenazaban en aquel entonces: hacer realidad&nbsp; las amplias alianzas que hab\u00eda argumentado el propio L\u00f3pez Obrador y organizar a la ciudadan\u00eda en las miles y miles de secciones de los 300 distritos electorales federales. Fue en el marco de esa atm\u00f3sfera de temor al fraude, que un integrante de Morena me present\u00f3 a Sa\u00fal Huerta y los tres nos tomamos un caf\u00e9. El compa\u00f1ero de Morena me hab\u00eda expresado que Sa\u00fal tra\u00eda un trabajo organizativo importante en las juntas auxiliares y poblados aleda\u00f1os a San Francisco Totimehuacan y la Laguna de Valsequillo.<\/p>\n\n\n\n<p>R\u00e1pidamente advert\u00ed las caracter\u00edsticas del personaje que reci\u00e9n se me presentaba. Se trataba de un t\u00edpico militante del PRI y por lo tanto fiel representante de la cultura pol\u00edtica de dicho partido. Despu\u00e9s de&nbsp; una r\u00e1pida argumentaci\u00f3n de las razones por las cuales abandonaba el partido en el cual hab\u00eda militado por a\u00f1os (como muchos de los reci\u00e9n llegados, refer\u00eda que hab\u00eda cobrado conciencia de la necesidad de un cambio de r\u00e9gimen),&nbsp; me relat\u00f3 de su trabajo organizativo en toda la zona referida y que se plasmaba en una asociaci\u00f3n civil&nbsp; llamada \u201cValor y Fuerza\u201d.<\/p>\n\n\n\n<p>Tambi\u00e9n con franqueza me expres\u00f3 sus intenciones de ser candidato a la presidencia municipal de&nbsp; la ciudad de Puebla. Para entonces ya estaba curado de espantos y sab\u00eda que eso de que \u201cen Morena no se estaba por cargos sino por un cambio de r\u00e9gimen\u201d era el discurso de todos y convicci\u00f3n de los menos. Poco tiempo despu\u00e9s tuve una pl\u00e1tica con Alejandro Armenta Mier y tambi\u00e9n con franqueza me dijo que llegaba a Morena y que quer\u00eda ser su candidato a gobernador. Le record\u00e9 c\u00f3mo en el PRI hab\u00eda pasado m\u00e1s de dos d\u00e9cadas y no le hab\u00edan dado tal candidatura. Pero la marea de chapulines era incontenible. M\u00e1s aun, las ambiciones tambi\u00e9n se hab\u00edan desatado entre la militancia m\u00e1s aut\u00e9ntica de Morena.<\/p>\n\n\n\n<p>En las giras que hicimos en la zona trabajada por Sa\u00fal, pude observar que en efecto ten\u00eda gente organizada y que le ten\u00eda gratitud por las labores sociales de \u201cValor y Fuerza\u201d. Militante pri\u00edsta desde temprana edad, Sa\u00fal hab\u00eda tenido poca fortuna en el PRI. Habiendo ocupado algunos cargos a nivel municipal, hab\u00eda sido fallido precandidato a la presidencia municipal por el PRI en 2010 (la ganadora fue Blanca Alcal\u00e1) y fallido candidato a una diputaci\u00f3n federal&nbsp; en 2012.<\/p>\n\n\n\n<p>Abogado y alto empleado en una notar\u00eda, parec\u00eda Sa\u00fal gozar de una buena posici\u00f3n econ\u00f3mica. Era hombre de familia y padre orgulloso de dos hijas de las cuales me relataba eran muy buenas estudiantes. En la sala de la casa paterna en Totimehuacan hab\u00eda un gran retrato de su padre, hombre de trabajo cuya memoria Sa\u00fal&nbsp; veneraba y respetaba.<\/p>\n\n\n\n<p>Habiendo ganado la candidatura de Morena -la presidencia municipal se le alej\u00f3 a\u00fan m\u00e1s cuando la t\u00f3mbola decidi\u00f3 que una mujer ser\u00eda la candidata-&nbsp; tuve una relaci\u00f3n constante con \u00e9l&nbsp; durante la campa\u00f1a electoral de 2018 y luego espor\u00e1dicamente&nbsp; en el segundo semestre de ese a\u00f1o y en la segunda campa\u00f1a electoral para la gubernatura en 2019.&nbsp; Con el aporte de brigadistas extraordinarios de Morena, el trabajo de \u201cValor y Fuerza\u201d y sobre todo montado en el tsunami L\u00f3pez Obrador, Sa\u00fal Huerta logr\u00f3 ganar la diputaci\u00f3n federal&nbsp; con una abultada votaci\u00f3n en el Distrito 11 federal.<\/p>\n\n\n\n<p>Salvo eventuales comunicaciones telef\u00f3nicas que terminaron en octubre de 2019, ya no lo volv\u00ed a ver. Sa\u00fal ya no me necesitaba y habiendo ganado Andr\u00e9s Manuel y luego Luis Miguel Barbosa, yo tampoco lo necesitaba. As\u00ed es la pol\u00edtica, no es lugar auspicioso para amistades y afectos aunque haya espacios para ellos.&nbsp;<\/p>\n\n\n\n<p>Fue una sorpresa desagradable saber la ma\u00f1ana del 21 de abril el esc\u00e1ndalo en el que estaba envuelto. V\u00edctima de una ofensiva medi\u00e1tica propia de la temporada electoral, las evidencias en contra de Sa\u00fal Huerta aumentan diariamente. A diferencia del PRI con Cuauht\u00e9moc Guti\u00e9rrez de la Torre, Morena r\u00e1pidamente se desembaraz\u00f3 de Sa\u00fal.&nbsp; He empezado a recibir relatos estremecedores de compa\u00f1eros y habitantes de San Francisco Totimehuacan. Historias, testimonios y testigos han empezado a florecer. Todo ello se da en un momento en el cual &nbsp;no pocos de lo\/as candidato\/as designado\/as por la Comisi\u00f3n Nacional de Elecciones resultan moralmente cuestionables.<\/p>\n\n\n\n<p>En un momento distinto al de 2018, cuando podr\u00edamos haber tenido una mayor libertad para escoger a militantes y personajes representativos de la \u00e9tica que Morena postula en sus principios. No puedo sino pensar que Morena empieza a tener una deuda moral con la ciudadan\u00eda, militancia y simpatizantes que han cre\u00eddo en el partido. Como lo hemos observado con el PRI y el PAN en M\u00e9xico o con el FMLN en El Salvador, cuando un partido es derrotado moralmente dif\u00edcilmente se vuelve a levantar. Espero que esto no nos suceda.<\/p>\n","protected":false},"excerpt":{"rendered":"<p>Por Dr. Carlos Figueroa Ibarra Conoc\u00ed a Sa\u00fal Huerta Corona en la primavera de 2017 en el contexto de los [&hellip;]<\/p>\n","protected":false},"author":1,"featured_media":7364,"comment_status":"open","ping_status":"open","sticky":false,"template":"","format":"standard","meta":{"site-sidebar-layout":"default","site-content-layout":"","ast-site-content-layout":"default","site-content-style":"default","site-sidebar-style":"default","ast-global-header-display":"","ast-banner-title-visibility":"","ast-main-header-display":"","ast-hfb-above-header-display":"","ast-hfb-below-header-display":"","ast-hfb-mobile-header-display":"","site-post-title":"","ast-breadcrumbs-content":"","ast-featured-img":"","footer-sml-layout":"","theme-transparent-header-meta":"","adv-header-id-meta":"","stick-header-meta":"","header-above-stick-meta":"","header-main-stick-meta":"","header-below-stick-meta":"","astra-migrate-meta-layouts":"default","ast-page-background-enabled":"default","ast-page-background-meta":{"desktop":{"background-color":"var(--ast-global-color-4)","background-image":"","background-repeat":"repeat","background-position":"center center","background-size":"auto","background-attachment":"scroll","background-type":"","background-media":"","overlay-type":"","overlay-color":"","overlay-opacity":"","overlay-gradient":""},"tablet":{"background-color":"","background-image":"","background-repeat":"repeat","background-position":"center center","background-size":"auto","background-attachment":"scroll","background-type":"","background-media":"","overlay-type":"","overlay-color":"","overlay-opacity":"","overlay-gradient":""},"mobile":{"background-color":"","background-image":"","background-repeat":"repeat","background-position":"center center","background-size":"auto","background-attachment":"scroll","background-type":"","background-media":"","overlay-type":"","overlay-color":"","overlay-opacity":"","overlay-gradient":""}},"ast-content-background-meta":{"desktop":{"background-color":"var(--ast-global-color-5)","background-image":"","background-repeat":"repeat","background-position":"center center","background-size":"auto","background-attachment":"scroll","background-type":"","background-media":"","overlay-type":"","overlay-color":"","overlay-opacity":"","overlay-gradient":""},"tablet":{"background-color":"var(--ast-global-color-5)","background-image":"","background-repeat":"repeat","background-position":"center center","background-size":"auto","background-attachment":"scroll","background-type":"","background-media":"","overlay-type":"","overlay-color":"","overlay-opacity":"","overlay-gradient":""},"mobile":{"background-color":"var(--ast-global-color-5)","background-image":"","background-repeat":"repeat","background-position":"center center","background-size":"auto","background-attachment":"scroll","background-type":"","background-media":"","overlay-type":"","overlay-color":"","overlay-opacity":"","overlay-gradient":""}},"footnotes":""},"categories":[8,22],"tags":[],"class_list":["post-7594","post","type-post","status-publish","format-standard","has-post-thumbnail","hentry","category-noticias","category-opinion-invitada"],"_links":{"self":[{"href":"https:\/\/losperiodistas.com.mx\/portal\/wp-json\/wp\/v2\/posts\/7594","targetHints":{"allow":["GET"]}}],"collection":[{"href":"https:\/\/losperiodistas.com.mx\/portal\/wp-json\/wp\/v2\/posts"}],"about":[{"href":"https:\/\/losperiodistas.com.mx\/portal\/wp-json\/wp\/v2\/types\/post"}],"author":[{"embeddable":true,"href":"https:\/\/losperiodistas.com.mx\/portal\/wp-json\/wp\/v2\/users\/1"}],"replies":[{"embeddable":true,"href":"https:\/\/losperiodistas.com.mx\/portal\/wp-json\/wp\/v2\/comments?post=7594"}],"version-history":[{"count":1,"href":"https:\/\/losperiodistas.com.mx\/portal\/wp-json\/wp\/v2\/posts\/7594\/revisions"}],"predecessor-version":[{"id":7595,"href":"https:\/\/losperiodistas.com.mx\/portal\/wp-json\/wp\/v2\/posts\/7594\/revisions\/7595"}],"wp:featuredmedia":[{"embeddable":true,"href":"https:\/\/losperiodistas.com.mx\/portal\/wp-json\/wp\/v2\/media\/7364"}],"wp:attachment":[{"href":"https:\/\/losperiodistas.com.mx\/portal\/wp-json\/wp\/v2\/media?parent=7594"}],"wp:term":[{"taxonomy":"category","embeddable":true,"href":"https:\/\/losperiodistas.com.mx\/portal\/wp-json\/wp\/v2\/categories?post=7594"},{"taxonomy":"post_tag","embeddable":true,"href":"https:\/\/losperiodistas.com.mx\/portal\/wp-json\/wp\/v2\/tags?post=7594"}],"curies":[{"name":"wp","href":"https:\/\/api.w.org\/{rel}","templated":true}]}}