{"id":75773,"date":"2024-06-01T11:58:59","date_gmt":"2024-06-01T16:58:59","guid":{"rendered":"https:\/\/losperiodistas.com.mx\/portal\/?p=75773"},"modified":"2024-06-01T11:59:01","modified_gmt":"2024-06-01T16:59:01","slug":"ensayo-las-mujeres-de-mexico-estan-alzando-la-voz-las-escuchara-una-mujer-presidenta-nyt","status":"publish","type":"post","link":"https:\/\/losperiodistas.com.mx\/portal\/ensayo-las-mujeres-de-mexico-estan-alzando-la-voz-las-escuchara-una-mujer-presidenta-nyt\/","title":{"rendered":"Ensayo | Las mujeres de M\u00e9xico est\u00e1n alzando la voz. \u00bfLas escuchar\u00e1 una mujer presidenta? | NYT"},"content":{"rendered":"\n<figure class=\"wp-block-image size-large\"><img fetchpriority=\"high\" decoding=\"async\" width=\"1024\" height=\"815\" src=\"https:\/\/losperiodistas.com.mx\/portal\/wp-content\/uploads\/2024\/06\/Captura-de-Pantalla-2024-06-01-a-las-10.52.33-1024x815.jpg\" alt=\"\" class=\"wp-image-75774\" srcset=\"https:\/\/losperiodistas.com.mx\/portal\/wp-content\/uploads\/2024\/06\/Captura-de-Pantalla-2024-06-01-a-las-10.52.33-1024x815.jpg 1024w, https:\/\/losperiodistas.com.mx\/portal\/wp-content\/uploads\/2024\/06\/Captura-de-Pantalla-2024-06-01-a-las-10.52.33-300x239.jpg 300w, https:\/\/losperiodistas.com.mx\/portal\/wp-content\/uploads\/2024\/06\/Captura-de-Pantalla-2024-06-01-a-las-10.52.33-768x612.jpg 768w, https:\/\/losperiodistas.com.mx\/portal\/wp-content\/uploads\/2024\/06\/Captura-de-Pantalla-2024-06-01-a-las-10.52.33-1536x1223.jpg 1536w, https:\/\/losperiodistas.com.mx\/portal\/wp-content\/uploads\/2024\/06\/Captura-de-Pantalla-2024-06-01-a-las-10.52.33-2048x1631.jpg 2048w\" sizes=\"(max-width: 1024px) 100vw, 1024px\" \/><figcaption>Yvonne Venegas<\/figcaption><\/figure>\n\n\n\n<p class=\"has-vivid-red-color has-text-color has-medium-font-size\"><strong>Por\u00a0Cristina Rivera Garza \/ The New York Times<\/strong><\/p>\n\n\n\n<p>El libro de Rivera,\u00a0<em>El invencible verano de Liliana,<\/em>\u00a0trata sobre una de las muchas mujeres asesinadas por feminicidio en M\u00e9xico. <a href=\"https:\/\/www.nytimes.com\/2024\/06\/01\/opinion\/mexico-female-president.html\">Read in English<\/a><\/p>\n\n\n\n<p><\/p>\n\n\n\n<p>Mi madre naci\u00f3 en 1943, en un pa\u00eds donde no se le permit\u00eda votar. El gobierno mexicano no le otorg\u00f3 a las mujeres el derecho a votar en las elecciones nacionales \u2014o el derecho a ocupar cargos p\u00fablicos a nivel nacional\u2014 hasta el 17 de octubre de 1953. Hoy, casi 71 a\u00f1os despu\u00e9s, por primera vez dos mujeres encabezan la contienda electoral para ser la pr\u00f3xima presidenta de M\u00e9xico: Claudia Sheinbaum, la puntera en las encuestas, y X\u00f3chitl G\u00e1lvez. No es una haza\u00f1a menor para un pa\u00eds con una larga y compleja relaci\u00f3n con el machismo, y donde cada d\u00eda mueren asesinadas un promedio de 10 mujeres o ni\u00f1as.<\/p>\n\n\n\n<p>Y, sin embargo, este logro a menudo se ha sentido como algo secundario en estas hist\u00f3ricas elecciones. Sheinbaum, una cient\u00edfica que se presenta en la candidatura del partido gobernante, Morena, y G\u00e1lvez, una empresaria que representa a una coalici\u00f3n de partidos convertidos en oposici\u00f3n, han aludido a los logros del feminismo y su influencia en la vida p\u00fablica mexicana. Pero han sido cautas respecto a&nbsp;<a href=\"https:\/\/elpais.com\/mexico\/elecciones-mexicanas\/2024-03-08\/combate-al-feminicidio-cuidados-y-apoyos-las-propuestas-de-claudia-sheinbaum-y-xochitl-galvez-para-las-mujeres-a-debate.html\" rel=\"noreferrer noopener\" target=\"_blank\">detenerse demasiado<\/a>&nbsp;en los temas de los derechos de las mujeres en sus campa\u00f1as, abordando muy superficialmente el aborto y los derechos reproductivos, por lo que podr\u00eda parecer cierta deferencia a los votantes conservadores. Ninguna ha presentado un plan de gobierno s\u00f3lido para atender a las mujeres que las han llevado adonde est\u00e1n hoy.<strong>El Times&nbsp;&nbsp;<\/strong>Una selecci\u00f3n semanal de historias en espa\u00f1ol que no encontrar\u00e1s en ning\u00fan otro sitio, con e\u00f1es y acentos.&nbsp;Get it sent to your inbox.<\/p>\n\n\n\n<p>Porque, mientras M\u00e9xico se sum\u00eda en su pesadilla de violencia generalizada, desde la guerra contra el narcotr\u00e1fico respaldada por Estados Unidos, pasando por el gobierno de Felipe Calder\u00f3n y hasta el sexenio del presidente saliente, Andr\u00e9s Manuel L\u00f3pez Obrador, han sido las mujeres \u2014su incansable trabajo, su rabia infinita y su dolor cada vez m\u00e1s profundo\u2014 quienes le han dado a este pa\u00eds una br\u00fajula moral. Las movilizaciones de las mujeres han cobrado m\u00e1s fuerza y estruendo ante la indiferencia y la represi\u00f3n del gobierno; han constituido la \u00fanica oposici\u00f3n seria contra el&nbsp;<em>statu quo&nbsp;<\/em>y han convertido las cuestiones de los derechos de las mujeres y la justicia de g\u00e9nero en temas centrales de cualquier debate sobre nuestro futuro en com\u00fan.<\/p>\n\n\n\n<p>Para ser justos, a los hombres que han aspirado a la presidencia tampoco se les ha exigido hist\u00f3ricamente que presenten sus planes para las mujeres. Rara vez se les pregunta al respecto. Sin embargo, las mujeres constituyen algo m\u00e1s de la mitad del electorado mexicano, por lo que es imperativo que Sheinbaum y G\u00e1lvez hablen de sus puntos de vista y sus posturas sobre asuntos que afectar\u00e1n los cuerpos, la seguridad y la vida cotidiana de las mujeres; no porque sean mujeres, sino porque son candidatas a la presidencia que luchan por representarnos a todos y todas en el m\u00e1s alto cargo pol\u00edtico del pa\u00eds.<\/p>\n\n\n\n<p>Casi con toda seguridad, el 2 de junio una mujer recibir\u00e1 el mandato de gobernarnos a todos. Ser\u00e1 la presidenta de unos votantes profundamente preocupados por la inseguridad y la corrupci\u00f3n. La pol\u00edtica de seguridad del gobierno actual \u2014conocida como \u201cAbrazos, no balazos\u201d\u2014 no ha conseguido reducir la violencia desatada por la fallida y mal llamada guerra contra las drogas, hecho que se pone dolorosamente de manifiesto con el creciente n\u00famero de desapariciones y los altos \u00edndices de violencia de g\u00e9nero. Una impactante cifra de colectivos de v\u00edctimas, compuestos en su mayor\u00eda por madres, esposas, hermanas e hijas de personas desaparecidas, recorren el pa\u00eds con escaso o nulo presupuesto o apoyo institucionales, en ocasiones desenterrando ellas mismas los restos de sus seres queridos.<\/p>\n\n\n\n<figure class=\"wp-block-image\"><img decoding=\"async\" src=\"https:\/\/static01.nyt.com\/images\/2024\/06\/03\/multimedia\/01garza-ESP\/01garza-04-mlzh-articleLarge.jpg?quality=75&amp;auto=webp&amp;disable=upscale\" alt=\"Women marching on a street in Mexico City holding placards. \"\/><figcaption>Las mujeres marcharon para celebrar el D\u00eda Internacional de la Eliminaci\u00f3n de la Violencia contra la Mujer, en Ciudad de M\u00e9xico, el 25 de noviembre de 2023.Credit&#8230;Aurea Del Rosario\/Associated Press<\/figcaption><\/figure>\n\n\n\n<p>Las mujeres de mi familia no cuentan solo la historia del voto en M\u00e9xico. Tambi\u00e9n estamos entre las innumerables familias que buscan justicia para sus hijas asesinadas en un pa\u00eds donde la impunidad y la corrupci\u00f3n suelen ponerles obst\u00e1culos, sobre todo en los casos de feminicidio. Uno de los muchos casos pendientes hoy en M\u00e9xico es el de&nbsp;<a href=\"https:\/\/www.nytimes.com\/es\/2022\/03\/12\/espanol\/invencible-verano-liliana-rivera-garza.html\">Liliana Rivera Garza<\/a>, mi hermana menor, asesinada el 16 de julio de 1990. El presunto feminicida nunca ha sido detenido, a pesar de tener una orden de arresto.<\/p>\n\n\n\n<p>Pero esto es solo una parte del panorama. Quien llegue a la presidencia de M\u00e9xico tambi\u00e9n gobernar\u00e1 un pa\u00eds que alberga un influyente y activo movimiento de mujeres. En M\u00e9xico, el feminicidio es un delito espec\u00edfico; en 2019, en Ciudad de M\u00e9xico, cuando Sheinbaum era su jefa de gobierno, se cre\u00f3 una fiscal\u00eda especial para el delito de feminicidio. Mientras que la Corte Suprema de Estados Unidos&nbsp;<a href=\"https:\/\/www.nytimes.com\/es\/2022\/06\/24\/espanol\/roe-wade-aborto-estados-unidos.html\">revocaba su fallo en el caso Roe contra Wade en 2022<\/a>, la Suprema Corte de Justicia de M\u00e9xico&nbsp;<a href=\"https:\/\/www.nytimes.com\/es\/2023\/09\/06\/espanol\/mexico-aborto-suprema-corte.html\">despenalizaba el aborto en 2023<\/a>. Queda mucho trabajo por hacer: por la justicia econ\u00f3mica, la igualdad de acceso a la educaci\u00f3n y los derechos laborales, y contra el racismo, la homofobia y la transfobia. Pero esta generaci\u00f3n de mujeres mexicanas j\u00f3venes ha logrado aut\u00e9nticos progresos, al ayudar a encontrar un lenguaje que sea lo bastante preciso, compasivo y contundente para desmantelar los relatos que las han silenciado por la fuerza y normalizado la violencia de g\u00e9nero durante demasiado tiempo.<\/p>\n\n\n\n<p>Su \u00e9xito es parte de algo m\u00e1s grande. En toda Am\u00e9rica Latina, las mujeres han estado a la vanguardia de la lucha contra las dictaduras militares en Chile (el movimiento de las arpilleras, por ejemplo) y Argentina (las&nbsp;<a href=\"https:\/\/www.nytimes.com\/es\/2024\/05\/31\/espanol\/nora-cortinas-madres-plaza-de-mayo.html\">Madres de Plaza de Mayo<\/a>). Hoy responsabilizan de la violencia a sus pa\u00edses y reclaman el espacio p\u00fablico para recordarnos que ellas \u2014que todas nosotras\u2014 tenemos derecho a vivir y prosperar con seguridad. El 25 de noviembre de 2019, durante la celebraci\u00f3n del D\u00eda Internacional de la Eliminaci\u00f3n de la Violencia contra la Mujer, el colectivo feminista chileno LASTESIS interpret\u00f3 la canci\u00f3n protesta \u201cUn violador en tu camino\u201d,&nbsp;<a href=\"https:\/\/www.youtube.com\/watch?v=s5AAscy7qbI\" rel=\"noreferrer noopener\" target=\"_blank\">convoc\u00e1ndonos a miles de nosotras<\/a>&nbsp;a corear contra nuestros gobiernos. La pr\u00f3xima presidenta de M\u00e9xico debe ser consciente de que la energ\u00eda liberada por estas acciones, que reverbera en Am\u00e9rica Latina y m\u00e1s all\u00e1, ha llegado para quedarse.<\/p>\n\n\n\n<p>Son estas luchas y reivindicaciones las que han configurado el escenario pol\u00edtico en el que Sheinbaum y G\u00e1lvez se encuentran ahora. \u00bfTendr\u00e1 la pr\u00f3xima presidenta de M\u00e9xico la voluntad y la capacidad de honrar esa historia y de reconocer que la igualdad de las mujeres y la justicia de g\u00e9nero no son cuestiones marginales, sino cruciales para el futuro de nuestro pa\u00eds? \u00bfEstar\u00e1 preparada para enfrentarse al inmenso desaf\u00edo del crimen organizado, dentro y fuera del gobierno, para garantizar una vida libre de violencia para todas? \u00bfPreservar\u00e1 y defender\u00e1 la seguridad de los periodistas y activistas que arriesgan su vida cuando le hacen preguntas dif\u00edciles al poder? A diferencia de los anteriores mandatarios, \u00bfella escuchar\u00e1?<\/p>\n\n\n\n<p>Creo que las mujeres son seres humanos complejos con \u201ctoda una gama de conductas que van desde lo santo a lo demon\u00edaco, incluido lo criminal\u201d, como escribi\u00f3 una vez Margaret Atwood. Y muchas dirigentes mujeres \u2014Margaret Thatcher y Coraz\u00f3n Aquino, por citar solo dos\u2014 han demostrado que el hecho de que una mujer gobierne el pa\u00eds no se traduce necesariamente en apoyo a las mujeres. Como todos los presidentes del pasado, y del futuro, la pr\u00f3xima l\u00edder de M\u00e9xico ser\u00e1 juzgada, no por su g\u00e9nero, sino por las decisiones y los actos de su gobierno.<\/p>\n\n\n\n<p>La historia de mi madre forma parte de un M\u00e9xico, uno en el que las mujeres han cooperado para llevar a dos candidatas hasta este momento. La historia de mi hermana Liliana nos advierte de otro M\u00e9xico, uno donde la violencia acaba con las cosas antes de que empiecen. Dos a\u00f1os antes de su muerte, Liliana ejerci\u00f3 su derecho al voto, el 6 de julio de 1988, y se uni\u00f3 entusiasmada a la multitud que se congreg\u00f3 despu\u00e9s en el z\u00f3calo de Ciudad de M\u00e9xico. Estaba dispuesta a defender nuestra incipiente democracia y a oponerse al omnipresente fraude electoral que mantuvo entonces al Partido Revolucionario Institucional en el poder.<\/p>\n\n\n\n<p>Ella, como las otras innumerables v\u00edctimas de la violencia contra las mujeres en M\u00e9xico, no podr\u00e1 votar esta semana. Solo podemos votar si estamos vivas.<\/p>\n\n\n\n<p>Cristina Rivera Garza es autora de\u00a0<em>El invencible verano de Liliana<\/em>, que gan\u00f3 el Premio Pulitzer este a\u00f1o.<\/p>\n\n\n\n<p>Fuente: <a href=\"https:\/\/www.nytimes.com\/es\/2024\/06\/01\/espanol\/opinion\/mexico-elecciones-mujer-presidenta.html?auth=login-google1tap&amp;login=google1tap\">https:\/\/www.nytimes.com\/es\/2024\/06\/01\/espanol\/opinion\/mexico-elecciones-mujer-presidenta.html?auth=login-google1tap&amp;login=google1tap<\/a><a href=\"https:\/\/www.nytimes.com\/es\/2024\/03\/18\/espanol\/opinion\/claudia-sheinbaum-elecciones-mexico.html?pgtype=Article&amp;action=click&amp;module=RelatedLinks\"><\/a><\/p>\n","protected":false},"excerpt":{"rendered":"<p>Por\u00a0Cristina Rivera Garza \/ The New York Times El libro de Rivera,\u00a0El invencible verano de Liliana,\u00a0trata sobre una de las [&hellip;]<\/p>\n","protected":false},"author":1,"featured_media":75774,"comment_status":"open","ping_status":"open","sticky":false,"template":"","format":"standard","meta":{"site-sidebar-layout":"default","site-content-layout":"","ast-site-content-layout":"default","site-content-style":"default","site-sidebar-style":"default","ast-global-header-display":"","ast-banner-title-visibility":"","ast-main-header-display":"","ast-hfb-above-header-display":"","ast-hfb-below-header-display":"","ast-hfb-mobile-header-display":"","site-post-title":"","ast-breadcrumbs-content":"","ast-featured-img":"","footer-sml-layout":"","theme-transparent-header-meta":"","adv-header-id-meta":"","stick-header-meta":"","header-above-stick-meta":"","header-main-stick-meta":"","header-below-stick-meta":"","astra-migrate-meta-layouts":"default","ast-page-background-enabled":"default","ast-page-background-meta":{"desktop":{"background-color":"var(--ast-global-color-4)","background-image":"","background-repeat":"repeat","background-position":"center center","background-size":"auto","background-attachment":"scroll","background-type":"","background-media":"","overlay-type":"","overlay-color":"","overlay-opacity":"","overlay-gradient":""},"tablet":{"background-color":"","background-image":"","background-repeat":"repeat","background-position":"center center","background-size":"auto","background-attachment":"scroll","background-type":"","background-media":"","overlay-type":"","overlay-color":"","overlay-opacity":"","overlay-gradient":""},"mobile":{"background-color":"","background-image":"","background-repeat":"repeat","background-position":"center center","background-size":"auto","background-attachment":"scroll","background-type":"","background-media":"","overlay-type":"","overlay-color":"","overlay-opacity":"","overlay-gradient":""}},"ast-content-background-meta":{"desktop":{"background-color":"var(--ast-global-color-5)","background-image":"","background-repeat":"repeat","background-position":"center center","background-size":"auto","background-attachment":"scroll","background-type":"","background-media":"","overlay-type":"","overlay-color":"","overlay-opacity":"","overlay-gradient":""},"tablet":{"background-color":"var(--ast-global-color-5)","background-image":"","background-repeat":"repeat","background-position":"center center","background-size":"auto","background-attachment":"scroll","background-type":"","background-media":"","overlay-type":"","overlay-color":"","overlay-opacity":"","overlay-gradient":""},"mobile":{"background-color":"var(--ast-global-color-5)","background-image":"","background-repeat":"repeat","background-position":"center center","background-size":"auto","background-attachment":"scroll","background-type":"","background-media":"","overlay-type":"","overlay-color":"","overlay-opacity":"","overlay-gradient":""}},"footnotes":""},"categories":[8],"tags":[17549,25677,25679,25678],"class_list":["post-75773","post","type-post","status-publish","format-standard","has-post-thumbnail","hentry","category-noticias","tag-cristina-rivera-garza","tag-el-invencible-verano-de-liliana","tag-mexico-mujer-presidenta","tag-premio-pulitzer"],"_links":{"self":[{"href":"https:\/\/losperiodistas.com.mx\/portal\/wp-json\/wp\/v2\/posts\/75773","targetHints":{"allow":["GET"]}}],"collection":[{"href":"https:\/\/losperiodistas.com.mx\/portal\/wp-json\/wp\/v2\/posts"}],"about":[{"href":"https:\/\/losperiodistas.com.mx\/portal\/wp-json\/wp\/v2\/types\/post"}],"author":[{"embeddable":true,"href":"https:\/\/losperiodistas.com.mx\/portal\/wp-json\/wp\/v2\/users\/1"}],"replies":[{"embeddable":true,"href":"https:\/\/losperiodistas.com.mx\/portal\/wp-json\/wp\/v2\/comments?post=75773"}],"version-history":[{"count":1,"href":"https:\/\/losperiodistas.com.mx\/portal\/wp-json\/wp\/v2\/posts\/75773\/revisions"}],"predecessor-version":[{"id":75775,"href":"https:\/\/losperiodistas.com.mx\/portal\/wp-json\/wp\/v2\/posts\/75773\/revisions\/75775"}],"wp:featuredmedia":[{"embeddable":true,"href":"https:\/\/losperiodistas.com.mx\/portal\/wp-json\/wp\/v2\/media\/75774"}],"wp:attachment":[{"href":"https:\/\/losperiodistas.com.mx\/portal\/wp-json\/wp\/v2\/media?parent=75773"}],"wp:term":[{"taxonomy":"category","embeddable":true,"href":"https:\/\/losperiodistas.com.mx\/portal\/wp-json\/wp\/v2\/categories?post=75773"},{"taxonomy":"post_tag","embeddable":true,"href":"https:\/\/losperiodistas.com.mx\/portal\/wp-json\/wp\/v2\/tags?post=75773"}],"curies":[{"name":"wp","href":"https:\/\/api.w.org\/{rel}","templated":true}]}}