{"id":75755,"date":"2024-06-01T10:29:22","date_gmt":"2024-06-01T15:29:22","guid":{"rendered":"https:\/\/losperiodistas.com.mx\/portal\/?p=75755"},"modified":"2024-06-01T10:29:24","modified_gmt":"2024-06-01T15:29:24","slug":"cuantas-mananeras-de-amlo-tuvieron-quejas-por-violar-la-ley-electoral-esta-es-la-increible-cifra-sdp","status":"publish","type":"post","link":"https:\/\/losperiodistas.com.mx\/portal\/cuantas-mananeras-de-amlo-tuvieron-quejas-por-violar-la-ley-electoral-esta-es-la-increible-cifra-sdp\/","title":{"rendered":"\u00bfCu\u00e1ntas ma\u00f1aneras de AMLO tuvieron quejas por violar la ley electoral? Esta es la incre\u00edble cifra | SDP"},"content":{"rendered":"\n<p class=\"has-medium-font-size\">El INE dio a conocer las sanciones que pueden dirigirse tras las quejas por violar la ley electoral durante las ma\u00f1aneras de AMLO<\/p>\n\n\n\n<figure class=\"wp-block-image size-large\"><img fetchpriority=\"high\" decoding=\"async\" width=\"1024\" height=\"571\" src=\"https:\/\/losperiodistas.com.mx\/portal\/wp-content\/uploads\/2024\/06\/Captura-de-Pantalla-2024-06-01-a-las-9.20.32-1024x571.jpg\" alt=\"\" class=\"wp-image-75756\" srcset=\"https:\/\/losperiodistas.com.mx\/portal\/wp-content\/uploads\/2024\/06\/Captura-de-Pantalla-2024-06-01-a-las-9.20.32-1024x571.jpg 1024w, https:\/\/losperiodistas.com.mx\/portal\/wp-content\/uploads\/2024\/06\/Captura-de-Pantalla-2024-06-01-a-las-9.20.32-300x167.jpg 300w, https:\/\/losperiodistas.com.mx\/portal\/wp-content\/uploads\/2024\/06\/Captura-de-Pantalla-2024-06-01-a-las-9.20.32-768x428.jpg 768w, https:\/\/losperiodistas.com.mx\/portal\/wp-content\/uploads\/2024\/06\/Captura-de-Pantalla-2024-06-01-a-las-9.20.32.jpg 1280w\" sizes=\"(max-width: 1024px) 100vw, 1024px\" \/><figcaption><strong>\u00bfCU\u00c1NTAS MA\u00d1ANERAS DE AMLO TUVIERON QUEJAS POR VIOLAR LA LEY ELECTORAL?\u00a0<\/strong>(MOIS\u00c9S PABLO NAVA)<\/figcaption><\/figure>\n\n\n\n<p class=\"has-vivid-red-color has-text-color has-medium-font-size\"><strong>Jazm\u00edn Serrano Trejo \/ SDP Noticias<\/strong><\/p>\n\n\n\n<p>Las&nbsp;<a href=\"https:\/\/www.sdpnoticias.com\/mexico\/por-que-no-hay-mananera-de-amlo-hoy-viernes-31-de-mayo-de-2024\/\" target=\"_blank\" rel=\"noreferrer noopener\">ma\u00f1aneras del presidente Andr\u00e9s Manuel L\u00f3pez Obrador (<strong>AMLO<\/strong>)&nbsp;<\/a>contin\u00faan generando&nbsp;<strong>controversia<\/strong>&nbsp;pues se revel\u00f3 la&nbsp;<strong>cifra&nbsp;<\/strong>de cu\u00e1ntas tuvieron&nbsp;<strong>quejas por violar la ley electoral<\/strong>; ac\u00e1 te compartimos el impactante n\u00famero.<\/p>\n\n\n\n<p>Pese a que nos encontramos en el periodo reflexivo conocido como&nbsp;<strong>veda electoral<\/strong>, las conferencias matutinas encabezadas por el titular del ejecutivo, siguen dando de qu\u00e9 hablar.<\/p>\n\n\n\n<p>Incluso el Instituto Nacional Electoral (INE) ha ordenado a al presidente AMLO a trav\u00e9s de su Comisi\u00f3n de Quejas y Denuncias, bajar algunas de estas ma\u00f1aneras por las mismas razones.<\/p>\n\n\n\n<p>Pero,&nbsp;<strong>\u00bfcu\u00e1ntas ma\u00f1aneras de AMLO tuvieron quejas por violar la ley electoral?&nbsp;<\/strong>Ent\u00e9rate de la incre\u00edble cifra que dio a conocer el INE.<\/p>\n\n\n\n<figure class=\"wp-block-image size-large\"><img decoding=\"async\" width=\"1024\" height=\"685\" src=\"https:\/\/losperiodistas.com.mx\/portal\/wp-content\/uploads\/2024\/06\/Captura-de-Pantalla-2024-06-01-a-las-9.24.10-1024x685.jpg\" alt=\"\" class=\"wp-image-75757\" srcset=\"https:\/\/losperiodistas.com.mx\/portal\/wp-content\/uploads\/2024\/06\/Captura-de-Pantalla-2024-06-01-a-las-9.24.10-1024x685.jpg 1024w, https:\/\/losperiodistas.com.mx\/portal\/wp-content\/uploads\/2024\/06\/Captura-de-Pantalla-2024-06-01-a-las-9.24.10-300x201.jpg 300w, https:\/\/losperiodistas.com.mx\/portal\/wp-content\/uploads\/2024\/06\/Captura-de-Pantalla-2024-06-01-a-las-9.24.10-768x514.jpg 768w, https:\/\/losperiodistas.com.mx\/portal\/wp-content\/uploads\/2024\/06\/Captura-de-Pantalla-2024-06-01-a-las-9.24.10.jpg 1274w\" sizes=\"(max-width: 1024px) 100vw, 1024px\" \/><figcaption><strong>\u00bfCU\u00c1NTAS MA\u00d1ANERAS DE AMLO TUVIERON QUEJAS POR VIOLAR LA LEY ELECTORAL?&nbsp;<\/strong>(MARIO JASSO)<\/figcaption><\/figure>\n\n\n\n<h2 class=\"wp-block-heading\">\u00bfCu\u00e1ntas ma\u00f1aneras de AMLO tuvieron quejas por violar la ley electoral?<\/h2>\n\n\n\n<p>Han sido&nbsp;<strong>86 las ma\u00f1aneras<\/strong>que preside el mandatario federal AMLO desde Palacio Nacional, las que han sido acreedoras de&nbsp;<strong>quejas por violar la ley electoral&nbsp;<\/strong>durante el proceso rumbo a las<strong>&nbsp;elecciones 2024 M\u00e9xico.<\/strong><\/p>\n\n\n\n<p>As\u00ed lo dio a conocer el encargado de despacho de la\u00a0Unidad T\u00e9cnica de lo Contencioso Electoral del INE,<strong>\u00a0Hugo Patl\u00e1n<\/strong>.<\/p>\n\n\n\n<p>Cabe recordar que esta divisi\u00f3n del INE es la responsable de \u201cdirigir los procedimientos administrativos sancionadores ordinarios, especiales y los de remoci\u00f3n de consejeros electorales de los organismos p\u00fablicos locales\u201d.<\/p>\n\n\n\n<p>En este sentido, Hugo Patl\u00e1n indic\u00f3 que son&nbsp;<strong>86 las ma\u00f1aneras&nbsp;<\/strong>de AMLO&nbsp;<strong>\u201cinvolucradas\u201d&nbsp;<\/strong>pues en algunas de estas conferencias, se ha presentado&nbsp;<strong>m\u00e1s de una queja&nbsp;<\/strong>por violaciones a la ley electoral.<\/p>\n\n\n\n<figure class=\"wp-block-image size-large\"><img decoding=\"async\" width=\"1024\" height=\"683\" src=\"https:\/\/losperiodistas.com.mx\/portal\/wp-content\/uploads\/2024\/06\/Captura-de-Pantalla-2024-06-01-a-las-9.24.45-1024x683.jpg\" alt=\"\" class=\"wp-image-75758\" srcset=\"https:\/\/losperiodistas.com.mx\/portal\/wp-content\/uploads\/2024\/06\/Captura-de-Pantalla-2024-06-01-a-las-9.24.45-1024x683.jpg 1024w, https:\/\/losperiodistas.com.mx\/portal\/wp-content\/uploads\/2024\/06\/Captura-de-Pantalla-2024-06-01-a-las-9.24.45-300x200.jpg 300w, https:\/\/losperiodistas.com.mx\/portal\/wp-content\/uploads\/2024\/06\/Captura-de-Pantalla-2024-06-01-a-las-9.24.45-768x512.jpg 768w, https:\/\/losperiodistas.com.mx\/portal\/wp-content\/uploads\/2024\/06\/Captura-de-Pantalla-2024-06-01-a-las-9.24.45.jpg 1280w\" sizes=\"(max-width: 1024px) 100vw, 1024px\" \/><figcaption><strong>\u00bfCU\u00c1NTAS MA\u00d1ANERAS DE AMLO TUVIERON QUEJAS POR VIOLAR LA LEY ELECTORAL?&nbsp;<\/strong>(GALO CA\u00d1AS RODR\u00cdGUEZ \/ CUARTOSCURO)<\/figcaption><\/figure>\n\n\n\n<h2 class=\"wp-block-heading\">\u00bfCu\u00e1l es la sanci\u00f3n por la violaci\u00f3n a la ley electoral durante las ma\u00f1aneras de AMLO?<\/h2>\n\n\n\n<p>Una de las&nbsp;<strong>sanciones<\/strong>&nbsp;por las&nbsp;<strong>violaciones a la ley electoral&nbsp;<\/strong>durante las&nbsp;<strong>ma\u00f1aneras de AMLO<\/strong>&nbsp;es el&nbsp;<strong>retiro de candidaturas<\/strong>, de acuerdo con lo declarado por la consejera del INE,&nbsp;<strong>Claudia Zavala&nbsp;<\/strong>durante una conferencia de prensa.<\/p>\n\n\n\n<p>Sin embargo, la funcionaria especific\u00f3 que la parte encargada de otorgar estas sanciones es el\u00a0<strong>\u201csuperior jer\u00e1rquico\u201d<\/strong>\u00a0al presidente de la Rep\u00fablica, con lo que se sugiri\u00f3 que es casi imposible propinar esta represalia.<\/p>\n\n\n\n<p>Aqu\u00ed, la consejera indic\u00f3 que el INE ha recibido<strong>&nbsp;52 quejas<\/strong>&nbsp;contra el presidente AMLO por<strong>&nbsp;comentarios&nbsp;<\/strong>que presuntamente&nbsp;<strong>violaron la ley electoral.<\/strong><\/p>\n\n\n\n<p>De este universo, el \u00f3rgano electoral ya abri\u00f3<strong>&nbsp;31 procedimientos en su contra<\/strong>, los cuales tendr\u00e1n que ser examinados por las partes correspondientes del INE.<\/p>\n\n\n\n<p>\u201cTerminamos de sustanciar los tr\u00e1mites procesales en el INE y los remitimos a la Sala Regional Especializada 12 procedimientos y&nbsp;tenemos en tr\u00e1mite todav\u00eda aqu\u00ed en la unidad de lo contencioso electoral 19 procedimientos\u201d, expres\u00f3 la consejera tras revelar la cifra de ma\u00f1aneras de AMLO que violaron la ley electoral.<\/p>\n\n\n\n<h2 class=\"wp-block-heading\">Elecciones 2024: todo lo que tiene que saber<\/h2>\n\n\n\n<p>Las elecciones M\u00e9xico 2024 se llevar\u00e1n a cabo el pr\u00f3ximo&nbsp;<strong>domingo 2 de junio<\/strong>, bajo la organizaci\u00f3n del Instituto Nacional Electoral (<strong>INE<\/strong>).https:\/\/bf9bc2d2bc7d9d285508391cf2d4d634.safeframe.googlesyndication.com\/safeframe\/1-0-40\/html\/container.html<\/p>\n\n\n\n<p>En est\u00e1s elecciones 2024 est\u00e1n en juego<strong>&nbsp;629 cargos a nivel federal y 19 mil 738 a nivel local<\/strong>, siendo:<\/p>\n\n\n\n<ul class=\"wp-block-list\"><li>La Presidencia de la Rep\u00fablica<\/li><li>500 puestos en la C\u00e1mara de Diputados<\/li><li>128 esca\u00f1os en la C\u00e1mara de Senadores<\/li><\/ul>\n\n\n\n<p>As\u00ed como las gubernaturas y jefatura de gobierno de las siguientes entidades:<\/p>\n\n\n\n<ul class=\"wp-block-list\"><li>Ciudad de M\u00e9xico (CDMX)<\/li><li>Chiapas<\/li><li>Guanajuato<\/li><li>Jalisco<\/li><li>Morelos<\/li><li>Puebla<\/li><li>Tabasco<\/li><li>Veracruz<\/li><li>Yucat\u00e1n<\/li><\/ul>\n\n\n\n<p>Es importante resaltar que se trata de las elecciones m\u00e1s grandes en la historia de M\u00e9xico, pues el INE se\u00f1ala un padr\u00f3n electoral de 99 millones 754 mil 112 ciudadanas y ciudadanos, de los cu\u00e1les&nbsp;<strong>97 millones 782 mil 429<\/strong>&nbsp;est\u00e1n inscritos en la lista nominal y cuentan con credencial para votar vigente.<\/p>\n\n\n\n<p>Con informaci\u00f3n de Proceso y El Universal<\/p>\n\n\n\n<p>Fuente: <a href=\"https:\/\/www.sdpnoticias.com\/mexico\/cuantas-mananeras-de-amlo-tuvieron-quejas-por-violar-la-ley-electoral-esta-es-la-increible-cifra\/\">https:\/\/www.sdpnoticias.com\/mexico\/cuantas-mananeras-de-amlo-tuvieron-quejas-por-violar-la-ley-electoral-esta-es-la-increible-cifra\/<\/a><\/p>\n","protected":false},"excerpt":{"rendered":"<p>El INE dio a conocer las sanciones que pueden dirigirse tras las quejas por violar la ley electoral durante las [&hellip;]<\/p>\n","protected":false},"author":1,"featured_media":75756,"comment_status":"open","ping_status":"open","sticky":false,"template":"","format":"standard","meta":{"site-sidebar-layout":"default","site-content-layout":"","ast-site-content-layout":"default","site-content-style":"default","site-sidebar-style":"default","ast-global-header-display":"","ast-banner-title-visibility":"","ast-main-header-display":"","ast-hfb-above-header-display":"","ast-hfb-below-header-display":"","ast-hfb-mobile-header-display":"","site-post-title":"","ast-breadcrumbs-content":"","ast-featured-img":"","footer-sml-layout":"","theme-transparent-header-meta":"","adv-header-id-meta":"","stick-header-meta":"","header-above-stick-meta":"","header-main-stick-meta":"","header-below-stick-meta":"","astra-migrate-meta-layouts":"default","ast-page-background-enabled":"default","ast-page-background-meta":{"desktop":{"background-color":"var(--ast-global-color-4)","background-image":"","background-repeat":"repeat","background-position":"center center","background-size":"auto","background-attachment":"scroll","background-type":"","background-media":"","overlay-type":"","overlay-color":"","overlay-opacity":"","overlay-gradient":""},"tablet":{"background-color":"","background-image":"","background-repeat":"repeat","background-position":"center center","background-size":"auto","background-attachment":"scroll","background-type":"","background-media":"","overlay-type":"","overlay-color":"","overlay-opacity":"","overlay-gradient":""},"mobile":{"background-color":"","background-image":"","background-repeat":"repeat","background-position":"center center","background-size":"auto","background-attachment":"scroll","background-type":"","background-media":"","overlay-type":"","overlay-color":"","overlay-opacity":"","overlay-gradient":""}},"ast-content-background-meta":{"desktop":{"background-color":"var(--ast-global-color-5)","background-image":"","background-repeat":"repeat","background-position":"center center","background-size":"auto","background-attachment":"scroll","background-type":"","background-media":"","overlay-type":"","overlay-color":"","overlay-opacity":"","overlay-gradient":""},"tablet":{"background-color":"var(--ast-global-color-5)","background-image":"","background-repeat":"repeat","background-position":"center center","background-size":"auto","background-attachment":"scroll","background-type":"","background-media":"","overlay-type":"","overlay-color":"","overlay-opacity":"","overlay-gradient":""},"mobile":{"background-color":"var(--ast-global-color-5)","background-image":"","background-repeat":"repeat","background-position":"center center","background-size":"auto","background-attachment":"scroll","background-type":"","background-media":"","overlay-type":"","overlay-color":"","overlay-opacity":"","overlay-gradient":""}},"footnotes":""},"categories":[8],"tags":[25667,25668,885,14088,25666],"class_list":["post-75755","post","type-post","status-publish","format-standard","has-post-thumbnail","hentry","category-noticias","tag-31-procedimientos","tag-86-violaciones-amlo","tag-ine","tag-mananeras-amlo","tag-violacion-ley-electoral"],"_links":{"self":[{"href":"https:\/\/losperiodistas.com.mx\/portal\/wp-json\/wp\/v2\/posts\/75755","targetHints":{"allow":["GET"]}}],"collection":[{"href":"https:\/\/losperiodistas.com.mx\/portal\/wp-json\/wp\/v2\/posts"}],"about":[{"href":"https:\/\/losperiodistas.com.mx\/portal\/wp-json\/wp\/v2\/types\/post"}],"author":[{"embeddable":true,"href":"https:\/\/losperiodistas.com.mx\/portal\/wp-json\/wp\/v2\/users\/1"}],"replies":[{"embeddable":true,"href":"https:\/\/losperiodistas.com.mx\/portal\/wp-json\/wp\/v2\/comments?post=75755"}],"version-history":[{"count":1,"href":"https:\/\/losperiodistas.com.mx\/portal\/wp-json\/wp\/v2\/posts\/75755\/revisions"}],"predecessor-version":[{"id":75759,"href":"https:\/\/losperiodistas.com.mx\/portal\/wp-json\/wp\/v2\/posts\/75755\/revisions\/75759"}],"wp:featuredmedia":[{"embeddable":true,"href":"https:\/\/losperiodistas.com.mx\/portal\/wp-json\/wp\/v2\/media\/75756"}],"wp:attachment":[{"href":"https:\/\/losperiodistas.com.mx\/portal\/wp-json\/wp\/v2\/media?parent=75755"}],"wp:term":[{"taxonomy":"category","embeddable":true,"href":"https:\/\/losperiodistas.com.mx\/portal\/wp-json\/wp\/v2\/categories?post=75755"},{"taxonomy":"post_tag","embeddable":true,"href":"https:\/\/losperiodistas.com.mx\/portal\/wp-json\/wp\/v2\/tags?post=75755"}],"curies":[{"name":"wp","href":"https:\/\/api.w.org\/{rel}","templated":true}]}}