{"id":75752,"date":"2024-06-01T10:17:21","date_gmt":"2024-06-01T15:17:21","guid":{"rendered":"https:\/\/losperiodistas.com.mx\/portal\/?p=75752"},"modified":"2024-06-01T10:17:23","modified_gmt":"2024-06-01T15:17:23","slug":"dia-de-la-marina-nacional","status":"publish","type":"post","link":"https:\/\/losperiodistas.com.mx\/portal\/dia-de-la-marina-nacional\/","title":{"rendered":"D\u00eda de la Marina Nacional"},"content":{"rendered":"\n<h2 class=\"has-medium-font-size wp-block-heading\">#MarinaNacional fortaleza de M\u00e9xico, pilar del desarrollo del pa\u00eds.<\/h2>\n\n\n\n<figure class=\"wp-block-image size-large\"><img fetchpriority=\"high\" decoding=\"async\" width=\"1024\" height=\"576\" src=\"https:\/\/losperiodistas.com.mx\/portal\/wp-content\/uploads\/2024\/06\/foto_1-1024x576.jpeg\" alt=\"\" class=\"wp-image-75753\" srcset=\"https:\/\/losperiodistas.com.mx\/portal\/wp-content\/uploads\/2024\/06\/foto_1-1024x576.jpeg 1024w, https:\/\/losperiodistas.com.mx\/portal\/wp-content\/uploads\/2024\/06\/foto_1-300x169.jpeg 300w, https:\/\/losperiodistas.com.mx\/portal\/wp-content\/uploads\/2024\/06\/foto_1-768x432.jpeg 768w, https:\/\/losperiodistas.com.mx\/portal\/wp-content\/uploads\/2024\/06\/foto_1.jpeg 1366w\" sizes=\"(max-width: 1024px) 100vw, 1024px\" \/><\/figure>\n\n\n\n<p><\/p>\n\n\n\n<p class=\"has-vivid-red-color has-text-color has-medium-font-size\"><strong>Secretar\u00eda de Marina<\/strong><\/p>\n\n\n\n<p>El 1\u00ba de junio, se estableci\u00f3 como \u00abD\u00eda de la Marina Nacional\u00bb para reconocer la importancia de este sector.<\/p>\n\n\n\n<p><strong>Acontecimientos Hist\u00f3ricos.<\/strong>-Derivado de la promulgaci\u00f3n de la Constituci\u00f3n de 1917, se reform\u00f3 el art\u00edculo 32, en el cual se decreto la nacionalizaci\u00f3n de la Marina, en este contexto, el primero de junio de ese mismo a\u00f1o, zarp\u00f3 el vapor \u201cTabasco\u201d con una tripulaci\u00f3n completamente mexicana de nacimiento, acontecimiento que di\u00f3 inicio a una nueva etapa&nbsp; para el desarrollo del pa\u00eds, ya que antes los Capitanes,&nbsp; Jefes de M\u00e1quinas y Oficiales de los barcos mexicanos pod\u00edan ser extranjeros.<\/p>\n\n\n\n<p>En 1942 se decret\u00f3 que el 1\u00ba de junio de cada a\u00f1o se conmemorar\u00eda el \u00abD\u00eda de la Marina Nacional\u00bb.<\/p>\n\n\n\n<p><strong>Relevancia de esta conmemoraci\u00f3n.-<\/strong>El Sector Mar\u00edtimo Nacional es considerado una actividad fundamental para el desarrollo del pa\u00eds, generadora de empleos y progreso de las y los mexicanos.<\/p>\n\n\n\n<p>Hablar de este sector, es referirse a:<\/p>\n\n\n\n<ul class=\"wp-block-list\"><li>Transporte mar\u00edtimo<\/li><li>Explotaci\u00f3n de recursos y energ\u00edas marinas<\/li><li>Puertos<\/li><li>Industria de la Construcci\u00f3n Naval<\/li><li>Industria Pesquera<\/li><li>entre otras actividades mar\u00edtimas<\/li><\/ul>\n\n\n\n<figure class=\"wp-block-image\"><img decoding=\"async\" src=\"https:\/\/www.gob.mx\/cms\/uploads\/image\/file\/806190\/12n.jpg\" alt=\"\/cms\/uploads\/image\/file\/806190\/12n.jpg\"\/><\/figure>\n\n\n\n<p>Como Secretar\u00eda de Marina- Armada de M\u00e9xico, nuestras actividades son:<\/p>\n\n\n\n<ul class=\"wp-block-list\"><li>Proteger los recursos mar\u00edtimos<\/li><li>Auxiliar a la poblaci\u00f3n civil (Plan Marina)<\/li><li>Garantizar la integridad del Mar Patrimonial<\/li><li>Brindar seguridad a trabajadores del Mar<\/li><li>Apoyar a una Navegaci\u00f3n segura<\/li><li>Proteger los recursos mar\u00edtimos<\/li><li>Promover la investigaci\u00f3n<\/li><\/ul>\n\n\n\n<figure class=\"wp-block-image\"><img decoding=\"async\" src=\"https:\/\/www.gob.mx\/cms\/uploads\/image\/file\/806145\/infografi_a_1_dia_de_la_marina.jpg\" alt=\"\/cms\/uploads\/image\/file\/806145\/infografi_a_1_dia_de_la_marina.jpg\"\/><\/figure>\n\n\n\n<p>1\u00ba de junio, fecha en la que mujeres y hombres de mar nos enaltecemos de pertenecer a este sector, y en la que, los marinos navales refrendamos nuestro compromiso para servir a M\u00e9xico.<\/p>\n\n\n\n<p>Fuente: <a href=\"https:\/\/www.gob.mx\/semar\/articulos\/dia-de-la-marina-nacional-335049?idiom=es#:~:text=El%201%C2%BA%20de%20junio%2C%20se,la%20importancia%20de%20este%20sector.\">https:\/\/www.gob.mx\/semar\/articulos\/dia-de-la-marina-nacional-335049?idiom=es#:~:text=El%201%C2%BA%20de%20junio%2C%20se,la%20importancia%20de%20este%20sector.<\/a><\/p>\n","protected":false},"excerpt":{"rendered":"<p>#MarinaNacional fortaleza de M\u00e9xico, pilar del desarrollo del pa\u00eds. Secretar\u00eda de Marina El 1\u00ba de junio, se estableci\u00f3 como \u00abD\u00eda [&hellip;]<\/p>\n","protected":false},"author":1,"featured_media":75753,"comment_status":"open","ping_status":"open","sticky":false,"template":"","format":"standard","meta":{"site-sidebar-layout":"default","site-content-layout":"","ast-site-content-layout":"default","site-content-style":"default","site-sidebar-style":"default","ast-global-header-display":"","ast-banner-title-visibility":"","ast-main-header-display":"","ast-hfb-above-header-display":"","ast-hfb-below-header-display":"","ast-hfb-mobile-header-display":"","site-post-title":"","ast-breadcrumbs-content":"","ast-featured-img":"","footer-sml-layout":"","theme-transparent-header-meta":"","adv-header-id-meta":"","stick-header-meta":"","header-above-stick-meta":"","header-main-stick-meta":"","header-below-stick-meta":"","astra-migrate-meta-layouts":"default","ast-page-background-enabled":"default","ast-page-background-meta":{"desktop":{"background-color":"var(--ast-global-color-4)","background-image":"","background-repeat":"repeat","background-position":"center center","background-size":"auto","background-attachment":"scroll","background-type":"","background-media":"","overlay-type":"","overlay-color":"","overlay-opacity":"","overlay-gradient":""},"tablet":{"background-color":"","background-image":"","background-repeat":"repeat","background-position":"center center","background-size":"auto","background-attachment":"scroll","background-type":"","background-media":"","overlay-type":"","overlay-color":"","overlay-opacity":"","overlay-gradient":""},"mobile":{"background-color":"","background-image":"","background-repeat":"repeat","background-position":"center center","background-size":"auto","background-attachment":"scroll","background-type":"","background-media":"","overlay-type":"","overlay-color":"","overlay-opacity":"","overlay-gradient":""}},"ast-content-background-meta":{"desktop":{"background-color":"var(--ast-global-color-5)","background-image":"","background-repeat":"repeat","background-position":"center center","background-size":"auto","background-attachment":"scroll","background-type":"","background-media":"","overlay-type":"","overlay-color":"","overlay-opacity":"","overlay-gradient":""},"tablet":{"background-color":"var(--ast-global-color-5)","background-image":"","background-repeat":"repeat","background-position":"center center","background-size":"auto","background-attachment":"scroll","background-type":"","background-media":"","overlay-type":"","overlay-color":"","overlay-opacity":"","overlay-gradient":""},"mobile":{"background-color":"var(--ast-global-color-5)","background-image":"","background-repeat":"repeat","background-position":"center center","background-size":"auto","background-attachment":"scroll","background-type":"","background-media":"","overlay-type":"","overlay-color":"","overlay-opacity":"","overlay-gradient":""}},"footnotes":""},"categories":[8],"tags":[],"class_list":["post-75752","post","type-post","status-publish","format-standard","has-post-thumbnail","hentry","category-noticias"],"_links":{"self":[{"href":"https:\/\/losperiodistas.com.mx\/portal\/wp-json\/wp\/v2\/posts\/75752","targetHints":{"allow":["GET"]}}],"collection":[{"href":"https:\/\/losperiodistas.com.mx\/portal\/wp-json\/wp\/v2\/posts"}],"about":[{"href":"https:\/\/losperiodistas.com.mx\/portal\/wp-json\/wp\/v2\/types\/post"}],"author":[{"embeddable":true,"href":"https:\/\/losperiodistas.com.mx\/portal\/wp-json\/wp\/v2\/users\/1"}],"replies":[{"embeddable":true,"href":"https:\/\/losperiodistas.com.mx\/portal\/wp-json\/wp\/v2\/comments?post=75752"}],"version-history":[{"count":1,"href":"https:\/\/losperiodistas.com.mx\/portal\/wp-json\/wp\/v2\/posts\/75752\/revisions"}],"predecessor-version":[{"id":75754,"href":"https:\/\/losperiodistas.com.mx\/portal\/wp-json\/wp\/v2\/posts\/75752\/revisions\/75754"}],"wp:featuredmedia":[{"embeddable":true,"href":"https:\/\/losperiodistas.com.mx\/portal\/wp-json\/wp\/v2\/media\/75753"}],"wp:attachment":[{"href":"https:\/\/losperiodistas.com.mx\/portal\/wp-json\/wp\/v2\/media?parent=75752"}],"wp:term":[{"taxonomy":"category","embeddable":true,"href":"https:\/\/losperiodistas.com.mx\/portal\/wp-json\/wp\/v2\/categories?post=75752"},{"taxonomy":"post_tag","embeddable":true,"href":"https:\/\/losperiodistas.com.mx\/portal\/wp-json\/wp\/v2\/tags?post=75752"}],"curies":[{"name":"wp","href":"https:\/\/api.w.org\/{rel}","templated":true}]}}