{"id":75749,"date":"2024-06-01T10:03:34","date_gmt":"2024-06-01T15:03:34","guid":{"rendered":"https:\/\/losperiodistas.com.mx\/portal\/?p=75749"},"modified":"2024-06-01T10:03:36","modified_gmt":"2024-06-01T15:03:36","slug":"sergio-salomon-encabeza-mesa-estatal-para-coordinar-la-jornada-electoral-oem","status":"publish","type":"post","link":"https:\/\/losperiodistas.com.mx\/portal\/sergio-salomon-encabeza-mesa-estatal-para-coordinar-la-jornada-electoral-oem\/","title":{"rendered":"Sergio Salom\u00f3n encabeza Mesa Estatal para coordinar la jornada electoral | OEM"},"content":{"rendered":"\n<h3 class=\"has-medium-font-size wp-block-heading\">Reiter\u00f3 el llamado a los actores participantes del pr\u00f3ximo proceso electoral para que privilegien la paz social<\/h3>\n\n\n\n<p><img decoding=\"async\" src=\"https:\/\/www.elsoldepuebla.com.mx\/elecciones-2024\/z9e8fr-sergio-salomon-cespedes-peregrina-encabezo-la-instalacion-de-la-sesion-permanente-de-la-mesa-estatal-de-coordinacion-para-construccion-de-la-paz.jpg\/alternates\/LANDSCAPE_768\/Sergio%20Salom%C3%B3n%20C%C3%A9spedes%20Peregrina,%20encabez%C3%B3%20la%20instalaci%C3%B3n%20de%20la%20sesi%C3%B3n%20permanente%20de%20la%20Mesa%20Estatal%20de%20Coordinaci%C3%B3n%20para%20Construcci%C3%B3n%20de%20la%20Paz.jpg\" alt=\"\"><\/p>\n\n\n\n<h4 class=\"wp-block-heading\">Sergio Salom\u00f3n C\u00e9spedes Peregrina, encabez\u00f3 la instalaci\u00f3n de la sesi\u00f3n permanente de la Mesa Estatal de Coordinaci\u00f3n para Construcci\u00f3n de la Paz. Foto: X \/ @SergioSalomonC<\/h4>\n\n\n\n<p class=\"has-vivid-red-color has-text-color has-medium-font-size\"><strong>Mayra Flores \/ El Sol de Puebla<\/strong><\/p>\n\n\n\n<p>El gobernador,<strong>&nbsp;<a href=\"https:\/\/www.elsoldepuebla.com.mx\/elecciones-2024\/no-le-metan-miedo-a-la-gente-el-llamado-del-gobernador-a-los-actores-politicos-en-vispera-de-las-elecciones-12000275.html\" target=\"_blank\" rel=\"noreferrer noopener\">Sergio Salom\u00f3n C\u00e9spedes Peregrina<\/a>, encabez\u00f3 la instalaci\u00f3n de la sesi\u00f3n permanente de la Mesa Estatal de Coordinaci\u00f3n para Construcci\u00f3n de la Paz<\/strong>, cuyo objetivo ser\u00e1 que los distintos \u00f3rdenes de gobierno den seguimiento coordinado a la jornada electoral del pr\u00f3ximo 2 de junio.<\/p>\n\n\n\n<p>A trav\u00e9s de su cuenta de X, antes Twitter,\u00a0<strong>el mandatario poblano difundi\u00f3 la instalaci\u00f3n de dicha mesa de trabajo y explic\u00f3 que la intenci\u00f3n es que los participantes trabajen de forma coordinada\u00a0<\/strong>para prevenir y atender incidencias que pudieran presentarse durante los comicios.<\/p>\n\n\n\n<p>A la par,&nbsp;<strong>reiter\u00f3 el llamado a los actores participantes del pr\u00f3ximo proceso electoral para que privilegien la paz social<\/strong>.<\/p>\n\n\n\n<p><strong><em>\u201cReitero el llamado a todas las fuerzas pol\u00edticas participantes: antes que todo est\u00e1 el bienestar de la poblaci\u00f3n y la estabilidad democr\u00e1tica\u201d<\/em><\/strong>, remarc\u00f3.<\/p>\n\n\n\n<p><a href=\"https:\/\/www.elsoldepuebla.com.mx\/local\/\">LOCAL<\/a><\/p>\n\n\n\n<figure class=\"wp-block-image\"><a href=\"https:\/\/www.elsoldepuebla.com.mx\/local\/cespedes-peregrina-verifica-avance-en-rehabilitacion-de-la-intermixteca-teopantlan-popochoyo-11967203.html\"><img decoding=\"async\" src=\"https:\/\/www.elsoldepuebla.com.mx\/local\/k0tb05-rehabilitacion-con-concreto-asfaltico-de-la-carretera-intermixteca-teopantlan-popochoyo.jpeg\/alternates\/LANDSCAPE_200\/Rehabilitaci%C3%B3n%20con%20concreto%20asf%C3%A1ltico%20de%20la%20carretera%20Intermixteca%20-%20Teopantl%C3%A1n%20-%20Popochoyo.jpeg\" alt=\"\" title=\"Rehabilitaci\u00f3n con concreto asf\u00e1ltico de la carretera Intermixteca - Teopantl\u00e1n - Popochoyo.jpeg\"\/><\/a><\/figure>\n\n\n\n<p>En dicha mesa de coordinaci\u00f3n participan el Secretario de Gobernaci\u00f3n,<strong>&nbsp;Javier Aquino Lim\u00f3n<\/strong>, el titular de la Secretar\u00eda de Seguridad P\u00fablica,&nbsp;<strong>Daniel Iv\u00e1n Cruz Luna<\/strong>, representantes de la Secretar\u00eda de la Defensa Nacional (<strong>SEDENA<\/strong>) y la<strong>&nbsp;Guardia Nacional<\/strong>&nbsp;(GN).<\/p>\n\n\n\n<p>Previamente,\u00a0<strong>el titular del ejecutivo se reuni\u00f3 con representantes de los \u00f3rganos electorales en Puebla, en la que tambi\u00e9n estuvieron presentes autoridades en materia de seguridad<\/strong>, con el objetivo de coordinar acciones para la pr\u00f3xima jornada electoral.<\/p>\n\n\n\n<p><strong><em>\u201cEs importante que entre todos asumamos nuestra responsabilidad y garanticemos una jornada democr\u00e1tica libre, en un entorno de respeto y legalidad. Recordemos que, antes que todo, est\u00e1 el bienestar de la poblaci\u00f3n y la estabilidad democr\u00e1tica de #Puebla\u201d<\/em><\/strong>, subray\u00f3 C\u00e9spedes.<\/p>\n\n\n\n<p>Fuente: <a href=\"https:\/\/www.elsoldepuebla.com.mx\/elecciones-2024\/sergio-salomon-encabeza-mesa-estatal-para-coordinar-la-jornada-electoral-12009573.html\">https:\/\/www.elsoldepuebla.com.mx\/elecciones-2024\/sergio-salomon-encabeza-mesa-estatal-para-coordinar-la-jornada-electoral-12009573.html<\/a><\/p>\n","protected":false},"excerpt":{"rendered":"<p>Reiter\u00f3 el llamado a los actores participantes del pr\u00f3ximo proceso electoral para que privilegien la paz social Sergio Salom\u00f3n C\u00e9spedes [&hellip;]<\/p>\n","protected":false},"author":1,"featured_media":75750,"comment_status":"open","ping_status":"open","sticky":false,"template":"","format":"standard","meta":{"site-sidebar-layout":"default","site-content-layout":"","ast-site-content-layout":"default","site-content-style":"default","site-sidebar-style":"default","ast-global-header-display":"","ast-banner-title-visibility":"","ast-main-header-display":"","ast-hfb-above-header-display":"","ast-hfb-below-header-display":"","ast-hfb-mobile-header-display":"","site-post-title":"","ast-breadcrumbs-content":"","ast-featured-img":"","footer-sml-layout":"","theme-transparent-header-meta":"","adv-header-id-meta":"","stick-header-meta":"","header-above-stick-meta":"","header-main-stick-meta":"","header-below-stick-meta":"","astra-migrate-meta-layouts":"default","ast-page-background-enabled":"default","ast-page-background-meta":{"desktop":{"background-color":"var(--ast-global-color-4)","background-image":"","background-repeat":"repeat","background-position":"center center","background-size":"auto","background-attachment":"scroll","background-type":"","background-media":"","overlay-type":"","overlay-color":"","overlay-opacity":"","overlay-gradient":""},"tablet":{"background-color":"","background-image":"","background-repeat":"repeat","background-position":"center center","background-size":"auto","background-attachment":"scroll","background-type":"","background-media":"","overlay-type":"","overlay-color":"","overlay-opacity":"","overlay-gradient":""},"mobile":{"background-color":"","background-image":"","background-repeat":"repeat","background-position":"center center","background-size":"auto","background-attachment":"scroll","background-type":"","background-media":"","overlay-type":"","overlay-color":"","overlay-opacity":"","overlay-gradient":""}},"ast-content-background-meta":{"desktop":{"background-color":"var(--ast-global-color-5)","background-image":"","background-repeat":"repeat","background-position":"center center","background-size":"auto","background-attachment":"scroll","background-type":"","background-media":"","overlay-type":"","overlay-color":"","overlay-opacity":"","overlay-gradient":""},"tablet":{"background-color":"var(--ast-global-color-5)","background-image":"","background-repeat":"repeat","background-position":"center center","background-size":"auto","background-attachment":"scroll","background-type":"","background-media":"","overlay-type":"","overlay-color":"","overlay-opacity":"","overlay-gradient":""},"mobile":{"background-color":"var(--ast-global-color-5)","background-image":"","background-repeat":"repeat","background-position":"center center","background-size":"auto","background-attachment":"scroll","background-type":"","background-media":"","overlay-type":"","overlay-color":"","overlay-opacity":"","overlay-gradient":""}},"footnotes":""},"categories":[8],"tags":[25664,25665,14268],"class_list":["post-75749","post","type-post","status-publish","format-standard","has-post-thumbnail","hentry","category-noticias","tag-gobeernador-pueba","tag-mesa-estatal-de-coordinacion-para-construccion-de-la-paz","tag-sergio-salomon-cespedes-peregrina"],"_links":{"self":[{"href":"https:\/\/losperiodistas.com.mx\/portal\/wp-json\/wp\/v2\/posts\/75749","targetHints":{"allow":["GET"]}}],"collection":[{"href":"https:\/\/losperiodistas.com.mx\/portal\/wp-json\/wp\/v2\/posts"}],"about":[{"href":"https:\/\/losperiodistas.com.mx\/portal\/wp-json\/wp\/v2\/types\/post"}],"author":[{"embeddable":true,"href":"https:\/\/losperiodistas.com.mx\/portal\/wp-json\/wp\/v2\/users\/1"}],"replies":[{"embeddable":true,"href":"https:\/\/losperiodistas.com.mx\/portal\/wp-json\/wp\/v2\/comments?post=75749"}],"version-history":[{"count":1,"href":"https:\/\/losperiodistas.com.mx\/portal\/wp-json\/wp\/v2\/posts\/75749\/revisions"}],"predecessor-version":[{"id":75751,"href":"https:\/\/losperiodistas.com.mx\/portal\/wp-json\/wp\/v2\/posts\/75749\/revisions\/75751"}],"wp:featuredmedia":[{"embeddable":true,"href":"https:\/\/losperiodistas.com.mx\/portal\/wp-json\/wp\/v2\/media\/75750"}],"wp:attachment":[{"href":"https:\/\/losperiodistas.com.mx\/portal\/wp-json\/wp\/v2\/media?parent=75749"}],"wp:term":[{"taxonomy":"category","embeddable":true,"href":"https:\/\/losperiodistas.com.mx\/portal\/wp-json\/wp\/v2\/categories?post=75749"},{"taxonomy":"post_tag","embeddable":true,"href":"https:\/\/losperiodistas.com.mx\/portal\/wp-json\/wp\/v2\/tags?post=75749"}],"curies":[{"name":"wp","href":"https:\/\/api.w.org\/{rel}","templated":true}]}}