{"id":75746,"date":"2024-06-01T09:54:06","date_gmt":"2024-06-01T14:54:06","guid":{"rendered":"https:\/\/losperiodistas.com.mx\/portal\/?p=75746"},"modified":"2024-06-01T09:54:08","modified_gmt":"2024-06-01T14:54:08","slug":"debido-a-ataque-zero-day-suspende-x-cuenta-de-pepe-chedraui-intolerancia-diario","status":"publish","type":"post","link":"https:\/\/losperiodistas.com.mx\/portal\/debido-a-ataque-zero-day-suspende-x-cuenta-de-pepe-chedraui-intolerancia-diario\/","title":{"rendered":"Debido a ataque Zero Day suspende \u201cX\u201d cuenta de Pepe Chedraui | Intolerancia Diario"},"content":{"rendered":"\n<h2 class=\"has-medium-font-size wp-block-heading\">Su equipo dio a conocer que la cuenta se suspendi\u00f3 despu\u00e9s de un intento de ataque denominado \u00abZero Day\u00bb.<\/h2>\n\n\n\n<p><\/p>\n\n\n\n<p><img fetchpriority=\"high\" decoding=\"async\" width=\"640\" height=\"360\" src=\"https:\/\/assets.intoleranciadiario.com\/media\/images\/post-thumbnail-ed07ca93a4ac4a3d3df076a5adb29c04-1717189168294.jpeg\" alt=\"Foto: Cortes\u00eda\"><\/p>\n\n\n\n<p>Foto: Cortes\u00eda<\/p>\n\n\n\n<p class=\"has-vivid-red-color has-text-color has-medium-font-size\"><strong>Claudia Aguilar \/ Intolerancia Diario<\/strong><\/p>\n\n\n\n<p>La cuenta X del candidato a la alcald\u00eda de Puebla,&nbsp;<strong>Jos\u00e9 Chedraui Budib<\/strong>, fue bloqueada este viernes, debido a un ataque \u00ab<strong>Zero Day\u00bb.<\/strong><\/p>\n\n\n\n<p>Al amanecer apareci\u00f3 con la leyenda de \u00abcuenta suspendida\u00bb por incumplir las reglas.<\/p>\n\n\n\n<p>Esto ocurre a dos d\u00edas de que se lleve a cabo la elecci\u00f3n en Puebla para elegir al pr\u00f3ximo presidente municipal de la capital.&nbsp;<\/p>\n\n\n\n<p>El equipo&nbsp;dio a conocer que la cuenta se suspendi\u00f3 despu\u00e9s de un intento de ataque de \u00abZero Day\u00bb.<\/p>\n\n\n\n<p>A partir de ese momento, con ayuda de agentes especializados en ciberseguridad, se determin\u00f3 frenar el ataque y se procedi\u00f3 a bloquear la cuenta del candidato de Morena, como medida preventiva, mientras se investiga de d\u00f3nde proviene el ataque.&nbsp;<\/p>\n\n\n\n<p>En este sentido, comentaron que esta acci\u00f3n pudo venir de los candidatos de oposici\u00f3n como una muestra desesperada por las campa\u00f1as electorales.<\/p>\n\n\n\n<p>El ataque \u00abZero Day\u00bb, consiste en una<strong>&nbsp;vulneraci\u00f3n a la seguridad<\/strong>&nbsp;en el que las v\u00edctimas no tienen conocimiento y tienen \u2018cero d\u00edas\u2019 para corregirlas.<\/p>\n\n\n\n<p>El objetivo es generar un<em>&nbsp;exploit<\/em>&nbsp;o m\u00e9todo que cause da\u00f1os para robar los datos de la v\u00edctima a trav\u00e9s de diversos sistemas.&nbsp;<\/p>\n\n\n\n<p>Por ello se vuelve indispensable suspender las cuentas y bloquear de d\u00f3nde viene el ataque para evitar que contin\u00fae con el robo de informaci\u00f3n.<\/p>\n\n\n\n<p>Fuente: <a href=\"https:\/\/intoleranciadiario.com\/articles\/politica\/2024\/05\/31\/1025972-debido-a-ataque-zero-day-suspende-x-cuenta-de-pepe-chedraui.html\">https:\/\/intoleranciadiario.com\/articles\/politica\/2024\/05\/31\/1025972-debido-a-ataque-zero-day-suspende-x-cuenta-de-pepe-chedraui.html<\/a><\/p>\n","protected":false},"excerpt":{"rendered":"<p>Su equipo dio a conocer que la cuenta se suspendi\u00f3 despu\u00e9s de un intento de ataque denominado \u00abZero Day\u00bb. Foto: [&hellip;]<\/p>\n","protected":false},"author":1,"featured_media":75747,"comment_status":"open","ping_status":"open","sticky":false,"template":"","format":"standard","meta":{"site-sidebar-layout":"default","site-content-layout":"","ast-site-content-layout":"default","site-content-style":"default","site-sidebar-style":"default","ast-global-header-display":"","ast-banner-title-visibility":"","ast-main-header-display":"","ast-hfb-above-header-display":"","ast-hfb-below-header-display":"","ast-hfb-mobile-header-display":"","site-post-title":"","ast-breadcrumbs-content":"","ast-featured-img":"","footer-sml-layout":"","theme-transparent-header-meta":"","adv-header-id-meta":"","stick-header-meta":"","header-above-stick-meta":"","header-main-stick-meta":"","header-below-stick-meta":"","astra-migrate-meta-layouts":"default","ast-page-background-enabled":"default","ast-page-background-meta":{"desktop":{"background-color":"var(--ast-global-color-4)","background-image":"","background-repeat":"repeat","background-position":"center center","background-size":"auto","background-attachment":"scroll","background-type":"","background-media":"","overlay-type":"","overlay-color":"","overlay-opacity":"","overlay-gradient":""},"tablet":{"background-color":"","background-image":"","background-repeat":"repeat","background-position":"center center","background-size":"auto","background-attachment":"scroll","background-type":"","background-media":"","overlay-type":"","overlay-color":"","overlay-opacity":"","overlay-gradient":""},"mobile":{"background-color":"","background-image":"","background-repeat":"repeat","background-position":"center center","background-size":"auto","background-attachment":"scroll","background-type":"","background-media":"","overlay-type":"","overlay-color":"","overlay-opacity":"","overlay-gradient":""}},"ast-content-background-meta":{"desktop":{"background-color":"var(--ast-global-color-5)","background-image":"","background-repeat":"repeat","background-position":"center center","background-size":"auto","background-attachment":"scroll","background-type":"","background-media":"","overlay-type":"","overlay-color":"","overlay-opacity":"","overlay-gradient":""},"tablet":{"background-color":"var(--ast-global-color-5)","background-image":"","background-repeat":"repeat","background-position":"center center","background-size":"auto","background-attachment":"scroll","background-type":"","background-media":"","overlay-type":"","overlay-color":"","overlay-opacity":"","overlay-gradient":""},"mobile":{"background-color":"var(--ast-global-color-5)","background-image":"","background-repeat":"repeat","background-position":"center center","background-size":"auto","background-attachment":"scroll","background-type":"","background-media":"","overlay-type":"","overlay-color":"","overlay-opacity":"","overlay-gradient":""}},"footnotes":""},"categories":[8],"tags":[25662,8711,14193,25663],"class_list":["post-75746","post","type-post","status-publish","format-standard","has-post-thumbnail","hentry","category-noticias","tag-cuenta-x-pepe-chedrau","tag-elecciones-puebla-2024","tag-pepe-chedraui","tag-zero-day"],"_links":{"self":[{"href":"https:\/\/losperiodistas.com.mx\/portal\/wp-json\/wp\/v2\/posts\/75746","targetHints":{"allow":["GET"]}}],"collection":[{"href":"https:\/\/losperiodistas.com.mx\/portal\/wp-json\/wp\/v2\/posts"}],"about":[{"href":"https:\/\/losperiodistas.com.mx\/portal\/wp-json\/wp\/v2\/types\/post"}],"author":[{"embeddable":true,"href":"https:\/\/losperiodistas.com.mx\/portal\/wp-json\/wp\/v2\/users\/1"}],"replies":[{"embeddable":true,"href":"https:\/\/losperiodistas.com.mx\/portal\/wp-json\/wp\/v2\/comments?post=75746"}],"version-history":[{"count":1,"href":"https:\/\/losperiodistas.com.mx\/portal\/wp-json\/wp\/v2\/posts\/75746\/revisions"}],"predecessor-version":[{"id":75748,"href":"https:\/\/losperiodistas.com.mx\/portal\/wp-json\/wp\/v2\/posts\/75746\/revisions\/75748"}],"wp:featuredmedia":[{"embeddable":true,"href":"https:\/\/losperiodistas.com.mx\/portal\/wp-json\/wp\/v2\/media\/75747"}],"wp:attachment":[{"href":"https:\/\/losperiodistas.com.mx\/portal\/wp-json\/wp\/v2\/media?parent=75746"}],"wp:term":[{"taxonomy":"category","embeddable":true,"href":"https:\/\/losperiodistas.com.mx\/portal\/wp-json\/wp\/v2\/categories?post=75746"},{"taxonomy":"post_tag","embeddable":true,"href":"https:\/\/losperiodistas.com.mx\/portal\/wp-json\/wp\/v2\/tags?post=75746"}],"curies":[{"name":"wp","href":"https:\/\/api.w.org\/{rel}","templated":true}]}}