{"id":75711,"date":"2024-05-31T20:01:34","date_gmt":"2024-06-01T01:01:34","guid":{"rendered":"http:\/\/losperiodistas.com.mx\/portal\/?p=75711"},"modified":"2024-05-31T20:01:36","modified_gmt":"2024-06-01T01:01:36","slug":"selecciona-ine-muestra-de-casillas-para-conteos-rapidos","status":"publish","type":"post","link":"https:\/\/losperiodistas.com.mx\/portal\/selecciona-ine-muestra-de-casillas-para-conteos-rapidos\/","title":{"rendered":"Selecciona INE la muestra de casillas para conteos r\u00e1pidos | La Jornada"},"content":{"rendered":"\n<figure class=\"wp-block-image size-large\"><img fetchpriority=\"high\" decoding=\"async\" width=\"1024\" height=\"734\" src=\"https:\/\/losperiodistas.com.mx\/portal\/wp-content\/uploads\/2024\/05\/Captura-de-pantalla-2024-05-31-185526-1024x734.png\" alt=\"Presidenta consejera Guadalupe Taddei\" class=\"wp-image-75712\" srcset=\"https:\/\/losperiodistas.com.mx\/portal\/wp-content\/uploads\/2024\/05\/Captura-de-pantalla-2024-05-31-185526-1024x734.png 1024w, https:\/\/losperiodistas.com.mx\/portal\/wp-content\/uploads\/2024\/05\/Captura-de-pantalla-2024-05-31-185526-300x215.png 300w, https:\/\/losperiodistas.com.mx\/portal\/wp-content\/uploads\/2024\/05\/Captura-de-pantalla-2024-05-31-185526-768x551.png 768w, https:\/\/losperiodistas.com.mx\/portal\/wp-content\/uploads\/2024\/05\/Captura-de-pantalla-2024-05-31-185526.png 1240w\" sizes=\"(max-width: 1024px) 100vw, 1024px\" \/><figcaption>La presidenta consejera Guadalupe Taddei, junto con consejeros electorales inauguran la Macrosala de Prensa, en las instalaciones del INE, en la Ciudad de M\u00e9xico, el 30 de Mayo de 2024. Foto Cristina Rodr\u00edguez<\/figcaption><\/figure>\n\n\n\n<p class=\"has-vivid-red-color has-text-color\">Jessica Xantomila, Alonso Urrutia, Fabiola Mart\u00ednez y Lilian Hern\u00e1ndez \/ La Jornada<\/p>\n\n\n\n<p>En las oficinas centrales del Instituto Nacional Electoral (INE) esta ma\u00f1ana se llev\u00f3 a cabo la selecci\u00f3n de la muestra de casillas en las que se basar\u00e1n los conteos r\u00e1pidos que arrojar\u00e1n tendencias de los resultados de las votaciones del 2 de junio para la Presidencia de la Rep\u00fablica, ocho gubernaturas y la jefatura de Gobierno de la Ciudad de M\u00e9xico, la integraci\u00f3n del Senado y la C\u00e1mara de Diputados.<\/p>\n\n\n\n<p>Para la elecci\u00f3n presidencial se seleccionaron 7 mil 500 muestras, en tanto que para las gubernaturas de Chiapas 600, Ciudad de M\u00e9xico tambi\u00e9n 600; Guanajuato 500, al igual que Jalisco; para Morelos 200, Puebla 450, Tabasco 200, Veracruz y Yucat\u00e1n 350, respectivamente. Mientras que para el Senado mil 620, y la C\u00e1mara de Diputados 4 mil 620 en distritos federales.<\/p>\n\n\n\n<p>En el proceso de selecci\u00f3n, la consejera presidenta del INE, Guadalupe Taddei, destac\u00f3 que el conteo r\u00e1pido es una herramienta crucial para \u201cla transparencia y la confianza\u201d en los resultados electorales, basados en m\u00e9todos cient\u00edficos rigurosos, que no s\u00f3lo brinda certeza a la ciudadan\u00eda, sino tambi\u00e9n fortalece nuestra democracia.<\/p>\n\n\n\n<p>Sostuvo que todo est\u00e1 dispuesto para que con esta selecci\u00f3n \u201cpodamos salir airosos a dar los resultados de forma contundente con tendencias irreversibles tanto en la Presidencia, Senado, Diputados y ocho estados en donde se compite la gubernatura y jefatura de gobierno\u201d.<\/p>\n\n\n\n<p>Indic\u00f3 que con base en los resultados de las casillas seleccionadas, una vez concluida la jornada electoral y en el momento en que as\u00ed lo determine el Comit\u00e9 T\u00e9cnico Asesor de los Conteos R\u00e1pidos \u201cen mi calidad de consejera presidenta har\u00e9 p\u00fablicos los rangos de votaci\u00f3n de cada candidatura\u201d. En tanto que las presidencias de los Organismos P\u00fablicos Locales de los estados donde se elegir\u00e1 gobernador har\u00e1n correspondiente.<\/p>\n\n\n\n<p>\u201cEl dise\u00f1o muestras representa a todo el territorio nacional, tiene el porcentaje correcto de confianza y precisi\u00f3n para generar certidumbre estad\u00edstica\u201d, enfatiz\u00f3 Taddei.<\/p>\n\n\n\n<p>En su turno, la consejera Carla Humphrey expuso que con los conteos r\u00e1pidos se contribuye a dar una informaci\u00f3n \u201ccierta, oportuna, veraz, confiable\u201d, adem\u00e1s de que el domingo se contar\u00e1 con otros mecanismos que se pondr\u00e1n en marcha a la par como el Programa de Resultados Electorales Preliminares (PREP).<\/p>\n\n\n\n<p>Explic\u00f3 que la precisi\u00f3n y confiabilidad de los conteo r\u00e1pido depende de una serie de factores que fundamentalmente se relacionan con la informaci\u00f3n y con los m\u00e9todos estad\u00edsticos con los que se procesan los datos. Su objetivo es producir estimaciones de porcentajes de cada candidatura y de participaci\u00f3n ciudadana de la elecci\u00f3n que corresponda a partir de un proceso matem\u00e1tico definido con rigor cient\u00edfico.<\/p>\n\n\n\n<p>Resalt\u00f3 que las muestras ser\u00e1n resguardas de manera que se asegure su secrec\u00eda. \u201cDesde este momento nadie conocer\u00e1 por completo la muestra, sino que ser\u00e1 resguardada por tres claves que tendr\u00e1n tres personas distintas y despu\u00e9s se har\u00e1 llegar a las vocal\u00edas mediante nuestro secretario t\u00e9cnico del comit\u00e9, el director ejecutivo del Registro Federal de Electores (RFE) a las vocal\u00edas de organizaci\u00f3n para que sean ellos quienes den a conocer a los CAEs cu\u00e1les son las casillas seleccionadas para estas muestras\u201d.<\/p>\n\n\n\n<p>Al respecto, Alejandro Sosa Dur\u00e1n, director ejecutivo del RFE y secretario t\u00e9cnico del Comit\u00e9 T\u00e9cnico Asesor de los Conteos R\u00e1pidos, inform\u00f3 que se cre\u00f3 una llave de acceso tecleada por tres personas diferentes, cada una tenga siete d\u00edgitos.<\/p>\n\n\n\n<p>Las muestras se grabaron en dos dispositivos de almacenamiento, el primero para la distribuci\u00f3n de las muestras a las vocal\u00edas de organizaci\u00f3n electoral de las juntas distritales ejecutivas involucradas, con el fin de que preparen los trabajos de acopio de datos de cuadernillos para hacer las operaciones de escrutinio y c\u00f3mputo de las casillas seleccionadas, as\u00ed como el env\u00edo de la informaci\u00f3n a trav\u00e9s de los CAEs.<\/p>\n\n\n\n<p>El segundo dispositivo, dijo, queda bajo la custodia de la secretar\u00eda ejecutiva, adicionalmente se resguardar\u00e1n en el equipo de c\u00f3mputo y la documentaci\u00f3n de la semilla que origin\u00f3 las muestras, todos insumos guardado en un sobre el cual ser\u00e1 sellado, rubricado y entregado por la oficial\u00eda electoral, el notario p\u00fablico a la secretar\u00eda ejecutiva como parte de la conclusi\u00f3n del evento.<\/p>\n\n\n\n<p>El consejero Jaime Rivera enfatiz\u00f3 que con este proceso de selecci\u00f3n el INE \u201crefrenda su capacidad t\u00e9cnica y log\u00edstica y confiabilidad para ofrecer resultados aut\u00e9nticos de unas elecciones que por su organizaci\u00f3n ser\u00e1n tambi\u00e9n aut\u00e9nticas\u201d.<\/p>\n\n\n\n<p>Ayer se inform\u00f3 que el INE tiene proyectado informar los resultados del conteo r\u00e1pido de la Presidencia de la Rep\u00fablica a trav\u00e9s de una cadena nacional que se difundir\u00e1 entre las 22 y 23 horas del domingo. El organismo tambi\u00e9n tiene contemplado que la informaci\u00f3n de los conteos r\u00e1pidos del Senado y de la C\u00e1mara de Diputados se transmitir\u00e1, igual en cadena nacional, entre las 23:30 y la medianoche.<\/p>\n\n\n\n<p>Fuente: <a href=\"https:\/\/www.jornada.com.mx\/noticia\/2024\/05\/31\/politica\/selecciona-ine-la-muestra-de-casillas-para-conteos-rapidos-7013\" target=\"_blank\" rel=\"noreferrer noopener\">La Jornada<\/a><\/p>\n","protected":false},"excerpt":{"rendered":"<p>La presidenta consejera Guadalupe Taddei, junto con consejeros electorales inauguran la Macrosala de Prensa, en las instalaciones del INE<\/p>\n","protected":false},"author":1,"featured_media":75712,"comment_status":"open","ping_status":"open","sticky":false,"template":"","format":"standard","meta":{"site-sidebar-layout":"default","site-content-layout":"","ast-site-content-layout":"default","site-content-style":"default","site-sidebar-style":"default","ast-global-header-display":"","ast-banner-title-visibility":"","ast-main-header-display":"","ast-hfb-above-header-display":"","ast-hfb-below-header-display":"","ast-hfb-mobile-header-display":"","site-post-title":"","ast-breadcrumbs-content":"","ast-featured-img":"","footer-sml-layout":"","theme-transparent-header-meta":"","adv-header-id-meta":"","stick-header-meta":"","header-above-stick-meta":"","header-main-stick-meta":"","header-below-stick-meta":"","astra-migrate-meta-layouts":"default","ast-page-background-enabled":"default","ast-page-background-meta":{"desktop":{"background-color":"var(--ast-global-color-4)","background-image":"","background-repeat":"repeat","background-position":"center center","background-size":"auto","background-attachment":"scroll","background-type":"","background-media":"","overlay-type":"","overlay-color":"","overlay-opacity":"","overlay-gradient":""},"tablet":{"background-color":"","background-image":"","background-repeat":"repeat","background-position":"center center","background-size":"auto","background-attachment":"scroll","background-type":"","background-media":"","overlay-type":"","overlay-color":"","overlay-opacity":"","overlay-gradient":""},"mobile":{"background-color":"","background-image":"","background-repeat":"repeat","background-position":"center center","background-size":"auto","background-attachment":"scroll","background-type":"","background-media":"","overlay-type":"","overlay-color":"","overlay-opacity":"","overlay-gradient":""}},"ast-content-background-meta":{"desktop":{"background-color":"var(--ast-global-color-5)","background-image":"","background-repeat":"repeat","background-position":"center center","background-size":"auto","background-attachment":"scroll","background-type":"","background-media":"","overlay-type":"","overlay-color":"","overlay-opacity":"","overlay-gradient":""},"tablet":{"background-color":"var(--ast-global-color-5)","background-image":"","background-repeat":"repeat","background-position":"center center","background-size":"auto","background-attachment":"scroll","background-type":"","background-media":"","overlay-type":"","overlay-color":"","overlay-opacity":"","overlay-gradient":""},"mobile":{"background-color":"var(--ast-global-color-5)","background-image":"","background-repeat":"repeat","background-position":"center center","background-size":"auto","background-attachment":"scroll","background-type":"","background-media":"","overlay-type":"","overlay-color":"","overlay-opacity":"","overlay-gradient":""}},"footnotes":""},"categories":[8],"tags":[5486,15798,885,14070],"class_list":["post-75711","post","type-post","status-publish","format-standard","has-post-thumbnail","hentry","category-noticias","tag-elecciones-2024","tag-guadalupe-taddei","tag-ine","tag-prep"],"_links":{"self":[{"href":"https:\/\/losperiodistas.com.mx\/portal\/wp-json\/wp\/v2\/posts\/75711","targetHints":{"allow":["GET"]}}],"collection":[{"href":"https:\/\/losperiodistas.com.mx\/portal\/wp-json\/wp\/v2\/posts"}],"about":[{"href":"https:\/\/losperiodistas.com.mx\/portal\/wp-json\/wp\/v2\/types\/post"}],"author":[{"embeddable":true,"href":"https:\/\/losperiodistas.com.mx\/portal\/wp-json\/wp\/v2\/users\/1"}],"replies":[{"embeddable":true,"href":"https:\/\/losperiodistas.com.mx\/portal\/wp-json\/wp\/v2\/comments?post=75711"}],"version-history":[{"count":1,"href":"https:\/\/losperiodistas.com.mx\/portal\/wp-json\/wp\/v2\/posts\/75711\/revisions"}],"predecessor-version":[{"id":75715,"href":"https:\/\/losperiodistas.com.mx\/portal\/wp-json\/wp\/v2\/posts\/75711\/revisions\/75715"}],"wp:featuredmedia":[{"embeddable":true,"href":"https:\/\/losperiodistas.com.mx\/portal\/wp-json\/wp\/v2\/media\/75712"}],"wp:attachment":[{"href":"https:\/\/losperiodistas.com.mx\/portal\/wp-json\/wp\/v2\/media?parent=75711"}],"wp:term":[{"taxonomy":"category","embeddable":true,"href":"https:\/\/losperiodistas.com.mx\/portal\/wp-json\/wp\/v2\/categories?post=75711"},{"taxonomy":"post_tag","embeddable":true,"href":"https:\/\/losperiodistas.com.mx\/portal\/wp-json\/wp\/v2\/tags?post=75711"}],"curies":[{"name":"wp","href":"https:\/\/api.w.org\/{rel}","templated":true}]}}