{"id":75661,"date":"2024-05-31T10:02:29","date_gmt":"2024-05-31T15:02:29","guid":{"rendered":"https:\/\/losperiodistas.com.mx\/portal\/?p=75661"},"modified":"2024-05-31T10:02:31","modified_gmt":"2024-05-31T15:02:31","slug":"sinaloa-la-disuasion-armada-como-herramienta-de-control-politico-proceso","status":"publish","type":"post","link":"https:\/\/losperiodistas.com.mx\/portal\/sinaloa-la-disuasion-armada-como-herramienta-de-control-politico-proceso\/","title":{"rendered":"Sinaloa: la disuasi\u00f3n armada como herramienta de control pol\u00edtico | Proceso"},"content":{"rendered":"\n<p class=\"has-light-green-cyan-background-color has-background has-medium-font-size\"><strong>El poder de fuego ostentado por el narco en el Culiacanazo ha sido suficiente para disuadir a actores pol\u00edticos y convencerlos de acatar los deseos de los capos, de ah\u00ed que las pasadas campa\u00f1as pol\u00edticas hayan sido de las menos violentas en el pa\u00eds.<\/strong><\/p>\n\n\n\n<figure class=\"wp-block-image\"><a href=\"https:\/\/www.proceso.com.mx\/u\/fotografias\/fotosnoticias\/2024\/5\/30\/200216.jpeg\"><img decoding=\"async\" src=\"https:\/\/www.proceso.com.mx\/u\/fotografias\/m\/2024\/5\/30\/f685x385-200216_237909_5050.jpeg\" alt=\"Sinaloa: la disuasi\u00f3n armada como herramienta de control pol\u00edtico\"\/><\/a><figcaption>Culiac\u00e1n. Ciudad tomada. Foto: Juan Carlos Cruz<\/figcaption><\/figure>\n\n\n\n<p><\/p>\n\n\n\n<p class=\"has-vivid-red-color has-text-color has-medium-font-size\"><strong><a href=\"https:\/\/www.proceso.com.mx\/autor\/rafael-croda.html\">Rafael Croda<\/a> \/ Proceso<\/strong><\/p>\n\n\n\n<p>CIUDAD DE M\u00c9XICO (<strong>Proceso<\/strong>).- Despu\u00e9s del&nbsp;<em>Culiacanazo&nbsp;<\/em>del 17 de octubre de 2019, nadie duda de que el poder de fuego del C\u00e1rtel de Sinaloa es de tal dimensi\u00f3n que ni siquiera necesita ser utilizado para mantener bajo control amplios territorios de ese estado.<\/p>\n\n\n\n<p>Eso, de acuerdo con Luis Gustavo Kelly, profesor de la Universidad Aut\u00f3noma de Sinaloa (UAS), se not\u00f3 en este proceso electoral, ya que, a pesar de la hist\u00f3rica y amplia presencia del crimen organizado en la entidad, las campa\u00f1as pol\u00edticas que cerraron el mi\u00e9rcoles fueron de las menos violentas a nivel nacional.<\/p>\n\n\n\n<p><strong>NOTICIAS RELACIONADAS<\/strong><\/p>\n\n\n\n<ul class=\"wp-block-list\"><li><a href=\"https:\/\/www.proceso.com.mx\/nacional\/2024\/4\/26\/en-sinaloa-el-narcotrafico-mueve-la-economia-no-nos-hagamos-tatiana-clouthier-327939.html\">\u201cEn Sinaloa el narcotr\u00e1fico mueve la econom\u00eda, no nos hagamos\u201d: Tatiana Clouthier<\/a><\/li><li><a href=\"https:\/\/www.proceso.com.mx\/nacional\/2024\/3\/26\/aparecen-mantas-en-puentes-de-culiacan-donde-aseguran-que-no-hay-guerra-en-sinaloa-326189.html\">Aparecen mantas en puentes de Culiac\u00e1n donde aseguran que no hay guerra en Sinaloa<\/a><\/li><li><a href=\"https:\/\/www.proceso.com.mx\/nacional\/2024\/1\/31\/amlo-acusa-al-gobierno-de-eu-por-reportaje-de-sobornos-del-cartel-de-sinaloa-su-campana-323122.html\">AMLO acusa al gobierno de EU por reportaje de sobornos del C\u00e1rtel de Sinaloa a su campa\u00f1a<\/a><\/li><\/ul>\n\n\n\n<p>No es que la violencia pol\u00edtico-criminal haya estado ausente en Sinaloa en este proceso. El pasado 16 de mayo fue asesinado el candidato del PRI a regidor en el municipio de Choix, Santos Moreno Cabada, aunque la Fiscal\u00eda estatal se\u00f1ala que el m\u00f3vil fue una disputa familiar y responsabiliza de la muerte a uno de sus hijos.<\/p>\n\n\n\n<p>Seg\u00fan registros de la plataforma Votar entre Balas, entre el 1 de enero y el 28 de mayo de este a\u00f1o, adem\u00e1s del asesinato de Moreno Cabada, se registr\u00f3 una amenaza a un candidato, lo que suma dos eventos de violencia pol\u00edtico-electoral en el estado.<\/p>\n\n\n\n<figure class=\"wp-block-image\"><img decoding=\"async\" src=\"https:\/\/www.proceso.com.mx\/u\/fotografias\/m\/2024\/5\/30\/f768x1-200219_200346_15.jpeg\" alt=\"\"\/><figcaption>Culiacanazo. Demostraci\u00f3n de fuerza. Foto: Juan Carlos Cruz.<\/figcaption><\/figure>\n\n\n\n<p>En ese mismo periodo, en Chiapas fueron asesinados 23 candidatos, militantes, autoridades, funcionarios electos, familiares de \u00e9stos y agentes de seguridad; en Guerrero 21, en Puebla 11, en Morelos 10, se\u00f1ala el monitoreo de Votar entre Balas, en el cual Sinaloa aparece entre los 10 estados con menos violencia pol\u00edtico-electoral en estos comicios.<\/p>\n\n\n\n<p>Para Kelly, un soci\u00f3logo de la UAS y maestro en Estudios Urbanos del Colegio de M\u00e9xico, el&nbsp;<em>Culiacanazo&nbsp;<\/em>del 17 de octubre de 2019 es un referente ineludible para explicar el fen\u00f3meno de la violencia criminal en el estado.<\/p>\n\n\n\n<p>Ese d\u00eda, la reacci\u00f3n armada del C\u00e1rtel de Sinaloa a la detenci\u00f3n de Ovidio Guzm\u00e1n no s\u00f3lo logr\u00f3 que el presidente Andr\u00e9s Manuel L\u00f3pez Obrador ordenara la liberaci\u00f3n del hijo de Joaqu\u00edn \u201cEl Chapo\u201d Guzm\u00e1n, sino que tambi\u00e9n dej\u00f3 constancia de su capacidad para desplegar, con planificada inmediatez, una fuerza armada de ocupaci\u00f3n por todo Culiac\u00e1n, una capital estatal con un mill\u00f3n de habitantes.<\/p>\n\n\n\n<p>\u201cLa ciudad estaba sitiada. Nadie entraba ni sal\u00eda de Culiac\u00e1n, y en control se encontraba el C\u00e1rtel de Sinaloa\u201d, escribi\u00f3 Kelly en un trabajo que habla del suceso.<\/p>\n\n\n\n<p>El soci\u00f3logo y estudioso de los fen\u00f3menos de violencia en Sinaloa dice a&nbsp;<strong>Proceso&nbsp;<\/strong>que el&nbsp;<em>Culiacanazo&nbsp;<\/em>dej\u00f3 constancia de lo d\u00e9bil que puede ser un Estado frente al crimen organizado y, tambi\u00e9n, de que puede bastar una demostraci\u00f3n de fuerza de ese calibre para paralizar en el futuro a los enemigos.<\/p>\n\n\n\n<p>Es decir, en el mundo criminal, como en la Guerra Fr\u00eda, el poder de fuego se puede convertir, tambi\u00e9n, en un factor disuasivo.<\/p>\n\n\n\n<p>Ese factor, precisamente, es lo que ha gravitado en este proceso electoral en Sinaloa, un estado que, pese a ser el basti\u00f3n del que es quiz\u00e1 el c\u00e1rtel de las drogas m\u00e1s poderoso del mundo, registr\u00f3 en esta contienda niveles de violencia pol\u00edtico-criminal mucho m\u00e1s bajos que en otras entidades del pa\u00eds.<\/p>\n\n\n\n<p>Para Kelly, quien es consejero electoral en Mazatl\u00e1n, lo que se expres\u00f3 con claridad en Sinaloa durante las campa\u00f1as pol\u00edticas que finalizaron el mi\u00e9rcoles 29 es que la \u201cgobernanza criminal\u201d est\u00e1 tan consolidada en el estado, que los mismos grupos criminales se encargan de regular la violencia a trav\u00e9s de pactos y del reparto del territorio.<\/p>\n\n\n\n<p>Lo que parece ser claro en Sinaloa es que no existe un conflicto armado entre las diferentes facciones del C\u00e1rtel de Sinaloa y sus grupos de pistoleros. Y esto no es porque las fuerzas de seguridad del Estado hayan desarticulado las estructuras armadas de esa organizaci\u00f3n delictiva.<\/p>\n\n\n\n<p>\u201cNo hay nada que nos indique eso \u2013dice Kelly\u2013, el crimen organizado puede estar tan fuerte como lo estaba en el&nbsp;<em>Culiacanazo<\/em>, o m\u00e1s\u201d.<\/p>\n\n\n\n<p>Tampoco hay elementos para afirmar que las tradicionales redes de complicidad entre pol\u00edticos, narcotraficantes y las fuerzas de seguridad federales y locales se hayan atacado o debilitado en el estado. Al contrario.<br>&nbsp;<\/p>\n\n\n\n<h2 class=\"wp-block-heading\">La modalidad del amedrentamiento<\/h2>\n\n\n\n<p>Kelly sostiene que si bien los homicidios de dirigentes pol\u00edticos no alcanzan la incidencia que tienen en otros estados, tambi\u00e9n ocurren, y adem\u00e1s abundan los casos de coerci\u00f3n.<\/p>\n\n\n\n<p>En marzo pasado, en el municipio de El Fuerte fue asesinado el secretario general del comit\u00e9 local del PAN, Rom\u00e1n Quezada Anduaga.<\/p>\n\n\n\n<figure class=\"wp-block-image\"><img decoding=\"async\" src=\"https:\/\/www.proceso.com.mx\/u\/fotografias\/m\/2024\/5\/30\/f768x1-200218_200345_13.jpeg\" alt=\"\"\/><figcaption>Quezada Anduaga. Asesinado. Foto: Facebook.<\/figcaption><\/figure>\n\n\n\n<p>Al mes siguiente, el 13 de abril anterior, el Partido Sinaloense (PAS) report\u00f3 la desaparici\u00f3n de su candidato a regidor en Culiac\u00e1n, Luis Alonso Garc\u00eda, y de su colaborador, Francisco Cer\u00f3n Beltr\u00e1n. Ambos aparecieron con vida tres d\u00edas despu\u00e9s.<\/p>\n\n\n\n<p>Semanas m\u00e1s tarde, el dirigente del PAS, V\u00edctor Corrales Burgue\u00f1o, dijo que Garc\u00eda fue retenido para obligarlo a cambiarse de bando y trabajar por Morena, lo que estaba haciendo. \u201cLo tuvieron que regresar con ese compromiso, de no acercarse a nuestro instituto pol\u00edtico, de no militar m\u00e1s con nosotros\u201d, asegur\u00f3.<\/p>\n\n\n\n<p>Para Kelly es evidente que, en ocasiones, a los grupos del crimen organizado \u201cles basta con amedrentar\u201d para mantener sus redes de complicidades con las autoridades pol\u00edticas y asegurar que sus aliados lleguen al poder o permanezcan en \u00e9l.<\/p>\n\n\n\n<p>Lo que se apreci\u00f3 en el estado en la coyuntura electoral es que \u201chubo un intento por mantener las cosas tranquilas porque, finalmente, la violencia tambi\u00e9n afecta los negocios il\u00edcitos\u201d, asegura el acad\u00e9mico.<\/p>\n\n\n\n<p>En los primeros cuatro meses de este a\u00f1o, los homicidios en Sinaloa ascendieron a 156, lo que signific\u00f3 una baja de 13% con relaci\u00f3n a los 180 ocurridos en el mismo periodo de 2023.<\/p>\n\n\n\n<p>Kelly considera que en el estado el crimen organizado ha establecido \u201coligopolios de coerci\u00f3n\u201d que compiten con el Estado en el uso y la regulaci\u00f3n de la violencia, as\u00ed como \u201cuna subcultura del crimen que produce orden social y poder pol\u00edtico\u201d, y como capacidad disuasiva.<\/p>\n\n\n\n<p>El soci\u00f3logo se\u00f1ala que la historia del&nbsp;<em>Culiacanazo&nbsp;<\/em>se sell\u00f3 el 5 de enero de 2023, cuando defectivos de la Guardia Nacional y el Ej\u00e9rcito recapturaron a Ovidio Guzm\u00e1n en la localidad de Jes\u00fas Mar\u00eda, en las inmediaciones de Culiac\u00e1n, en un operativo que tambi\u00e9n provoc\u00f3 una reacci\u00f3n armada del C\u00e1rtel de Sinaloa en esa ciudad, en Mazatl\u00e1n, Guasave, Guam\u00fachil y Los Mochis.<\/p>\n\n\n\n<figure class=\"wp-block-image\"><img decoding=\"async\" src=\"https:\/\/www.proceso.com.mx\/u\/fotografias\/m\/2024\/5\/30\/f768x1-200220_200347_15.jpeg\" alt=\"\"\/><figcaption>Ovidio Guzm\u00e1n. Detenido y extraditado. Foto: Montserrat L\u00f3pez.<\/figcaption><\/figure>\n\n\n\n<p>Varios aeropuertos del estado fueron atacados para evitar que Ovidio fuera traslado a la Ciudad de M\u00e9xico, pero el hijo de \u201cEl Chapo\u201d Guzm\u00e1n finalmente fue sacado del estado en un avi\u00f3n de la Fuerza A\u00e9rea y en septiembre de 2023 fue extraditado a Estados Unidos.<\/p>\n\n\n\n<p>Para Kelly, las exhibiciones de poder del C\u00e1rtel de Sinaloa en la primera y en la segunda captura de Ovidio \u201cpusieron en duda que en una entidad federativa como Sinaloa el uso leg\u00edtimo de la violencia pudiera entenderse como el de un monopolio del Estado\u201d.<\/p>\n\n\n\n<p>Dice que, en Sinaloa, el narco compite, negocia y en algunos casos sustituye al Estado, y en estas condiciones es \u201cun paso l\u00f3gico su inter\u00e9s por los procesos electorales\u201d a trav\u00e9s de la intimidaci\u00f3n, la amenaza y la violencia.<\/p>\n\n\n\n<p>En Sinaloa, afirma, \u201cse sabe que cuando patean el avispero salen las avispas, y que las avispas siguen all\u00ed, en la colmena\u201d.<\/p>\n\n\n\n<p>Fuente: <a href=\"https:\/\/www.proceso.com.mx\/nacional\/2024\/5\/31\/sinaloa-la-disuasion-armada-como-herramienta-de-control-politico-330038.html\">https:\/\/www.proceso.com.mx\/nacional\/2024\/5\/31\/sinaloa-la-disuasion-armada-como-herramienta-de-control-politico-330038.html<\/a><\/p>\n","protected":false},"excerpt":{"rendered":"<p>El poder de fuego ostentado por el narco en el Culiacanazo ha sido suficiente para disuadir a actores pol\u00edticos y [&hellip;]<\/p>\n","protected":false},"author":1,"featured_media":75662,"comment_status":"open","ping_status":"open","sticky":false,"template":"","format":"standard","meta":{"site-sidebar-layout":"default","site-content-layout":"","ast-site-content-layout":"default","site-content-style":"default","site-sidebar-style":"default","ast-global-header-display":"","ast-banner-title-visibility":"","ast-main-header-display":"","ast-hfb-above-header-display":"","ast-hfb-below-header-display":"","ast-hfb-mobile-header-display":"","site-post-title":"","ast-breadcrumbs-content":"","ast-featured-img":"","footer-sml-layout":"","theme-transparent-header-meta":"","adv-header-id-meta":"","stick-header-meta":"","header-above-stick-meta":"","header-main-stick-meta":"","header-below-stick-meta":"","astra-migrate-meta-layouts":"default","ast-page-background-enabled":"default","ast-page-background-meta":{"desktop":{"background-color":"var(--ast-global-color-4)","background-image":"","background-repeat":"repeat","background-position":"center center","background-size":"auto","background-attachment":"scroll","background-type":"","background-media":"","overlay-type":"","overlay-color":"","overlay-opacity":"","overlay-gradient":""},"tablet":{"background-color":"","background-image":"","background-repeat":"repeat","background-position":"center center","background-size":"auto","background-attachment":"scroll","background-type":"","background-media":"","overlay-type":"","overlay-color":"","overlay-opacity":"","overlay-gradient":""},"mobile":{"background-color":"","background-image":"","background-repeat":"repeat","background-position":"center center","background-size":"auto","background-attachment":"scroll","background-type":"","background-media":"","overlay-type":"","overlay-color":"","overlay-opacity":"","overlay-gradient":""}},"ast-content-background-meta":{"desktop":{"background-color":"var(--ast-global-color-5)","background-image":"","background-repeat":"repeat","background-position":"center center","background-size":"auto","background-attachment":"scroll","background-type":"","background-media":"","overlay-type":"","overlay-color":"","overlay-opacity":"","overlay-gradient":""},"tablet":{"background-color":"var(--ast-global-color-5)","background-image":"","background-repeat":"repeat","background-position":"center center","background-size":"auto","background-attachment":"scroll","background-type":"","background-media":"","overlay-type":"","overlay-color":"","overlay-opacity":"","overlay-gradient":""},"mobile":{"background-color":"var(--ast-global-color-5)","background-image":"","background-repeat":"repeat","background-position":"center center","background-size":"auto","background-attachment":"scroll","background-type":"","background-media":"","overlay-type":"","overlay-color":"","overlay-opacity":"","overlay-gradient":""}},"footnotes":""},"categories":[8],"tags":[25633,12832,25632],"class_list":["post-75661","post","type-post","status-publish","format-standard","has-post-thumbnail","hentry","category-noticias","tag-crimen-organizado-sinaloa","tag-culiacanazo","tag-disuadir-a-politcos"],"_links":{"self":[{"href":"https:\/\/losperiodistas.com.mx\/portal\/wp-json\/wp\/v2\/posts\/75661","targetHints":{"allow":["GET"]}}],"collection":[{"href":"https:\/\/losperiodistas.com.mx\/portal\/wp-json\/wp\/v2\/posts"}],"about":[{"href":"https:\/\/losperiodistas.com.mx\/portal\/wp-json\/wp\/v2\/types\/post"}],"author":[{"embeddable":true,"href":"https:\/\/losperiodistas.com.mx\/portal\/wp-json\/wp\/v2\/users\/1"}],"replies":[{"embeddable":true,"href":"https:\/\/losperiodistas.com.mx\/portal\/wp-json\/wp\/v2\/comments?post=75661"}],"version-history":[{"count":1,"href":"https:\/\/losperiodistas.com.mx\/portal\/wp-json\/wp\/v2\/posts\/75661\/revisions"}],"predecessor-version":[{"id":75663,"href":"https:\/\/losperiodistas.com.mx\/portal\/wp-json\/wp\/v2\/posts\/75661\/revisions\/75663"}],"wp:featuredmedia":[{"embeddable":true,"href":"https:\/\/losperiodistas.com.mx\/portal\/wp-json\/wp\/v2\/media\/75662"}],"wp:attachment":[{"href":"https:\/\/losperiodistas.com.mx\/portal\/wp-json\/wp\/v2\/media?parent=75661"}],"wp:term":[{"taxonomy":"category","embeddable":true,"href":"https:\/\/losperiodistas.com.mx\/portal\/wp-json\/wp\/v2\/categories?post=75661"},{"taxonomy":"post_tag","embeddable":true,"href":"https:\/\/losperiodistas.com.mx\/portal\/wp-json\/wp\/v2\/tags?post=75661"}],"curies":[{"name":"wp","href":"https:\/\/api.w.org\/{rel}","templated":true}]}}