{"id":75655,"date":"2024-05-31T08:53:53","date_gmt":"2024-05-31T13:53:53","guid":{"rendered":"https:\/\/losperiodistas.com.mx\/portal\/?p=75655"},"modified":"2024-05-31T08:53:55","modified_gmt":"2024-05-31T13:53:55","slug":"suman-175-casillas-que-no-se-instalaran-por-violencia-o-conflictos-sociales-la-lista","status":"publish","type":"post","link":"https:\/\/losperiodistas.com.mx\/portal\/suman-175-casillas-que-no-se-instalaran-por-violencia-o-conflictos-sociales-la-lista\/","title":{"rendered":"Suman 175 casillas que no se instalar\u00e1n por violencia o conflictos sociales | La-Lista"},"content":{"rendered":"\n<p class=\"has-medium-font-size\">La cifra anterior era de 96 casillas.<\/p>\n\n\n\n<figure class=\"wp-block-image size-large\"><img fetchpriority=\"high\" decoding=\"async\" width=\"1024\" height=\"656\" src=\"https:\/\/losperiodistas.com.mx\/portal\/wp-content\/uploads\/2024\/05\/como-saber-cual-es-mi-casilla-1024x656.jpg\" alt=\"\" class=\"wp-image-75656\" srcset=\"https:\/\/losperiodistas.com.mx\/portal\/wp-content\/uploads\/2024\/05\/como-saber-cual-es-mi-casilla-1024x656.jpg 1024w, https:\/\/losperiodistas.com.mx\/portal\/wp-content\/uploads\/2024\/05\/como-saber-cual-es-mi-casilla-300x192.jpg 300w, https:\/\/losperiodistas.com.mx\/portal\/wp-content\/uploads\/2024\/05\/como-saber-cual-es-mi-casilla-768x492.jpg 768w, https:\/\/losperiodistas.com.mx\/portal\/wp-content\/uploads\/2024\/05\/como-saber-cual-es-mi-casilla.jpg 1280w\" sizes=\"(max-width: 1024px) 100vw, 1024px\" \/><figcaption>Persona momentos antes de votar. Foto: Centro Electoral &#8211; INE<\/figcaption><\/figure>\n\n\n\n<p class=\"has-vivid-red-color has-text-color has-medium-font-size\"><strong>REDACCI\u00d3N LA-LISTA<\/strong><\/p>\n\n\n\n<p>El Instituto Nacional Electoral (INE) actualiz\u00f3 la cifra de casillas que no podr\u00e1n ser instaladas o reubicadas debido a problemas de inseguridad o conflictos sociales; van 175.<\/p>\n\n\n\n<p>Del total, 38% corresponden a zonas que viven problemas de inseguridad, inform\u00f3 el presidente de la Comisi\u00f3n de Organizaci\u00f3n y Capacitaci\u00f3n Electoral, Mart\u00edn Faz.<\/p>\n\n\n\n<div class=\"wp-block-image\"><figure class=\"alignleft\"><a href=\"https:\/\/la-lista.com\/poder\/2024\/05\/29\/ine-no-instalara-96-casillas-en-seis-estados-por-inseguridad-y-problemas-comunitarios\" target=\"_blank\" rel=\"noreferrer noopener\"><img decoding=\"async\" src=\"https:\/\/i0.wp.com\/la-lista.com\/wp-content\/uploads\/2022\/06\/casillas-especiales-elecciones-600x400.jpg?resize=600%2C400&amp;ssl=1\" alt=\"Suman 175 casillas que no se instalar\u00e1n por violencia o conflictos sociales - casillas-especiales-elecciones-600x400\" title=\"INE no instalar\u00e1 96 casillas en seis estados por inseguridad y problemas comunitarios\"\/><\/a><\/figure><\/div>\n\n\n\n<p><a href=\"https:\/\/la-lista.com\/seccion\/poder\" target=\"_blank\" rel=\"noreferrer noopener\">PODER <\/a><strong><a href=\"https:\/\/la-lista.com\/poder\/2024\/05\/29\/ine-no-instalara-96-casillas-en-seis-estados-por-inseguridad-y-problemas-comunitarios\" target=\"_blank\" rel=\"noreferrer noopener\">INE no instalar\u00e1 96 casillas en seis estados por inseguridad y problemas comunitarios<\/a><\/strong><a href=\"https:\/\/la-lista.com\/poder\/2024\/05\/29\/ine-no-instalara-96-casillas-en-seis-estados-por-inseguridad-y-problemas-comunitarios\" target=\"_blank\" rel=\"noreferrer noopener\"> LEER MAS<\/a><\/p>\n\n\n\n<p><\/p>\n\n\n\n<p><\/p>\n\n\n\n<p><\/p>\n\n\n\n<p><\/p>\n\n\n\n<p>El funcionario ahond\u00f3 que en Michoac\u00e1n 88 casillas no se pondr\u00e1n al servicio de la ciudadan\u00eda; 85 de ellas por violencia, conflictos sociales o porque as\u00ed lo decidieron las comunidades.<\/p>\n\n\n\n<p>Es el caso de la comunidad de Jar\u00e1cuaro, que se opuso a la instalaci\u00f3n de casillas y no alcanzaron acuerdos con las autoridades electorales.<\/p>\n\n\n\n<p>En Chiapas la cifra asciende a 66. Por el contrario hay entidades como Oaxaca y Jalisco en donde las casillas que no se podr\u00e1n instalar suman cinco, respectivamente.<\/p>\n\n\n\n<p>En la Ciudad de M\u00e9xico se contabiliz\u00f3 una porque autoridades militares no permitieron que en el Campo Militar N\u00famero 1 fuera sede.<\/p>\n\n\n\n<p>Anteriormente, el INE hab\u00eda aseverado que ser\u00edan 96 casillas ubicadas en seis estados, lo que afectar\u00eda a 57 mil 552 electores que ser\u00e1n canalizados a votar a otros distritos.<\/p>\n\n\n\n<p>Fuente: <a href=\"https:\/\/la-lista.com\/poder\/2024\/05\/30\/suman-175-casillas-que-no-se-instalaran-por-inseguridad-o-conflictos-sociales-en-mexico\">https:\/\/la-lista.com\/poder\/2024\/05\/30\/suman-175-casillas-que-no-se-instalaran-por-inseguridad-o-conflictos-sociales-en-mexico<\/a><\/p>\n","protected":false},"excerpt":{"rendered":"<p>La cifra anterior era de 96 casillas. REDACCI\u00d3N LA-LISTA El Instituto Nacional Electoral (INE) actualiz\u00f3 la cifra de casillas que [&hellip;]<\/p>\n","protected":false},"author":1,"featured_media":75656,"comment_status":"open","ping_status":"open","sticky":false,"template":"","format":"standard","meta":{"site-sidebar-layout":"default","site-content-layout":"","ast-site-content-layout":"default","site-content-style":"default","site-sidebar-style":"default","ast-global-header-display":"","ast-banner-title-visibility":"","ast-main-header-display":"","ast-hfb-above-header-display":"","ast-hfb-below-header-display":"","ast-hfb-mobile-header-display":"","site-post-title":"","ast-breadcrumbs-content":"","ast-featured-img":"","footer-sml-layout":"","theme-transparent-header-meta":"","adv-header-id-meta":"","stick-header-meta":"","header-above-stick-meta":"","header-main-stick-meta":"","header-below-stick-meta":"","astra-migrate-meta-layouts":"default","ast-page-background-enabled":"default","ast-page-background-meta":{"desktop":{"background-color":"var(--ast-global-color-4)","background-image":"","background-repeat":"repeat","background-position":"center center","background-size":"auto","background-attachment":"scroll","background-type":"","background-media":"","overlay-type":"","overlay-color":"","overlay-opacity":"","overlay-gradient":""},"tablet":{"background-color":"","background-image":"","background-repeat":"repeat","background-position":"center center","background-size":"auto","background-attachment":"scroll","background-type":"","background-media":"","overlay-type":"","overlay-color":"","overlay-opacity":"","overlay-gradient":""},"mobile":{"background-color":"","background-image":"","background-repeat":"repeat","background-position":"center center","background-size":"auto","background-attachment":"scroll","background-type":"","background-media":"","overlay-type":"","overlay-color":"","overlay-opacity":"","overlay-gradient":""}},"ast-content-background-meta":{"desktop":{"background-color":"var(--ast-global-color-5)","background-image":"","background-repeat":"repeat","background-position":"center center","background-size":"auto","background-attachment":"scroll","background-type":"","background-media":"","overlay-type":"","overlay-color":"","overlay-opacity":"","overlay-gradient":""},"tablet":{"background-color":"var(--ast-global-color-5)","background-image":"","background-repeat":"repeat","background-position":"center center","background-size":"auto","background-attachment":"scroll","background-type":"","background-media":"","overlay-type":"","overlay-color":"","overlay-opacity":"","overlay-gradient":""},"mobile":{"background-color":"var(--ast-global-color-5)","background-image":"","background-repeat":"repeat","background-position":"center center","background-size":"auto","background-attachment":"scroll","background-type":"","background-media":"","overlay-type":"","overlay-color":"","overlay-opacity":"","overlay-gradient":""}},"footnotes":""},"categories":[8],"tags":[25630,17899,885,25629],"class_list":["post-75655","post","type-post","status-publish","format-standard","has-post-thumbnail","hentry","category-noticias","tag-175-casillas-sin-instalarse","tag-conflictos-sociales","tag-ine","tag-inseguridad-para-votar"],"_links":{"self":[{"href":"https:\/\/losperiodistas.com.mx\/portal\/wp-json\/wp\/v2\/posts\/75655","targetHints":{"allow":["GET"]}}],"collection":[{"href":"https:\/\/losperiodistas.com.mx\/portal\/wp-json\/wp\/v2\/posts"}],"about":[{"href":"https:\/\/losperiodistas.com.mx\/portal\/wp-json\/wp\/v2\/types\/post"}],"author":[{"embeddable":true,"href":"https:\/\/losperiodistas.com.mx\/portal\/wp-json\/wp\/v2\/users\/1"}],"replies":[{"embeddable":true,"href":"https:\/\/losperiodistas.com.mx\/portal\/wp-json\/wp\/v2\/comments?post=75655"}],"version-history":[{"count":1,"href":"https:\/\/losperiodistas.com.mx\/portal\/wp-json\/wp\/v2\/posts\/75655\/revisions"}],"predecessor-version":[{"id":75657,"href":"https:\/\/losperiodistas.com.mx\/portal\/wp-json\/wp\/v2\/posts\/75655\/revisions\/75657"}],"wp:featuredmedia":[{"embeddable":true,"href":"https:\/\/losperiodistas.com.mx\/portal\/wp-json\/wp\/v2\/media\/75656"}],"wp:attachment":[{"href":"https:\/\/losperiodistas.com.mx\/portal\/wp-json\/wp\/v2\/media?parent=75655"}],"wp:term":[{"taxonomy":"category","embeddable":true,"href":"https:\/\/losperiodistas.com.mx\/portal\/wp-json\/wp\/v2\/categories?post=75655"},{"taxonomy":"post_tag","embeddable":true,"href":"https:\/\/losperiodistas.com.mx\/portal\/wp-json\/wp\/v2\/tags?post=75655"}],"curies":[{"name":"wp","href":"https:\/\/api.w.org\/{rel}","templated":true}]}}