{"id":75652,"date":"2024-05-31T08:47:17","date_gmt":"2024-05-31T13:47:17","guid":{"rendered":"https:\/\/losperiodistas.com.mx\/portal\/?p=75652"},"modified":"2024-05-31T08:47:20","modified_gmt":"2024-05-31T13:47:20","slug":"opinion-extrana-tecnica-que-predice-resultados","status":"publish","type":"post","link":"https:\/\/losperiodistas.com.mx\/portal\/opinion-extrana-tecnica-que-predice-resultados\/","title":{"rendered":"Opini\u00f3n | Extra\u00f1a t\u00e9cnica que predice resultados"},"content":{"rendered":"\n<p class=\"has-medium-font-size\">*Garantiza tranquilidad SSC; Diputado Oswaldo Jim\u00e9nez Exhibido; mantenimiento a la red de agua<\/p>\n\n\n\n<p><\/p>\n\n\n\n<figure class=\"wp-block-image size-large\"><img fetchpriority=\"high\" decoding=\"async\" width=\"1024\" height=\"651\" src=\"https:\/\/losperiodistas.com.mx\/portal\/wp-content\/uploads\/2024\/05\/PROTESTA-ANTE-EL-CONGRESO-1024x651.jpeg\" alt=\"\" class=\"wp-image-75653\" srcset=\"https:\/\/losperiodistas.com.mx\/portal\/wp-content\/uploads\/2024\/05\/PROTESTA-ANTE-EL-CONGRESO-1024x651.jpeg 1024w, https:\/\/losperiodistas.com.mx\/portal\/wp-content\/uploads\/2024\/05\/PROTESTA-ANTE-EL-CONGRESO-300x191.jpeg 300w, https:\/\/losperiodistas.com.mx\/portal\/wp-content\/uploads\/2024\/05\/PROTESTA-ANTE-EL-CONGRESO-768x488.jpeg 768w, https:\/\/losperiodistas.com.mx\/portal\/wp-content\/uploads\/2024\/05\/PROTESTA-ANTE-EL-CONGRESO.jpeg 1454w\" sizes=\"(max-width: 1024px) 100vw, 1024px\" \/><\/figure>\n\n\n\n<p class=\"has-vivid-red-color has-text-color\" style=\"font-size:26px\"><strong><em>Por Ra\u00fal Torres Salmer\u00f3n<\/em><\/strong><\/p>\n\n\n\n<p>Una t\u00e9cnica o marketing de anuncios para mayores ventas de productos comerciales en veh\u00edculos, que tiene lugar en todo el mundo, ha sido analizada por un viejo militante priista poblano, quien no quiere se conozca su nombre, pero aplicada a candidatos a puestos de elecci\u00f3n popular en M\u00e9xico.<\/p>\n\n\n\n<p>La publicidad gr\u00e1fica comercial se llama rotulaci\u00f3n vehicular o vinilado de veh\u00edculos. Esta t\u00e9cnica consiste en aplicar gr\u00e1ficos, textos, o im\u00e1genes en la superficie de un veh\u00edculo utilizando vinilos adhesivos, con el objetivo de promover productos, servicios o marcas mientras el veh\u00edculo se desplaza.<\/p>\n\n\n\n<p>En ingl\u00e9s, la publicidad gr\u00e1fica en carros se llama vehicle wrapping o vehicle graphics. Estos t\u00e9rminos se utilizan para describir la t\u00e9cnica de aplicar vinilos adhesivos con dise\u00f1os publicitarios en veh\u00edculos. Otros la denominan car bumper marketing o comercializaci\u00f3n de parachoques o defensas de autom\u00f3viles.<\/p>\n\n\n\n<p>El pri\u00edsta quien se ha especializado en cuestiones de marketing pol\u00edtico puso varios ejemplos de sus estudios, si es que as\u00ed pueden llamarse, sobre la influencia de estos vinilos con nombres de candidatos y una medici\u00f3n de los triunfos o derrotas previas antes de la elecci\u00f3n y corroboradas con los resultados finales. Son encuestas muy seguras, proclama con vehemencia.<\/p>\n\n\n\n<p>Solo menciona elecciones presidenciales. En 2000, Vicente Fox tuvo infinidad de vinilos en veh\u00edculos, m\u00e1s que Francisco Labastida y Cuauht\u00e9moc C\u00e1rdenas. En 2006, Felipe Calder\u00f3n tuvo m\u00e1s vinilos que Andr\u00e9s Manuel L\u00f3pez Obrador y Roberto Madrazo. En 2012, Enrique Pe\u00f1a sobresali\u00f3 en ese tipo de anuncios m\u00e1s que AMLO y Josefina V\u00e1zquez Mota. En 2018, AMLO aparec\u00eda en gran n\u00famero de veh\u00edculos, sobre Ricardo Anaya y Jos\u00e9 Antonio Meade.<\/p>\n\n\n\n<p>En 2024, a nivel presidencial, hay vinilos de Claudia Sheinbaum y X\u00f3chitl G\u00e1lvez en id\u00e9nticas proporciones. M\u00e1ynez no aparece.<\/p>\n\n\n\n<p>Precisa que solamente se toma en cuenta veh\u00edculos particulares y define que cada propietario es un aut\u00e9ntico seguidor o fan\u00e1tico del partido o candidato, ya que tiene el valor de manifestarlo, contrario a las encuestas, no miente, son partidarios leales y no les da pena manifestarlo.}<\/p>\n\n\n\n<p>Algo similar sucede en elecciones estatales y municipales. Para estas elecciones de 2024 en Puebla, los vinilos de Alejandro Armenta son numerosos, aunque le sigue muy de cerca Eduardo Rivera. En cuanto a Puebla Capital, son m\u00e1s numerosos los vinilos de Mario Riestra que los de Jos\u00e9 \u2018Pepe\u2019 Chedraui. El Movimiento Ciudadano, en Puebla, brilla por su ausencia.<\/p>\n\n\n\n<p>\u00bfTendr\u00e1 raz\u00f3n en su \u2018t\u00e9cnica\u2019 de marketing el pri\u00edsta? Ya se ver\u00e1 si tiene raz\u00f3n en los resultados del domingo. Ganar\u00e1n Armenta y Riestra. Estas predicciones no van contra la ley electoral, que se publiquen en d\u00edas de reflexi\u00f3n, no est\u00e1 legislado, no es una encuesta, es una apreciaci\u00f3n personal.<\/p>\n\n\n\n<p>AMBIENTE DE TRANQUILIDAD: SSC<\/p>\n\n\n\n<p>El Gobernador Sergio Salom\u00f3n C\u00e9spedes garantiz\u00f3 a los poblanos que las elecciones del 2 de junio transcurrir\u00e1n en un ambiente de paz y tranquilidad, por lo que pidi\u00f3 a la sociedad salir a votar y hacerlo con libertad, de manera responsable y con la certeza de que ser\u00e1 respetada su decisi\u00f3n.<\/p>\n\n\n\n<p>El mandatario se\u00f1al\u00f3 que los comicios del domingo no ser\u00e1n at\u00edpicos, de tal suerte que estim\u00f3 que ser\u00e1 una fiesta democr\u00e1tica en favor de Puebla. El Gobierno del Estado, a trav\u00e9s de la Secretar\u00eda de Seguridad P\u00fablica trabajar\u00e1 de manera coordinada con la Guardia Nacional, la Secretar\u00eda de la Defensa Nacional y las polic\u00edas municipales para tener un despliegue operativo en los 217 municipios del estado durante la jornada.<\/p>\n\n\n\n<p>Por \u00faltimo, el Ejecutivo pidi\u00f3 a los partidos pol\u00edticos y candidatos permitir que los poblanos reflexionen su voto en estos d\u00edas previos al proceso electoral.<\/p>\n\n\n\n<p>DIPUTADO PANISTA EXHIBIDO<\/p>\n\n\n\n<p>&nbsp;El colectivo Opci\u00f3n Ciudadana de Puebla reprocha al Diputado Local panista Oswaldo Jim\u00e9nez L\u00f3pez, que en el cargo de diputado local que ejerce desde hace 6 a\u00f1os, no haya agilizado la aprobaci\u00f3n de la Ley de Participaci\u00f3n Ciudadana.<\/p>\n\n\n\n<p>Con una lona colocada afuera del Congreso de Puebla, los activistas Ricardo Villa Escalera, Ernesto Garc\u00eda Hern\u00e1ndez, Carlos Meza Guti\u00e9rrez y otros m\u00e1s, exigieron a la LXI Legislatura promulgar dicha ley para el Estado de Puebla.<\/p>\n\n\n\n<p>La propuesta se hizo desde 2019 y se la ha insistido durante varios a\u00f1os. Incluso en 2022 le entregaron el anteproyecto de ley. Durante dos legislaturas Jim\u00e9nez L\u00f3pez ha sido Presidente de la Comisi\u00f3n de Participaci\u00f3n Ciudadana y Combate a la Corrupci\u00f3n y se perfila para estar otros tres a\u00f1os como legislador del Distrito 17 con cabecera en Puebla Capital.<\/p>\n\n\n\n<p>Debido a la omisi\u00f3n legislativa del Congreso, el colectivo Opci\u00f3n Ciudadana ha promovido amparos; el primero, en noviembre de 2023 y una ampliaci\u00f3n en enero de 2024, para solicitar la protecci\u00f3n de la justicia federal. El Juzgado Segundo de Distrito en Materia de Amparo Civil, Administrativa y de Trabajo y de Juicios Federales en el Estado de Puebla no ha emitido una resoluci\u00f3n.<\/p>\n\n\n\n<p>La propuesta de Ley de Participaci\u00f3n Ciudadana permitir\u00eda a la ciudadan\u00eda solicitar la revocaci\u00f3n de mandato del titular del Poder Ejecutivo local, el plebiscito y refer\u00e9ndum, entre otros derechos.<\/p>\n\n\n\n<p>MANTENIMIENTO A LA RED DE AGUA<\/p>\n\n\n\n<p>Agua de Puebla para Todos contin\u00faa su compromiso con la mejora de la infraestructura de drenaje en Puebla Capital y realiza de manera permanente el mantenimiento preventivo en la red de drenaje, superando anualmente m\u00e1s de 3 mil kil\u00f3metros de desazolve.<\/p>\n\n\n\n<p>A partir de noviembre de 2023, cuando concluyeron las pasadas lluvias, inici\u00f3 oportunamente la limpieza de la red sanitaria, logrando al 30 de mayo de 2024 el desazolve de mil 100 kil\u00f3metros del sistema de drenaje mixto, tanto residual como pluvial, as\u00ed como 13 mil 600 accesorios de drenaje como pozos de visita, rejillas, coladeras y bocas de tormenta.<\/p>\n\n\n\n<p>Durante el mantenimiento al drenaje y accesorios que garantice su eficiencia, se succionaron y retiraron 13 mil 500 metros c\u00fabicos de azolve que incluyen basura y lodo y obstruyen los conductos de agua; adem\u00e1s, fueron rehabilitados 218 accesorios faltantes o da\u00f1ados.<\/p>\n\n\n\n<p>Asimismo, se da mantenimiento a las principales vialidades de alta afluencia vehicular, 12 distribuidores viales, pasos a desnivel y 31 puntos cr\u00edticos de encharcamiento, con un equipo de 12 cuadrillas, 14 unidades hidroneum\u00e1ticas, 2 cuadrillas de soldadores y 1 de video inspecci\u00f3n, lo que asegura que, al iniciar la temporada de lluvias, el sistema de alcantarillado se encuentre en \u00f3ptimas condiciones y as\u00ed evitar anegaciones en los puntos m\u00e1s vulnerables.<\/p>\n\n\n\n<p>Sin embargo, en el caso de los 2 fuertes aguaceros y granizada del viernes 24 y domingo 26 de mayo, con precipitaciones at\u00edpicas que alcanzaron una l\u00e1mina de lluvia acumulada de 97.6 mm, esto es que, en tan s\u00f3lo esos 2 d\u00edas llovi\u00f3 m\u00e1s cantidad de agua acumulada a la que llovi\u00f3 durante todo el mes de mayo 2023, Agua de Puebla atendi\u00f3 23 sitios de fuerte encharcamiento en 2 d\u00edas de intensa lluvia, sumado a la gran cantidad de granizo y el arrastre de basura a las alcantarillas, lo que provoc\u00f3 taponamientos en el drenaje.<\/p>\n\n\n\n<p>Agua de Puebla invita a la poblaci\u00f3n a no arrojar basura a las calles, toda vez que esa la causa principal de inundaciones por lluvia en el 85 por ciento de los casos.<\/p>\n\n\n\n<p>En fin, como dice la copla ecuatoriana:<\/p>\n\n\n\n<p>El que sabe cantar bien&nbsp;&nbsp;&nbsp;&nbsp;&nbsp;&nbsp;&nbsp;&nbsp;&nbsp;&nbsp;&nbsp;&nbsp;<\/p>\n\n\n\n<p>no hable mal de aquel que canta;&nbsp;&nbsp;&nbsp;&nbsp;&nbsp;&nbsp;&nbsp;&nbsp;&nbsp;&nbsp;&nbsp;&nbsp;&nbsp;&nbsp;&nbsp;&nbsp;&nbsp;&nbsp;&nbsp;&nbsp;<\/p>\n\n\n\n<p>unos cantan lo que saben,&nbsp;&nbsp;&nbsp;&nbsp;&nbsp;&nbsp;&nbsp;&nbsp;&nbsp;&nbsp;&nbsp;&nbsp;&nbsp;&nbsp;&nbsp;&nbsp;&nbsp;&nbsp;&nbsp;<\/p>\n\n\n\n<p>otros saben lo que cantan.<\/p>\n\n\n\n<p>raultorress@hotmail.com&nbsp;&nbsp;&nbsp;&nbsp;&nbsp;&nbsp;&nbsp;&nbsp;&nbsp;&nbsp;&nbsp;&nbsp;&nbsp;&nbsp;&nbsp;&nbsp;&nbsp;&nbsp;&nbsp;&nbsp;<\/p>\n","protected":false},"excerpt":{"rendered":"<p>*Garantiza tranquilidad SSC; Diputado Oswaldo Jim\u00e9nez Exhibido; mantenimiento a la red de agua Por Ra\u00fal Torres Salmer\u00f3n Una t\u00e9cnica o [&hellip;]<\/p>\n","protected":false},"author":1,"featured_media":75653,"comment_status":"open","ping_status":"open","sticky":false,"template":"","format":"standard","meta":{"site-sidebar-layout":"default","site-content-layout":"","ast-site-content-layout":"default","site-content-style":"default","site-sidebar-style":"default","ast-global-header-display":"","ast-banner-title-visibility":"","ast-main-header-display":"","ast-hfb-above-header-display":"","ast-hfb-below-header-display":"","ast-hfb-mobile-header-display":"","site-post-title":"","ast-breadcrumbs-content":"","ast-featured-img":"","footer-sml-layout":"","theme-transparent-header-meta":"","adv-header-id-meta":"","stick-header-meta":"","header-above-stick-meta":"","header-main-stick-meta":"","header-below-stick-meta":"","astra-migrate-meta-layouts":"default","ast-page-background-enabled":"default","ast-page-background-meta":{"desktop":{"background-color":"var(--ast-global-color-4)","background-image":"","background-repeat":"repeat","background-position":"center center","background-size":"auto","background-attachment":"scroll","background-type":"","background-media":"","overlay-type":"","overlay-color":"","overlay-opacity":"","overlay-gradient":""},"tablet":{"background-color":"","background-image":"","background-repeat":"repeat","background-position":"center center","background-size":"auto","background-attachment":"scroll","background-type":"","background-media":"","overlay-type":"","overlay-color":"","overlay-opacity":"","overlay-gradient":""},"mobile":{"background-color":"","background-image":"","background-repeat":"repeat","background-position":"center center","background-size":"auto","background-attachment":"scroll","background-type":"","background-media":"","overlay-type":"","overlay-color":"","overlay-opacity":"","overlay-gradient":""}},"ast-content-background-meta":{"desktop":{"background-color":"var(--ast-global-color-5)","background-image":"","background-repeat":"repeat","background-position":"center center","background-size":"auto","background-attachment":"scroll","background-type":"","background-media":"","overlay-type":"","overlay-color":"","overlay-opacity":"","overlay-gradient":""},"tablet":{"background-color":"var(--ast-global-color-5)","background-image":"","background-repeat":"repeat","background-position":"center center","background-size":"auto","background-attachment":"scroll","background-type":"","background-media":"","overlay-type":"","overlay-color":"","overlay-opacity":"","overlay-gradient":""},"mobile":{"background-color":"var(--ast-global-color-5)","background-image":"","background-repeat":"repeat","background-position":"center center","background-size":"auto","background-attachment":"scroll","background-type":"","background-media":"","overlay-type":"","overlay-color":"","overlay-opacity":"","overlay-gradient":""}},"footnotes":""},"categories":[8,19],"tags":[8711,4612],"class_list":["post-75652","post","type-post","status-publish","format-standard","has-post-thumbnail","hentry","category-noticias","category-sin-limites-2","tag-elecciones-puebla-2024","tag-oswaldo-jimenez-lopez"],"_links":{"self":[{"href":"https:\/\/losperiodistas.com.mx\/portal\/wp-json\/wp\/v2\/posts\/75652","targetHints":{"allow":["GET"]}}],"collection":[{"href":"https:\/\/losperiodistas.com.mx\/portal\/wp-json\/wp\/v2\/posts"}],"about":[{"href":"https:\/\/losperiodistas.com.mx\/portal\/wp-json\/wp\/v2\/types\/post"}],"author":[{"embeddable":true,"href":"https:\/\/losperiodistas.com.mx\/portal\/wp-json\/wp\/v2\/users\/1"}],"replies":[{"embeddable":true,"href":"https:\/\/losperiodistas.com.mx\/portal\/wp-json\/wp\/v2\/comments?post=75652"}],"version-history":[{"count":1,"href":"https:\/\/losperiodistas.com.mx\/portal\/wp-json\/wp\/v2\/posts\/75652\/revisions"}],"predecessor-version":[{"id":75654,"href":"https:\/\/losperiodistas.com.mx\/portal\/wp-json\/wp\/v2\/posts\/75652\/revisions\/75654"}],"wp:featuredmedia":[{"embeddable":true,"href":"https:\/\/losperiodistas.com.mx\/portal\/wp-json\/wp\/v2\/media\/75653"}],"wp:attachment":[{"href":"https:\/\/losperiodistas.com.mx\/portal\/wp-json\/wp\/v2\/media?parent=75652"}],"wp:term":[{"taxonomy":"category","embeddable":true,"href":"https:\/\/losperiodistas.com.mx\/portal\/wp-json\/wp\/v2\/categories?post=75652"},{"taxonomy":"post_tag","embeddable":true,"href":"https:\/\/losperiodistas.com.mx\/portal\/wp-json\/wp\/v2\/tags?post=75652"}],"curies":[{"name":"wp","href":"https:\/\/api.w.org\/{rel}","templated":true}]}}