{"id":75649,"date":"2024-05-31T08:23:08","date_gmt":"2024-05-31T13:23:08","guid":{"rendered":"https:\/\/losperiodistas.com.mx\/portal\/?p=75649"},"modified":"2024-05-31T08:23:10","modified_gmt":"2024-05-31T13:23:10","slug":"cuidaran-manos-a-funcionarios-ante-elecciones-9-anos-de-carcel-por-delitos-electorales-excelsior","status":"publish","type":"post","link":"https:\/\/losperiodistas.com.mx\/portal\/cuidaran-manos-a-funcionarios-ante-elecciones-9-anos-de-carcel-por-delitos-electorales-excelsior\/","title":{"rendered":"Cuidar\u00e1n manos a funcionarios ante elecciones; 9 a\u00f1os de c\u00e1rcel por delitos electorales | EXCELSIOR"},"content":{"rendered":"\n<h2 class=\"has-medium-font-size wp-block-heading\">Autoridades iniciaron acciones para evitar que se usen recursos, inmuebles y veh\u00edculos oficiales con fines proselitistas<\/h2>\n\n\n\n<p><\/p>\n\n\n\n<figure class=\"wp-block-image\"><img decoding=\"async\" src=\"https:\/\/cdn2.excelsior.com.mx\/800x600\/filters:format(jpg):quality(75)\/media\/pictures\/2024\/05\/31\/3123680.jpg\" alt=\"Jos\u00e9 Agust\u00edn Ortiz Pinchetti, titular de la Fisel, se reuni\u00f3 con ministerios p\u00fablicos para revisar pormenores del operativo. Foto: Especial\"\/><figcaption>Jos\u00e9 Agust\u00edn Ortiz Pinchetti, titular de la Fisel, se reuni\u00f3 con ministerios p\u00fablicos para revisar pormenores del operativo. Foto: Especial<\/figcaption><\/figure>\n\n\n\n<p><\/p>\n\n\n\n<p class=\"has-vivid-red-color has-text-color has-medium-font-size\"><strong>RA\u00daL FLORES\u00a0\/ EXCELSIOR<\/strong><\/p>\n\n\n\n<p>La&nbsp;<strong>Fiscal\u00eda Especializada en Materia de Delitos Electorales (Fisel)&nbsp;<\/strong>emprendi\u00f3 medidas para que los servidores p\u00fablicos no utilicen recursos, inmuebles y veh\u00edculos oficiales con fines proselitistas antes y durante la jornada del 2 de junio.<\/p>\n\n\n\n<p>Jos\u00e9 Agust\u00edn Ortiz Pinchetti, titular de la Fisel, se reuni\u00f3 con ministerios p\u00fablicos para revisar los pormenores del resguardo de bienes, que inici\u00f3 ayer y durar\u00e1 hasta el 3 de junio en oficinas de las secretar\u00edas de Estado, \u00f3rganos desconcentrados y paraestatales.<\/p>\n\n\n\n<p>Enfatiz\u00f3 que los servidores p\u00fablicos que permitan o usen recursos y bienes del Estado para favorecer alguna opci\u00f3n pol\u00edtica cometen un delito, por lo que podr\u00edan ser sancionados con hasta nueve a\u00f1os de prisi\u00f3n, multas de hasta 400 d\u00edas y destituci\u00f3n e inhabilitaci\u00f3n para ejercer cargos p\u00fablicos.<\/p>\n\n\n\n<p>Entre las acciones, instruy\u00f3 al personal de la Fisel a verificar que al interior y exterior de los edificios de gobierno no haya propaganda&nbsp; y que los espacios no sean utilizados como puntos de reuni\u00f3n ciudadana con fines pol\u00edticos-electorales.<\/p>\n\n\n\n<h2 class=\"wp-block-heading\"><strong>FISEL ACTIVA OPERATIVO PARA PROTEGER EQUIDAD<\/strong><\/h2>\n\n\n\n<p>La Fiscal\u00eda Especializada en materia de Delitos Electorales (Fisel), de la Fiscal\u00eda General de la Rep\u00fablica (FGR), realiza acciones encaminadas a evitar que los servidores p\u00fablicos utilicen recursos, inmuebles y veh\u00edculos oficiales con fines proselitistas, antes y durante la jornada electoral de este 2 de junio.<\/p>\n\n\n\n<p>En reuni\u00f3n con ministerios p\u00fablicos, el titular de la Fisel, Jos\u00e9 Agust\u00edn Ortiz Pinchetti, revis\u00f3 los pormenores del operativo que se realiza a partir de hoy, con efectos hasta el 3 de junio, en el que enfatiz\u00f3 que debe evitarse que cualquier funcionario utilice los recursos de las instituciones federales con fines pol\u00edtico-electorales y, con ello, generar inequidad en la contienda.<\/p>\n\n\n\n<p>Los representantes de la Fisel, subray\u00f3 Ortiz Pinchetti, tienen la tarea de intervenir en las acciones de resguardo, que iniciaron ayer en las oficinas de las secretar\u00edas de Estado, \u00f3rganos desconcentrados y paraestatales.<\/p>\n\n\n\n<p>Entre las acciones de protecci\u00f3n, instruy\u00f3 al personal de la Fisel a verificar que al interior y exterior de los edificios de gobierno no haya propaganda partidista y que los espacios no sean utilizados como puntos de reuni\u00f3n ciudadana con fines pol\u00edticos-electorales.<\/p>\n\n\n\n<p>El fiscal electoral record\u00f3 que los servidores p\u00fablicos que permitan o usen los recursos y bienes del Estado para favorecer alguna opci\u00f3n pol\u00edtica, cometen un delito electoral, por lo que podr\u00edan ser sancionados con hasta nueve a\u00f1os de prisi\u00f3n, multas de hasta 400 d\u00edas y destituci\u00f3n e inhabilitaci\u00f3n de dos a seis a\u00f1os para ejercer cargos p\u00fablicos.<\/p>\n\n\n\n<p>De manera previa, la Fisel llev\u00f3 a cabo una serie de acciones en materia electoral, como cursos de capacitaci\u00f3n, distribuci\u00f3n de materiales alusivos al operativo electoral, adem\u00e1s de mensajes en los recibos de pago de los servidores p\u00fablicos para que, en caso de detectar un delito electoral, lo denuncien en los Sistemas de Atenci\u00f3n de FISENET (<a href=\"http:\/\/www.fisenet.fgr.org.mx\/\" target=\"_blank\" rel=\"noreferrer noopener\">http:\/\/www.fisenet.fgr.org.mx<\/a>) y FISETEL (800 833 7233).<\/p>\n\n\n\n<p>De septiembre de 2023 a abril de 2024, la Fisel capacit\u00f3 a 154 mil 119 servidores p\u00fablicos pertenecientes a diversas entidades de la Administraci\u00f3n P\u00fablica Federal, estatal y municipal, como parte de una estrategia para que conocieran las conductas il\u00edcitas que incluye la&nbsp;<strong>Ley General en Materia de Delitos Electorales<\/strong>.<\/p>\n\n\n\n<h2 class=\"wp-block-heading\"><strong>SEP ORDENA RESGUARDAR INMUEBLES<\/strong><\/h2>\n\n\n\n<p>Previo a la jornada electoral del 2 de junio, la SEP instruy\u00f3 el resguardo de inmuebles y veh\u00edculos oficiales en todo el pa\u00eds.<\/p>\n\n\n\n<p>La dependencia orden\u00f3 a sus enlaces educativos, as\u00ed como a los titulares de organismos desconcentrados y descentralizados, llevar a cabo el resguardo, as\u00ed como vigilar que sus recursos no sean utilizados con fines pol\u00edtico-electorales, en el marco de la jornada comicial, conforme con lo establecido en los Lineamientos de Blindaje Electoral, por parte de la Fisel.<\/p>\n\n\n\n<p>La medida se aplicar\u00e1 desde hoy hasta la ma\u00f1ana del lunes.<\/p>\n\n\n\n<p>Las acciones, en las que se pondr\u00e1n sellos en oficinas, bodegas, estacionamientos, inmuebles y veh\u00edculos de \u00f3rganos administrativos desconcentrados y entidades sectorizadas, son coordinadas por la Unidad de Administraci\u00f3n y Finanzas, a trav\u00e9s de la Direcci\u00f3n General de Recursos Materiales y Servicios, as\u00ed como de la Direcci\u00f3n de Edificios Hist\u00f3ricos y el \u00d3rgano Interno de Control de la SEP.<\/p>\n\n\n\n<p><em>-Laura Toribio<\/em><\/p>\n\n\n\n<h2 class=\"wp-block-heading\"><strong>VOTO JOVEN TIENE EL PODER DE DEFINIR LA ELECCI\u00d3N: UNAM<\/strong><\/h2>\n\n\n\n<p>La UNAM destac\u00f3 el poder el voto joven para definir la elecci\u00f3n del pr\u00f3ximo domingo.<\/p>\n\n\n\n<p>En diversos art\u00edculos publicados ayer en la&nbsp;<em>Gaceta UNAM<\/em>, la m\u00e1xima casa de estudios record\u00f3 que, en total, 98 millones 422 mil 731 mexicanos podr\u00e1n participar en el proceso, y el voto joven, en el rango de 18 a 29 a\u00f1os, aglutina 26 millones 59 mil 618 ciudadanos, lo que los convierte en una de las fuerzas a observar el pr\u00f3ximo 2 de junio.<\/p>\n\n\n\n<p>En este contexto, de acuerdo con Enrique P\u00e9rez, investigador del Seminario de Investigaci\u00f3n en Juventud de la UNAM, al emitir su voto, los j\u00f3venes, como otros grupos etarios, combinar\u00e1n los racional con lo emotivo.<\/p>\n\n\n\n<p>Y es que si bien, por lo general se considera que la pol\u00edtica es la elecci\u00f3n racional por excelencia, los procesos hist\u00f3ricos y diversos an\u00e1lisis e investigaciones sugieren que quiz\u00e1 sea la actividad humana m\u00e1s emocional.<\/p>\n\n\n\n<p>Ante ello el investigador explic\u00f3 que la decisi\u00f3n que se tomar\u00e1 el pr\u00f3ximo domingo obedecer\u00e1 a m\u00faltiples razones, como las que tendr\u00e1n que ver con una carga emotiva derivada de la decepcionante ineficacia de una coalici\u00f3n o un partido,&nbsp; mientras que otras pasar\u00e1n por un an\u00e1lisis de las propuestas de los candidatos, su capacidad y su trayectoria.<\/p>\n\n\n\n<blockquote class=\"wp-block-quote is-layout-flow wp-block-quote-is-layout-flow\"><p>Es un pa\u00eds donde prevalece una deuda hist\u00f3rica con los j\u00f3venes, y este factor tambi\u00e9n podr\u00eda pesar a la hora en que \u00e9stos vayan a votar\u201d, dijo.<\/p><\/blockquote>\n\n\n\n<p><strong>-Laura Toribio<\/strong><\/p>\n\n\n\n<p><strong>TE RECOMENDAMOS:<a href=\"https:\/\/www.excelsior.com.mx\/nacional\/promociones-gratis-dedo-tinta-votar-elecciones-2024\/1654638\" target=\"_blank\" rel=\"noreferrer noopener\">\u00a1Productos gratis! \u00c9stas son las promociones por ir a votar el 2 de junio<\/a><\/strong><\/p>\n\n\n\n<h2 class=\"wp-block-heading\"><strong>ADVIERTEN DESAPEGO DE LA CONSTITUCI\u00d3N<\/strong><\/h2>\n\n\n\n<p>El Centro de Estudios para un&nbsp;<strong>Proyecto Nacional Alternativo (CEPNA)&nbsp;<\/strong>afirm\u00f3 que el proceso electoral 2023-2024 se caracteriza por el desapego de la Constituci\u00f3n y las leyes por parte de las dos autoridades electorales nacionales (INE y TEPJF), los partidos pol\u00edticos, los aspirantes a candidaturas y el titular del Poder Ejecutivo.<\/p>\n\n\n\n<p>En un reporte de observancia entregado al INE y al Tribunal Electoral, la organizaci\u00f3n afirm\u00f3 que todo parti\u00f3 de la violaci\u00f3n a los tiempos marcados para las precampa\u00f1as y que, a partir de ah\u00ed, todos los institutos pol\u00edticos incurrieron en ilegalidades \u201cen cascada\u201d.<\/p>\n\n\n\n<p>A lo anterior se agrega la an\u00f3mala situaci\u00f3n en que han venido funcionando la Junta General Ejecutiva y varias unidades t\u00e9cnicas del INE, as\u00ed como la Sala Superior y las salas regionales del TEPJF, am\u00e9n de la situaci\u00f3n que impera en los 32 tribunales electorales locales.<\/p>\n\n\n\n<p>A su vez, el proceso electoral se desarrolla en un ambiente muy extendido de inseguridad y hechos de violencia en contra de candidatos, afectando principalmente la renovaci\u00f3n de ayuntamientos y la percepci\u00f3n de la ciudadan\u00eda sobre el control de las candidaturas por grupos delincuenciales.<\/p>\n\n\n\n<p><strong>-Francisco Rosas<\/strong><\/p>\n\n\n\n<p>cva<\/p>\n\n\n\n<p><\/p>\n\n\n\n<p>Fuente: <a href=\"https:\/\/www.excelsior.com.mx\/nacional\/cuidaran-manos-a-funcionarios-ante-elecciones-9-anos-de-carcel-por-delitos-electorales\">https:\/\/www.excelsior.com.mx\/nacional\/cuidaran-manos-a-funcionarios-ante-elecciones-9-anos-de-carcel-por-delitos-electorales<\/a><\/p>\n","protected":false},"excerpt":{"rendered":"<p>Autoridades iniciaron acciones para evitar que se usen recursos, inmuebles y veh\u00edculos oficiales con fines proselitistas RA\u00daL FLORES\u00a0\/ EXCELSIOR La&nbsp;Fiscal\u00eda [&hellip;]<\/p>\n","protected":false},"author":1,"featured_media":75650,"comment_status":"open","ping_status":"open","sticky":false,"template":"","format":"standard","meta":{"site-sidebar-layout":"default","site-content-layout":"","ast-site-content-layout":"default","site-content-style":"default","site-sidebar-style":"default","ast-global-header-display":"","ast-banner-title-visibility":"","ast-main-header-display":"","ast-hfb-above-header-display":"","ast-hfb-below-header-display":"","ast-hfb-mobile-header-display":"","site-post-title":"","ast-breadcrumbs-content":"","ast-featured-img":"","footer-sml-layout":"","theme-transparent-header-meta":"","adv-header-id-meta":"","stick-header-meta":"","header-above-stick-meta":"","header-main-stick-meta":"","header-below-stick-meta":"","astra-migrate-meta-layouts":"default","ast-page-background-enabled":"default","ast-page-background-meta":{"desktop":{"background-color":"var(--ast-global-color-4)","background-image":"","background-repeat":"repeat","background-position":"center center","background-size":"auto","background-attachment":"scroll","background-type":"","background-media":"","overlay-type":"","overlay-color":"","overlay-opacity":"","overlay-gradient":""},"tablet":{"background-color":"","background-image":"","background-repeat":"repeat","background-position":"center center","background-size":"auto","background-attachment":"scroll","background-type":"","background-media":"","overlay-type":"","overlay-color":"","overlay-opacity":"","overlay-gradient":""},"mobile":{"background-color":"","background-image":"","background-repeat":"repeat","background-position":"center center","background-size":"auto","background-attachment":"scroll","background-type":"","background-media":"","overlay-type":"","overlay-color":"","overlay-opacity":"","overlay-gradient":""}},"ast-content-background-meta":{"desktop":{"background-color":"var(--ast-global-color-5)","background-image":"","background-repeat":"repeat","background-position":"center center","background-size":"auto","background-attachment":"scroll","background-type":"","background-media":"","overlay-type":"","overlay-color":"","overlay-opacity":"","overlay-gradient":""},"tablet":{"background-color":"var(--ast-global-color-5)","background-image":"","background-repeat":"repeat","background-position":"center center","background-size":"auto","background-attachment":"scroll","background-type":"","background-media":"","overlay-type":"","overlay-color":"","overlay-opacity":"","overlay-gradient":""},"mobile":{"background-color":"var(--ast-global-color-5)","background-image":"","background-repeat":"repeat","background-position":"center center","background-size":"auto","background-attachment":"scroll","background-type":"","background-media":"","overlay-type":"","overlay-color":"","overlay-opacity":"","overlay-gradient":""}},"footnotes":""},"categories":[8],"tags":[2961,25627,25625,25626,25628],"class_list":["post-75649","post","type-post","status-publish","format-standard","has-post-thumbnail","hentry","category-noticias","tag-fisel","tag-profeslitismo","tag-servidores-publicos","tag-vehiculos-oficiales","tag-vigilancia-en-elecciones"],"_links":{"self":[{"href":"https:\/\/losperiodistas.com.mx\/portal\/wp-json\/wp\/v2\/posts\/75649","targetHints":{"allow":["GET"]}}],"collection":[{"href":"https:\/\/losperiodistas.com.mx\/portal\/wp-json\/wp\/v2\/posts"}],"about":[{"href":"https:\/\/losperiodistas.com.mx\/portal\/wp-json\/wp\/v2\/types\/post"}],"author":[{"embeddable":true,"href":"https:\/\/losperiodistas.com.mx\/portal\/wp-json\/wp\/v2\/users\/1"}],"replies":[{"embeddable":true,"href":"https:\/\/losperiodistas.com.mx\/portal\/wp-json\/wp\/v2\/comments?post=75649"}],"version-history":[{"count":1,"href":"https:\/\/losperiodistas.com.mx\/portal\/wp-json\/wp\/v2\/posts\/75649\/revisions"}],"predecessor-version":[{"id":75651,"href":"https:\/\/losperiodistas.com.mx\/portal\/wp-json\/wp\/v2\/posts\/75649\/revisions\/75651"}],"wp:featuredmedia":[{"embeddable":true,"href":"https:\/\/losperiodistas.com.mx\/portal\/wp-json\/wp\/v2\/media\/75650"}],"wp:attachment":[{"href":"https:\/\/losperiodistas.com.mx\/portal\/wp-json\/wp\/v2\/media?parent=75649"}],"wp:term":[{"taxonomy":"category","embeddable":true,"href":"https:\/\/losperiodistas.com.mx\/portal\/wp-json\/wp\/v2\/categories?post=75649"},{"taxonomy":"post_tag","embeddable":true,"href":"https:\/\/losperiodistas.com.mx\/portal\/wp-json\/wp\/v2\/tags?post=75649"}],"curies":[{"name":"wp","href":"https:\/\/api.w.org\/{rel}","templated":true}]}}