{"id":75558,"date":"2024-05-30T08:04:51","date_gmt":"2024-05-30T13:04:51","guid":{"rendered":"https:\/\/losperiodistas.com.mx\/portal\/?p=75558"},"modified":"2024-05-30T08:04:53","modified_gmt":"2024-05-30T13:04:53","slug":"morena-ganara-la-gubernatura-y-la-capital-javier-sanchez-galicia-e-consulta","status":"publish","type":"post","link":"https:\/\/losperiodistas.com.mx\/portal\/morena-ganara-la-gubernatura-y-la-capital-javier-sanchez-galicia-e-consulta\/","title":{"rendered":"Morena ganar\u00e1 la gubernatura y la capital: Javier S\u00e1nchez Galicia | e-consulta"},"content":{"rendered":"\n<p class=\"has-medium-font-size\">\u201cTiene ventaja, eso se ha visto en las encuestas, eso es algo que se tendr\u00eda que ver reflejado en las elecciones de este domingo\u201d, sostuvo<\/p>\n\n\n\n<figure class=\"wp-block-image\"><img decoding=\"async\" src=\"https:\/\/www.e-consulta.com\/_next\/image?url=https%3A%2F%2Ffotos.e-consulta.com%2Fmorena_ganara_la_gubernatura_y_la_capital_javier_sanchez_galicia.jpg&amp;w=1920&amp;q=75\" alt=\"Morena ganar\u00e1 la gubernatura y la capital: Javier S\u00e1nchez Galicia\"\/><\/figure>\n\n\n\n<p>Foto: e-consulta<br><\/p>\n\n\n\n<p>Daniel Sandoval \/ e-consulta<\/p>\n\n\n\n<p><\/p>\n\n\n\n<p>El consultor pol\u00edtico,&nbsp;<strong>Javier S\u00e1nchez Galicia<\/strong>, afirm\u00f3 que&nbsp;<strong>Morena<\/strong>&nbsp;<strong>ganar\u00e1 las elecciones<\/strong>&nbsp;de este domingo por&nbsp;<strong>la gubernatura de Puebla&nbsp;<\/strong>y por la capital poblana, ya que pronostic\u00f3&nbsp;<strong>Jos\u00e9 Chedraui Budib<\/strong>, abanderado oficialista, aventaje al aspirante del&nbsp;<strong>Partido Acci\u00f3n Nacional<\/strong>&nbsp;(PAN),&nbsp;<strong>Mario Gerardo Riestra Pi\u00f1a<\/strong>, por hasta&nbsp;<strong>10 puntos<\/strong>.<\/p>\n\n\n\n<p>En el programa\u00a0<strong><a href=\"https:\/\/www.youtube.com\/watch?v=ax3NVztzXz8\" target=\"_blank\" rel=\"noreferrer noopener\">Cuchara Cuchillo Tenedor<\/a><\/strong>, el consultor detall\u00f3 que, en\u00a0<strong>Puebla<\/strong>,\u00a0<strong>Alejandro Armenta<\/strong>\u00a0<strong>Mier<\/strong>\u00a0lleva una ventaja de cerca de\u00a0<strong>25 puntos<\/strong>\u00a0frente a su competidor del PAN,\u00a0<strong>Eduardo Rivera P\u00e9rez<\/strong>, y que esto podr\u00eda reflejarse en la votaci\u00f3n del 2 de junio.<\/p>\n\n\n\n<figure class=\"wp-block-embed is-type-video is-provider-youtube wp-block-embed-youtube wp-embed-aspect-16-9 wp-has-aspect-ratio\"><div class=\"wp-block-embed__wrapper\">\n<iframe title=\"Javier S\u00e1nchez Galicia en Cuchara Cuchillo Tenedor\" width=\"500\" height=\"281\" src=\"https:\/\/www.youtube.com\/embed\/ax3NVztzXz8?feature=oembed\" frameborder=\"0\" allow=\"accelerometer; autoplay; clipboard-write; encrypted-media; gyroscope; picture-in-picture; web-share\" referrerpolicy=\"strict-origin-when-cross-origin\" allowfullscreen><\/iframe>\n<\/div><\/figure>\n\n\n\n<p>S<strong>\u00e1nchez Galicia<\/strong>\u00a0mencion\u00f3 que en estos 60 d\u00edas de campa\u00f1a los tres candidatos buscaron ganarse la simpat\u00eda de la gente, no obstante, el abanderado morenista fue el que sobresali\u00f3 y se antepuso a sus dos contrincantes.<\/p>\n\n\n\n<p>Te puede interesar:<\/p>\n\n\n\n<p><a href=\"https:\/\/www.e-consulta.com\/nota\/2024-05-29\/elecciones\/iee-solicita-seguridad-en-sitios-donde-ediles-que-se-reeligen-no-dejaron\">IEE solicita seguridad en sitios donde ediles que se reeligen no dejaron el cargo<\/a><\/p>\n\n\n\n<p>\u201c<strong>Morena tiene ventaja<\/strong>, eso se ha visto en las encuestas,&nbsp;<strong><a href=\"https:\/\/www.e-consulta.com\/nota\/2024-05-29\/elecciones\/publican-propaganda-pro-morena-en-pagina-de-san-pedro-cholula-acusan\" target=\"_blank\" rel=\"noreferrer noopener\">Armenta<\/a><\/strong>&nbsp;tiene una ventaja de cerca de&nbsp;<strong>25 puntos<\/strong>, eso es algo que se tendr\u00eda que ver reflejado en las elecciones de este domingo. Pero sobre la capital&nbsp;<strong>es algo que se mantiene en duda<\/strong>,&nbsp;<strong>si Morena puede ganar<\/strong>\u201d, indic\u00f3.<\/p>\n\n\n\n<p>No obstante, predijo un resultado m\u00e1s reservado para la capital poblana, que est\u00e1 competida por&nbsp;<strong>Pepe Chedraui<\/strong>&nbsp;de&nbsp;<strong>Morena<\/strong>&nbsp;y&nbsp;<strong>Mario Riestra<\/strong>&nbsp;del&nbsp;<strong>PAN<\/strong>.<\/p>\n\n\n\n<figure class=\"wp-block-image\"><img decoding=\"async\" src=\"https:\/\/www.e-consulta.com\/_next\/image?url=https%3A%2F%2Ffotos.e-consulta.com%2Fsite_uploads%2F2024%2FMayo%2Fmorena_ganara_la_gubernatura_y_la_capital_javier_sanchez_galicia_2.jpg&amp;w=3840&amp;q=75\" alt=\"Morena ganar\u00e1 la gubernatura y la capital: Javier S\u00e1nchez Galicia\"\/><\/figure>\n\n\n\n<p>De manera directa, el consultor pol\u00edtico indic\u00f3 que&nbsp;<strong><a href=\"https:\/\/www.e-consulta.com\/nota\/2024-05-29\/elecciones\/chedraui-es-un-defraudador-asegura-lider-panista-jesus-zaldivar\" target=\"_blank\" rel=\"noreferrer noopener\">Chedraui<\/a><\/strong>&nbsp;podr\u00eda tener una&nbsp;<strong>ventaja de 10 puntos sobre Riestra<\/strong>; cada punto, se\u00f1al\u00f3, podr\u00eda representar&nbsp;<strong>nueve mil votos<\/strong>, de tal manera que el morenista podr\u00eda aventajar al panista por hasta&nbsp;<strong>90 mil sufragios<\/strong>.<\/p>\n\n\n\n<p>Te puede interesar:<\/p>\n\n\n\n<p><a href=\"https:\/\/www.e-consulta.com\/nota\/2024-05-29\/elecciones\/que-es-la-veda-electoral-y-cuales-son-las-multas-que-marca-el-ine\">\u00bfQu\u00e9 es la veda electoral y cu\u00e1les son las multas que marca el INE?<\/a><\/p>\n\n\n\n<p>Sin embargo, en el tema de la capital, coment\u00f3 que habr\u00eda que&nbsp;<strong>esperar las definiciones oficiales<\/strong>&nbsp;que se den a conocer este domingo, ya que&nbsp;<strong>puede haber una elecci\u00f3n apretada<\/strong>&nbsp;en torno al pr\u00f3ximo presidente municipal poblano.<\/p>\n\n\n\n<p>Consider\u00f3 que, ya en esta recta final, los candidatos est\u00e1n a la espera de lleguen las votaciones ya que ah\u00ed se concretar\u00e1&nbsp;<strong>el apoyo o la separaci\u00f3n de la ciudan\u00eda<\/strong>&nbsp;que se ha venido acarreando desde el inicio de la campa\u00f1a y que se ha manifestado en diversas encuestas.<\/p>\n\n\n\n<figure class=\"wp-block-image\"><img decoding=\"async\" src=\"https:\/\/www.e-consulta.com\/_next\/image?url=https%3A%2F%2Ffotos.e-consulta.com%2Fsite_uploads%2F2024%2FMayo%2Fmorena_ganara_la_gubernatura_y_la_capital_javier_sanchez_galicia_3.jpeg&amp;w=3840&amp;q=75\" alt=\"Morena ganar\u00e1 la gubernatura y la capital: Javier S\u00e1nchez Galicia\"\/><\/figure>\n\n\n\n<p>Sobre el proyecto denominado como la\u00a0<strong><a href=\"https:\/\/archivo.e-consulta.com\/blogs\/corte\/que-se-juegan-los-partidos-y-coaliciones-en-las-elecciones-municipales-de-puebla\/\" target=\"_blank\" rel=\"noreferrer noopener\">Cuarta Transformaci\u00f3n<\/a><\/strong>, afirm\u00f3 que diferentes propuestas avivaron el sentimiento de la gente por \u00e9l, debido a que se mantuvo firme en\u00a0<strong>mantener y fortalecer los programas sociales<\/strong>, situaci\u00f3n que en Puebla se concret\u00f3 en algunas propuestas de\u00a0<strong>Armenta Mier<\/strong>, sin embargo,\u00a0<strong>al final las votaciones dar\u00e1n a conocer el favoritismo por un abanderado<\/strong>. (JRLM)<\/p>\n\n\n\n<p>Fuente: <a href=\"https:\/\/www.e-consulta.com\/nota\/2024-05-30\/elecciones\/morena-ganara-la-gubernatura-y-la-capital-javier-sanchez-galicia\">https:\/\/www.e-consulta.com\/nota\/2024-05-30\/elecciones\/morena-ganara-la-gubernatura-y-la-capital-javier-sanchez-galicia<\/a><\/p>\n","protected":false},"excerpt":{"rendered":"<p>\u201cTiene ventaja, eso se ha visto en las encuestas, eso es algo que se tendr\u00eda que ver reflejado en las [&hellip;]<\/p>\n","protected":false},"author":1,"featured_media":75559,"comment_status":"open","ping_status":"open","sticky":false,"template":"","format":"standard","meta":{"site-sidebar-layout":"default","site-content-layout":"","ast-site-content-layout":"default","site-content-style":"default","site-sidebar-style":"default","ast-global-header-display":"","ast-banner-title-visibility":"","ast-main-header-display":"","ast-hfb-above-header-display":"","ast-hfb-below-header-display":"","ast-hfb-mobile-header-display":"","site-post-title":"","ast-breadcrumbs-content":"","ast-featured-img":"","footer-sml-layout":"","theme-transparent-header-meta":"","adv-header-id-meta":"","stick-header-meta":"","header-above-stick-meta":"","header-main-stick-meta":"","header-below-stick-meta":"","astra-migrate-meta-layouts":"default","ast-page-background-enabled":"default","ast-page-background-meta":{"desktop":{"background-color":"var(--ast-global-color-4)","background-image":"","background-repeat":"repeat","background-position":"center center","background-size":"auto","background-attachment":"scroll","background-type":"","background-media":"","overlay-type":"","overlay-color":"","overlay-opacity":"","overlay-gradient":""},"tablet":{"background-color":"","background-image":"","background-repeat":"repeat","background-position":"center center","background-size":"auto","background-attachment":"scroll","background-type":"","background-media":"","overlay-type":"","overlay-color":"","overlay-opacity":"","overlay-gradient":""},"mobile":{"background-color":"","background-image":"","background-repeat":"repeat","background-position":"center center","background-size":"auto","background-attachment":"scroll","background-type":"","background-media":"","overlay-type":"","overlay-color":"","overlay-opacity":"","overlay-gradient":""}},"ast-content-background-meta":{"desktop":{"background-color":"var(--ast-global-color-5)","background-image":"","background-repeat":"repeat","background-position":"center center","background-size":"auto","background-attachment":"scroll","background-type":"","background-media":"","overlay-type":"","overlay-color":"","overlay-opacity":"","overlay-gradient":""},"tablet":{"background-color":"var(--ast-global-color-5)","background-image":"","background-repeat":"repeat","background-position":"center center","background-size":"auto","background-attachment":"scroll","background-type":"","background-media":"","overlay-type":"","overlay-color":"","overlay-opacity":"","overlay-gradient":""},"mobile":{"background-color":"var(--ast-global-color-5)","background-image":"","background-repeat":"repeat","background-position":"center center","background-size":"auto","background-attachment":"scroll","background-type":"","background-media":"","overlay-type":"","overlay-color":"","overlay-opacity":"","overlay-gradient":""}},"footnotes":""},"categories":[8],"tags":[8711,13651,725],"class_list":["post-75558","post","type-post","status-publish","format-standard","has-post-thumbnail","hentry","category-noticias","tag-elecciones-puebla-2024","tag-javier-sanchez-galicia","tag-morena-puebla"],"_links":{"self":[{"href":"https:\/\/losperiodistas.com.mx\/portal\/wp-json\/wp\/v2\/posts\/75558","targetHints":{"allow":["GET"]}}],"collection":[{"href":"https:\/\/losperiodistas.com.mx\/portal\/wp-json\/wp\/v2\/posts"}],"about":[{"href":"https:\/\/losperiodistas.com.mx\/portal\/wp-json\/wp\/v2\/types\/post"}],"author":[{"embeddable":true,"href":"https:\/\/losperiodistas.com.mx\/portal\/wp-json\/wp\/v2\/users\/1"}],"replies":[{"embeddable":true,"href":"https:\/\/losperiodistas.com.mx\/portal\/wp-json\/wp\/v2\/comments?post=75558"}],"version-history":[{"count":1,"href":"https:\/\/losperiodistas.com.mx\/portal\/wp-json\/wp\/v2\/posts\/75558\/revisions"}],"predecessor-version":[{"id":75560,"href":"https:\/\/losperiodistas.com.mx\/portal\/wp-json\/wp\/v2\/posts\/75558\/revisions\/75560"}],"wp:featuredmedia":[{"embeddable":true,"href":"https:\/\/losperiodistas.com.mx\/portal\/wp-json\/wp\/v2\/media\/75559"}],"wp:attachment":[{"href":"https:\/\/losperiodistas.com.mx\/portal\/wp-json\/wp\/v2\/media?parent=75558"}],"wp:term":[{"taxonomy":"category","embeddable":true,"href":"https:\/\/losperiodistas.com.mx\/portal\/wp-json\/wp\/v2\/categories?post=75558"},{"taxonomy":"post_tag","embeddable":true,"href":"https:\/\/losperiodistas.com.mx\/portal\/wp-json\/wp\/v2\/tags?post=75558"}],"curies":[{"name":"wp","href":"https:\/\/api.w.org\/{rel}","templated":true}]}}