{"id":75403,"date":"2024-05-28T07:03:37","date_gmt":"2024-05-28T12:03:37","guid":{"rendered":"https:\/\/losperiodistas.com.mx\/portal\/?p=75403"},"modified":"2024-05-28T07:03:39","modified_gmt":"2024-05-28T12:03:39","slug":"marko-cortes-advierte-que-ganaran-seis-estados-entre-ellos-puebla-intolerancia-diario","status":"publish","type":"post","link":"https:\/\/losperiodistas.com.mx\/portal\/marko-cortes-advierte-que-ganaran-seis-estados-entre-ellos-puebla-intolerancia-diario\/","title":{"rendered":"Marko Cort\u00e9s advierte que ganar\u00e1n seis estados, entre ellos Puebla | Intolerancia Diario"},"content":{"rendered":"\n<h2 class=\"has-medium-font-size wp-block-heading\">Encabez\u00f3 el cierre de campa\u00f1a del abanderado a presidente municipal de Atlixco, Benjam\u00edn Minutti, en compa\u00f1\u00eda de Eduardo Rivera.<\/h2>\n\n\n\n<figure class=\"wp-block-image size-large\"><img fetchpriority=\"high\" decoding=\"async\" width=\"1024\" height=\"577\" src=\"https:\/\/losperiodistas.com.mx\/portal\/wp-content\/uploads\/2024\/05\/Captura-de-Pantalla-2024-05-28-a-las-5.58.04-1024x577.jpg\" alt=\"\" class=\"wp-image-75404\" srcset=\"https:\/\/losperiodistas.com.mx\/portal\/wp-content\/uploads\/2024\/05\/Captura-de-Pantalla-2024-05-28-a-las-5.58.04-1024x577.jpg 1024w, https:\/\/losperiodistas.com.mx\/portal\/wp-content\/uploads\/2024\/05\/Captura-de-Pantalla-2024-05-28-a-las-5.58.04-300x169.jpg 300w, https:\/\/losperiodistas.com.mx\/portal\/wp-content\/uploads\/2024\/05\/Captura-de-Pantalla-2024-05-28-a-las-5.58.04-768x433.jpg 768w, https:\/\/losperiodistas.com.mx\/portal\/wp-content\/uploads\/2024\/05\/Captura-de-Pantalla-2024-05-28-a-las-5.58.04.jpg 1278w\" sizes=\"(max-width: 1024px) 100vw, 1024px\" \/><figcaption>Foto: Agencia Enfoque<\/figcaption><\/figure>\n\n\n\n<p class=\"has-vivid-red-color has-text-color has-medium-font-size\"><strong>JOS\u00c9 ANTONIO MACHADO \/ INTOLERANCIA DIARIO<\/strong><\/p>\n\n\n\n<p>El&nbsp;<strong>Partido Acci\u00f3n Nacional (PAN)<\/strong>&nbsp;retendr\u00e1&nbsp;<strong>Guanajuato y Yucat\u00e1n<\/strong>, pero ganar\u00e1&nbsp;<strong>Puebla, Ciudad de M\u00e9xico, Veracruz y Morelos<\/strong>&nbsp;a trav\u00e9s de las alianzas \u00abFuerza y Coraz\u00f3n por M\u00e9xico\u00bb y un \u00abMejor Rumbo para Puebla\u00bb, advirti\u00f3 el presidente nacional del blanquiazul,&nbsp;<strong>Marko Cort\u00e9s Mendoza.<\/strong><\/p>\n\n\n\n<p>Adem\u00e1s, al concluir el cierre de campa\u00f1a del PAN-PRD, el abanderado a presidente municipal de&nbsp;<strong>Atlixco<\/strong>,&nbsp;<strong>Benjam\u00edn Minutti,<\/strong>&nbsp;en compa\u00f1\u00eda del postulado a gobernador por un \u00abMejor Rumbo para Puebla\u00bb,&nbsp;<strong>Eduardo Rivera P\u00e9rez<\/strong>, las candidatas al Senado, Ana Teresa Aranda Orozco y diputada federal, Leonor Pop\u00f3catl,&nbsp;esperan el primer domingo de junio&nbsp; gane la elecci\u00f3n, c\u00f3mo lo har\u00e1 Lalo Rivera en la entidad poblana.<\/p>\n\n\n\n<p><em>\u00abLe daremos a Morena y al gobierno, una gran sorpresa, vamos a refrendar los dos gobiernos panistas de Guanajuato y Yucat\u00e1n, pero les vamos a ganar Puebla, Ciudad de M\u00e9xico, Veracruz y Morelos, al menos estas ya las tenemos en empate&nbsp; y creciendo\u00bb.<\/em><\/p>\n\n\n\n<p>Consider\u00f3 que el gobierno federal y el estatal, no podr\u00e1n detener la ola ciudadana que va a ser que en Puebla, Rivera P\u00e9rez se convierta en gobernador por el voto oculto y de castigo a&nbsp;<strong>Morena.<\/strong><\/p>\n\n\n\n<p>Prioriz\u00f3 que con la victoria de Acci\u00f3n Nacional en los comicios del primer domingo de junio, no va a haber clientelismo electoral ni amedrentamiento que detenga esta ola ciudadana que va&nbsp; ser que ac\u00e1 en Puebla, Lalo Rivera sea el gobernador .<\/p>\n\n\n\n<p>Marko Cort\u00e9s insisti\u00f3 que la poblaci\u00f3n, al momento de sufragar, votar\u00e1 por Eduardo Rivera, el candidato de un \u00abMejor Rumbo para Puebla\u00bb, porque ya demostr\u00f3 que sabe gobernar, como se confirma en las dos acciones en las que estuvo en la presidencia municipal de la Angel\u00f3polis.<\/p>\n\n\n\n<p>Precis\u00f3 que Eduardo Rivera, se impondr\u00e1 al candidato oficialista por la presidencia municipal por una diferencia de 10 puntos, recordando que Eduardo comenz\u00f3 el proceso 15 puntos abajo, pero empat\u00f3 y remont\u00f3.<\/p>\n\n\n\n<p><em>\u00abIniciamos 15 puntos abajo, la semana pasada est\u00e1bamos en empate y esta semana, por lo menos, ya estamos arriba, de est\u00e1s tendencia que esperamos tener en la gubernatura del estado de10 puntos arriba, as\u00ed ya ocurri\u00f3 cuando iba a presidente municipal de Puebla, logr\u00f3 remontar al menos 17 a m\u00e1s de 20 puntos, esta vez no va a ser distinto. Lalo Rivera va a ser gobernador porque caballo que alcanza gana\u00bb.<\/em><\/p>\n\n\n\n<p>Anunci\u00f3 que si<strong>&nbsp;X\u00f3chitl G\u00e1lvez Ruiz<\/strong>&nbsp;gana&nbsp;la contienda presidencial de la Rep\u00fablica, buscar\u00e1 a tener una Polic\u00eda Nacional, adem\u00e1s inmediatamente va a buscar que los militares retornen a sus tareas,&nbsp;pero para lograr ese objetivo se necesitan inyectar recursos a la seguridad, y regresar\u00e1 los recursos a los estados, a los municipios que retir\u00f3 este gobierno federal y de esa manera empezar a tener resultados.<\/p>\n\n\n\n<p>Adem\u00e1s trabajar\u00e1 en la reconciliaci\u00f3n porque no puede ser que desde el poder se este polarizando a los mexicanos.<\/p>\n\n\n\n<p>Indic\u00f3 que gobernar\u00e1 para todos y no estar\u00e1 presionando ni amedrentando, como hace el gobierno de Morena a nivel nacional, estado y municipio<\/p>\n\n\n\n<p><em>\u00abPor eso nuestro llamado es a la reconciliaci\u00f3n en y para lograrlo necesitamos gobernantes como X\u00f3chitl y Lalo todos en su forma de pensar independientemente si votaron por ellos no lo hicieron\u00bb.<\/em><\/p>\n\n\n\n<p>Fuente: <a href=\"https:\/\/intoleranciadiario.com\/articles\/politica\/2024\/05\/28\/1025820-marko-cortes-advierte-que-ganaran-seis-estados-entre-ellos-puebla.html\">https:\/\/intoleranciadiario.com\/articles\/politica\/2024\/05\/28\/1025820-marko-cortes-advierte-que-ganaran-seis-estados-entre-ellos-puebla.html<\/a><\/p>\n","protected":false},"excerpt":{"rendered":"<p>Encabez\u00f3 el cierre de campa\u00f1a del abanderado a presidente municipal de Atlixco, Benjam\u00edn Minutti, en compa\u00f1\u00eda de Eduardo Rivera. JOS\u00c9 [&hellip;]<\/p>\n","protected":false},"author":1,"featured_media":75404,"comment_status":"open","ping_status":"open","sticky":false,"template":"","format":"standard","meta":{"site-sidebar-layout":"default","site-content-layout":"","ast-site-content-layout":"default","site-content-style":"default","site-sidebar-style":"default","ast-global-header-display":"","ast-banner-title-visibility":"","ast-main-header-display":"","ast-hfb-above-header-display":"","ast-hfb-below-header-display":"","ast-hfb-mobile-header-display":"","site-post-title":"","ast-breadcrumbs-content":"","ast-featured-img":"","footer-sml-layout":"","theme-transparent-header-meta":"","adv-header-id-meta":"","stick-header-meta":"","header-above-stick-meta":"","header-main-stick-meta":"","header-below-stick-meta":"","astra-migrate-meta-layouts":"default","ast-page-background-enabled":"default","ast-page-background-meta":{"desktop":{"background-color":"var(--ast-global-color-4)","background-image":"","background-repeat":"repeat","background-position":"center center","background-size":"auto","background-attachment":"scroll","background-type":"","background-media":"","overlay-type":"","overlay-color":"","overlay-opacity":"","overlay-gradient":""},"tablet":{"background-color":"","background-image":"","background-repeat":"repeat","background-position":"center center","background-size":"auto","background-attachment":"scroll","background-type":"","background-media":"","overlay-type":"","overlay-color":"","overlay-opacity":"","overlay-gradient":""},"mobile":{"background-color":"","background-image":"","background-repeat":"repeat","background-position":"center center","background-size":"auto","background-attachment":"scroll","background-type":"","background-media":"","overlay-type":"","overlay-color":"","overlay-opacity":"","overlay-gradient":""}},"ast-content-background-meta":{"desktop":{"background-color":"var(--ast-global-color-5)","background-image":"","background-repeat":"repeat","background-position":"center center","background-size":"auto","background-attachment":"scroll","background-type":"","background-media":"","overlay-type":"","overlay-color":"","overlay-opacity":"","overlay-gradient":""},"tablet":{"background-color":"var(--ast-global-color-5)","background-image":"","background-repeat":"repeat","background-position":"center center","background-size":"auto","background-attachment":"scroll","background-type":"","background-media":"","overlay-type":"","overlay-color":"","overlay-opacity":"","overlay-gradient":""},"mobile":{"background-color":"var(--ast-global-color-5)","background-image":"","background-repeat":"repeat","background-position":"center center","background-size":"auto","background-attachment":"scroll","background-type":"","background-media":"","overlay-type":"","overlay-color":"","overlay-opacity":"","overlay-gradient":""}},"footnotes":""},"categories":[8],"tags":[25522,8711,12115,2089],"class_list":["post-75403","post","type-post","status-publish","format-standard","has-post-thumbnail","hentry","category-noticias","tag-benjamin-minutti","tag-elecciones-puebla-2024","tag-lalo-rivera","tag-marko-cortes"],"_links":{"self":[{"href":"https:\/\/losperiodistas.com.mx\/portal\/wp-json\/wp\/v2\/posts\/75403","targetHints":{"allow":["GET"]}}],"collection":[{"href":"https:\/\/losperiodistas.com.mx\/portal\/wp-json\/wp\/v2\/posts"}],"about":[{"href":"https:\/\/losperiodistas.com.mx\/portal\/wp-json\/wp\/v2\/types\/post"}],"author":[{"embeddable":true,"href":"https:\/\/losperiodistas.com.mx\/portal\/wp-json\/wp\/v2\/users\/1"}],"replies":[{"embeddable":true,"href":"https:\/\/losperiodistas.com.mx\/portal\/wp-json\/wp\/v2\/comments?post=75403"}],"version-history":[{"count":1,"href":"https:\/\/losperiodistas.com.mx\/portal\/wp-json\/wp\/v2\/posts\/75403\/revisions"}],"predecessor-version":[{"id":75405,"href":"https:\/\/losperiodistas.com.mx\/portal\/wp-json\/wp\/v2\/posts\/75403\/revisions\/75405"}],"wp:featuredmedia":[{"embeddable":true,"href":"https:\/\/losperiodistas.com.mx\/portal\/wp-json\/wp\/v2\/media\/75404"}],"wp:attachment":[{"href":"https:\/\/losperiodistas.com.mx\/portal\/wp-json\/wp\/v2\/media?parent=75403"}],"wp:term":[{"taxonomy":"category","embeddable":true,"href":"https:\/\/losperiodistas.com.mx\/portal\/wp-json\/wp\/v2\/categories?post=75403"},{"taxonomy":"post_tag","embeddable":true,"href":"https:\/\/losperiodistas.com.mx\/portal\/wp-json\/wp\/v2\/tags?post=75403"}],"curies":[{"name":"wp","href":"https:\/\/api.w.org\/{rel}","templated":true}]}}