{"id":75400,"date":"2024-05-28T06:53:48","date_gmt":"2024-05-28T11:53:48","guid":{"rendered":"https:\/\/losperiodistas.com.mx\/portal\/?p=75400"},"modified":"2024-05-28T06:53:50","modified_gmt":"2024-05-28T11:53:50","slug":"bloqueo-en-pemex-de-la-cnte-provoca-escasez-de-gasolina-en-chiapas-el-imparcial","status":"publish","type":"post","link":"https:\/\/losperiodistas.com.mx\/portal\/bloqueo-en-pemex-de-la-cnte-provoca-escasez-de-gasolina-en-chiapas-el-imparcial\/","title":{"rendered":"Bloqueo en PEMEX de la CNTE provoca escasez de gasolina en Chiapas | El Imparcial"},"content":{"rendered":"\n<h2 class=\"has-medium-font-size wp-block-heading\">Representantes de la CNTE han anunciado que la ocupaci\u00f3n del centro de distribuci\u00f3n de Pemex continuar\u00e1 hasta que se atiendan sus demandas.<\/h2>\n\n\n\n<figure class=\"wp-block-image size-large\"><img fetchpriority=\"high\" decoding=\"async\" width=\"1024\" height=\"575\" src=\"https:\/\/losperiodistas.com.mx\/portal\/wp-content\/uploads\/2024\/05\/Captura-de-Pantalla-2024-05-28-a-las-5.47.15-1024x575.jpg\" alt=\"\" class=\"wp-image-75401\" srcset=\"https:\/\/losperiodistas.com.mx\/portal\/wp-content\/uploads\/2024\/05\/Captura-de-Pantalla-2024-05-28-a-las-5.47.15-1024x575.jpg 1024w, https:\/\/losperiodistas.com.mx\/portal\/wp-content\/uploads\/2024\/05\/Captura-de-Pantalla-2024-05-28-a-las-5.47.15-300x168.jpg 300w, https:\/\/losperiodistas.com.mx\/portal\/wp-content\/uploads\/2024\/05\/Captura-de-Pantalla-2024-05-28-a-las-5.47.15-768x431.jpg 768w, https:\/\/losperiodistas.com.mx\/portal\/wp-content\/uploads\/2024\/05\/Captura-de-Pantalla-2024-05-28-a-las-5.47.15-1536x862.jpg 1536w, https:\/\/losperiodistas.com.mx\/portal\/wp-content\/uploads\/2024\/05\/Captura-de-Pantalla-2024-05-28-a-las-5.47.15.jpg 1796w\" sizes=\"(max-width: 1024px) 100vw, 1024px\" \/><figcaption>CNTE dice que la ocupaci\u00f3n de Pemex continuar\u00e1 hasta que se atiendan sus demandas. Foto: @Planoinforma en X<\/figcaption><\/figure>\n\n\n\n<p class=\"has-vivid-red-color has-text-color has-medium-font-size\"><strong>Ang\u00e9lica Alvarado \/ El Imparcial<\/strong><\/p>\n\n\n\n<p>CHIAPAS.- La&nbsp;<a href=\"https:\/\/www.elimparcial.com\/mexico\/2024\/05\/27\/bloqueo-de-cnte-obstaculiza-montaje-del-escenario-para-el-cierre-de-campana-de-sheinbaum-en-cdmx\/\" target=\"_blank\" rel=\"noreferrer noopener\"><strong>Coordinadora Nacional de Trabajadores de la Educaci\u00f3n<\/strong><\/a>&nbsp;(CNTE) ha desencadenado una situaci\u00f3n en Chiapas al&nbsp;manifestarse en el centro de distribuci\u00f3n de Petr\u00f3leos Mexicanos&nbsp;(Pemex), generando un&nbsp;<strong>impacto directo en el abastecimiento de gasolina<\/strong>&nbsp;en la regi\u00f3n.<\/p>\n\n\n\n<p><strong>Tambi\u00e9n te podr\u00eda interesar:\u00a0<\/strong><a href=\"https:\/\/www.elimparcial.com\/mexico\/2024\/05\/23\/por-que-hubo-fuego-en-sede-del-pri-maestros-del-cnte-protestan\/\"><strong>\u00bfPor qu\u00e9 hubo fuego en sede del PRI? Maestros del CNTE protestan<\/strong><\/a><\/p>\n\n\n\n<h2 class=\"wp-block-heading\">Desabasto de gasolina por Chiapas<\/h2>\n\n\n\n<p>La falta de distribuci\u00f3n de combustible ya est\u00e1 provocando&nbsp;<strong>escasez en varios municipios<\/strong>&nbsp;chiapanecos.<\/p>\n\n\n\n<p>En\u00a0<a href=\"https:\/\/www.elimparcial.com\/mexico\/2024\/05\/27\/matan-a-lider-de-morena-en-zona-indigena-en-chiapas\/\" target=\"_blank\" rel=\"noreferrer noopener\"><strong>San Crist\u00f3bal de las Casas<\/strong><\/a>, al menos\u00a0<strong>tres gasolineras han cerrado sus puertas<\/strong>\u00a0debido a la falta de suministro, situaci\u00f3n que tambi\u00e9n se repite en\u00a0<strong>Tuxtla Guti\u00e9rrez<\/strong>.<\/p>\n\n\n\n<p class=\"has-cyan-bluish-gray-background-color has-background\"><a href=\"https:\/\/www.elimparcial.com\/mexico\/2024\/05\/22\/regalan-combustible-en-12-gasolineras-tomadas-por-maestros-del-cnte\/\"><\/a><a href=\"https:\/\/www.elimparcial.com\/mexico\/\">MEXICO<\/a><a href=\"https:\/\/www.elimparcial.com\/mexico\/2024\/05\/22\/regalan-combustible-en-12-gasolineras-tomadas-por-maestros-del-cnte\/\">Regalan combustible en 12 gasolineras tomadas por maestros del CNTE<\/a><\/p>\n\n\n\n<figure class=\"wp-block-embed is-type-rich is-provider-twitter wp-block-embed-twitter\"><div class=\"wp-block-embed__wrapper\">\n<blockquote class=\"twitter-tweet\" data-width=\"500\" data-dnt=\"true\"><p lang=\"es\" dir=\"ltr\"><a href=\"https:\/\/twitter.com\/hashtag\/Chiapas?src=hash&amp;ref_src=twsrc%5Etfw\">#Chiapas<\/a> | \u00a1Filas de hasta una hora para cargar combustible en Tuxtla Guti\u00e9rrez!\u26a0\ufe0f<br><br>Maestros de la <a href=\"https:\/\/twitter.com\/hashtag\/CNTE?src=hash&amp;ref_src=twsrc%5Etfw\">#CNTE<\/a> bloquean desde el jueves el Centro de Distribuci\u00f3n de <a href=\"https:\/\/twitter.com\/Pemex?ref_src=twsrc%5Etfw\">@Pemex<\/a>.<br><br>\ud83d\udcf9 | <a href=\"https:\/\/twitter.com\/Alberto_Chame?ref_src=twsrc%5Etfw\">@Alberto_Chame<\/a> <a href=\"https:\/\/t.co\/o7HtVuyaQP\">pic.twitter.com\/o7HtVuyaQP<\/a><\/p>&mdash; Azteca Noticias (@AztecaNoticias) <a href=\"https:\/\/twitter.com\/AztecaNoticias\/status\/1795140700968812695?ref_src=twsrc%5Etfw\">May 27, 2024<\/a><\/blockquote><script async src=\"https:\/\/platform.twitter.com\/widgets.js\" charset=\"utf-8\"><\/script>\n<\/div><\/figure>\n\n\n\n<h2 class=\"wp-block-heading\">Protesta de los maestros de la CNTE<\/h2>\n\n\n\n<p><strong>Isael Gonz\u00e1lez V\u00e1zquez<\/strong>, dirigente de la Secci\u00f3n 7 de la CNTE, ha anunciado que la ocupaci\u00f3n del centro de distribuci\u00f3n de Pemex&nbsp;continuar\u00e1 hasta que se atiendan sus demandas.<\/p>\n\n\n\n<p>La elecci\u00f3n de los docentes de protestar en las instalaciones de Pemex busca&nbsp;<a href=\"https:\/\/www.elimparcial.com\/mexico\/2024\/05\/27\/continua-planton-de-cnte-en-zocalo-maestros-no-estan-satisfechos-con-el-incremento-salarial-del-13\/\" target=\"_blank\" rel=\"noreferrer noopener\"><strong>ejercer presi\u00f3n sobre los gobiernos federal y estatal<\/strong><\/a>, con el objetivo de obtener respuestas concretas a sus demandas relacionadas con la actual&nbsp;<strong>Reforma Educativa en M\u00e9xico<\/strong>.<\/p>\n\n\n\n<p>Con informaci\u00f3n de\u00a0<strong>L\u00f3pez-D\u00f3riga Digital<\/strong><\/p>\n\n\n\n<p>Fuente: <a href=\"https:\/\/www.elimparcial.com\/mexico\/2024\/05\/28\/bloqueo-en-pemex-de-la-cnte-provoca-escasez-de-gasolina-en-chiapas\/\">https:\/\/www.elimparcial.com\/mexico\/2024\/05\/28\/bloqueo-en-pemex-de-la-cnte-provoca-escasez-de-gasolina-en-chiapas\/<\/a><\/p>\n","protected":false},"excerpt":{"rendered":"<p>Representantes de la CNTE han anunciado que la ocupaci\u00f3n del centro de distribuci\u00f3n de Pemex continuar\u00e1 hasta que se atiendan [&hellip;]<\/p>\n","protected":false},"author":1,"featured_media":75401,"comment_status":"open","ping_status":"open","sticky":false,"template":"","format":"standard","meta":{"site-sidebar-layout":"default","site-content-layout":"","ast-site-content-layout":"default","site-content-style":"default","site-sidebar-style":"default","ast-global-header-display":"","ast-banner-title-visibility":"","ast-main-header-display":"","ast-hfb-above-header-display":"","ast-hfb-below-header-display":"","ast-hfb-mobile-header-display":"","site-post-title":"","ast-breadcrumbs-content":"","ast-featured-img":"","footer-sml-layout":"","theme-transparent-header-meta":"","adv-header-id-meta":"","stick-header-meta":"","header-above-stick-meta":"","header-main-stick-meta":"","header-below-stick-meta":"","astra-migrate-meta-layouts":"default","ast-page-background-enabled":"default","ast-page-background-meta":{"desktop":{"background-color":"var(--ast-global-color-4)","background-image":"","background-repeat":"repeat","background-position":"center center","background-size":"auto","background-attachment":"scroll","background-type":"","background-media":"","overlay-type":"","overlay-color":"","overlay-opacity":"","overlay-gradient":""},"tablet":{"background-color":"","background-image":"","background-repeat":"repeat","background-position":"center center","background-size":"auto","background-attachment":"scroll","background-type":"","background-media":"","overlay-type":"","overlay-color":"","overlay-opacity":"","overlay-gradient":""},"mobile":{"background-color":"","background-image":"","background-repeat":"repeat","background-position":"center center","background-size":"auto","background-attachment":"scroll","background-type":"","background-media":"","overlay-type":"","overlay-color":"","overlay-opacity":"","overlay-gradient":""}},"ast-content-background-meta":{"desktop":{"background-color":"var(--ast-global-color-5)","background-image":"","background-repeat":"repeat","background-position":"center center","background-size":"auto","background-attachment":"scroll","background-type":"","background-media":"","overlay-type":"","overlay-color":"","overlay-opacity":"","overlay-gradient":""},"tablet":{"background-color":"var(--ast-global-color-5)","background-image":"","background-repeat":"repeat","background-position":"center center","background-size":"auto","background-attachment":"scroll","background-type":"","background-media":"","overlay-type":"","overlay-color":"","overlay-opacity":"","overlay-gradient":""},"mobile":{"background-color":"var(--ast-global-color-5)","background-image":"","background-repeat":"repeat","background-position":"center center","background-size":"auto","background-attachment":"scroll","background-type":"","background-media":"","overlay-type":"","overlay-color":"","overlay-opacity":"","overlay-gradient":""}},"footnotes":""},"categories":[8],"tags":[3650,25521,1706],"class_list":["post-75400","post","type-post","status-publish","format-standard","has-post-thumbnail","hentry","category-noticias","tag-cnte","tag-desabasto-de-gasolina-chiapas","tag-pemex"],"_links":{"self":[{"href":"https:\/\/losperiodistas.com.mx\/portal\/wp-json\/wp\/v2\/posts\/75400","targetHints":{"allow":["GET"]}}],"collection":[{"href":"https:\/\/losperiodistas.com.mx\/portal\/wp-json\/wp\/v2\/posts"}],"about":[{"href":"https:\/\/losperiodistas.com.mx\/portal\/wp-json\/wp\/v2\/types\/post"}],"author":[{"embeddable":true,"href":"https:\/\/losperiodistas.com.mx\/portal\/wp-json\/wp\/v2\/users\/1"}],"replies":[{"embeddable":true,"href":"https:\/\/losperiodistas.com.mx\/portal\/wp-json\/wp\/v2\/comments?post=75400"}],"version-history":[{"count":1,"href":"https:\/\/losperiodistas.com.mx\/portal\/wp-json\/wp\/v2\/posts\/75400\/revisions"}],"predecessor-version":[{"id":75402,"href":"https:\/\/losperiodistas.com.mx\/portal\/wp-json\/wp\/v2\/posts\/75400\/revisions\/75402"}],"wp:featuredmedia":[{"embeddable":true,"href":"https:\/\/losperiodistas.com.mx\/portal\/wp-json\/wp\/v2\/media\/75401"}],"wp:attachment":[{"href":"https:\/\/losperiodistas.com.mx\/portal\/wp-json\/wp\/v2\/media?parent=75400"}],"wp:term":[{"taxonomy":"category","embeddable":true,"href":"https:\/\/losperiodistas.com.mx\/portal\/wp-json\/wp\/v2\/categories?post=75400"},{"taxonomy":"post_tag","embeddable":true,"href":"https:\/\/losperiodistas.com.mx\/portal\/wp-json\/wp\/v2\/tags?post=75400"}],"curies":[{"name":"wp","href":"https:\/\/api.w.org\/{rel}","templated":true}]}}