{"id":75397,"date":"2024-05-28T06:45:11","date_gmt":"2024-05-28T11:45:11","guid":{"rendered":"https:\/\/losperiodistas.com.mx\/portal\/?p=75397"},"modified":"2024-05-28T06:45:13","modified_gmt":"2024-05-28T11:45:13","slug":"el-brexit-impacta-en-los-royals-el-rey-carlos-iii-cierra-su-residencia-londinense-al-publico-por-falta-de-personal-loc","status":"publish","type":"post","link":"https:\/\/losperiodistas.com.mx\/portal\/el-brexit-impacta-en-los-royals-el-rey-carlos-iii-cierra-su-residencia-londinense-al-publico-por-falta-de-personal-loc\/","title":{"rendered":"El Brexit impacta en los royals: el rey Carlos III cierra su residencia londinense al p\u00fablico por falta de personal | LOC"},"content":{"rendered":"\n<p class=\"has-background has-medium-font-size\" style=\"background-color:#f09af4\"><strong>La ca\u00edda de la mano de obra disponible para cubrir vacantes en bares, galer\u00edas, restaurantes y hoteles ha afectado a todo el sector servicios, incluso a la Casa Real brit\u00e1nica, desde la implementaci\u00f3n del Brexit.<\/strong><\/p>\n\n\n\n<p><\/p>\n\n\n\n<figure class=\"wp-block-image size-large\"><img fetchpriority=\"high\" decoding=\"async\" width=\"1024\" height=\"682\" src=\"https:\/\/losperiodistas.com.mx\/portal\/wp-content\/uploads\/2024\/05\/17168893160867-1024x682.jpg\" alt=\"\" class=\"wp-image-75398\" srcset=\"https:\/\/losperiodistas.com.mx\/portal\/wp-content\/uploads\/2024\/05\/17168893160867-1024x682.jpg 1024w, https:\/\/losperiodistas.com.mx\/portal\/wp-content\/uploads\/2024\/05\/17168893160867-300x200.jpg 300w, https:\/\/losperiodistas.com.mx\/portal\/wp-content\/uploads\/2024\/05\/17168893160867-768x512.jpg 768w, https:\/\/losperiodistas.com.mx\/portal\/wp-content\/uploads\/2024\/05\/17168893160867.jpg 1220w\" sizes=\"(max-width: 1024px) 100vw, 1024px\" \/><figcaption>El rey Carlos III el pasado 22 de mayo GTRES<\/figcaption><\/figure>\n\n\n\n<p class=\"has-vivid-red-color has-text-color has-medium-font-size\"><strong>MAR\u00cdA SIERRA \/ Londres \/ LOC<\/strong><\/p>\n\n\n\n<p>No habr\u00e1 visitas guiadas a Clarence House este verano. La residencia londinense de&nbsp;<a href=\"https:\/\/www.elmundo.es\/internacional\/carlos-iii-de-inglaterra.html\" target=\"_blank\" rel=\"noreferrer noopener\"><strong>Carlos III&nbsp;<\/strong><\/a>y la reina Camila permanecer\u00e1<strong>&nbsp;cerrada al turismo local e internacional<\/strong>&nbsp;este agosto debido a la falta de personal dispuesto a atender, guiar y servir al viajero interesado en la vida y las costumbres de la familia real brit\u00e1nica.<\/p>\n\n\n\n<p>La ca\u00edda de la mano de obra disponible para cubrir vacantes en bares, galer\u00edas, restaurantes y hoteles afecta a todo el sector servicios<strong>&nbsp;desde la implementaci\u00f3n del Brexit<\/strong>, particularmente en Londres. Y el impacto de los obst\u00e1culos introducidos por<strong>&nbsp;sucesivos gobiernos conservadores<\/strong>&nbsp;en la contrataci\u00f3n de profesionales y estudiantes comunitarios ha hecho mella ahora en el negocio veraniego de los&nbsp;<em>royals<\/em>.<\/p>\n\n\n\n<p>La Royal Collection Trust, el ente que gestiona los recorridos por las casas del rey y organiza exposiciones en palacios y mansiones reales,<strong>&nbsp;contrata unos 350 trabajadores adicionales&nbsp;<\/strong>durante la temporada veraniega pero este a\u00f1o no ha podido rellenar todos los huecos previstos.<\/p>\n\n\n\n<p>Las restricciones en la contrataci\u00f3n de nacionales de la Uni\u00f3n Europea -limitada a empleos&nbsp;<strong>con un sueldo m\u00ednimo de 42.000 euros&nbsp;<\/strong>desde el pasado abril- ha trastocado los planes del verano. El letrero de \u00abcerrado\u00bb cuelga ya<strong>&nbsp;en las casillas digitales de Clarence House<\/strong>&nbsp;y la muy popular Frogmore House, en los terrenos del castillo de Windsor.<\/p>\n\n\n\n<p>Carlos y Camilla se mudaron en 2003 a Clarence House, la casona de fachada blanca que se esconde tras los \u00e1rboles del paseo The Mall<strong>, a corta distancia del palacio de Buckingham<\/strong>. La abuela del rey, la reina madre Elizabeth, dej\u00f3 su huella decorativa&nbsp;<strong>en este inmueble del siglo XIX<\/strong>, construido por el arquitecto John Nash para el duque de Clarence, futuro Guillermo IV.<\/p>\n\n\n\n<p>Los inquilinos actuales veranean habitualmente en Escocia y permiten la entrada de turistas a su hogar urbano,&nbsp;<strong>en visitas guiadas de unos 45 minutos<\/strong>. El recorrido atraviesa cinco espacios de la planta baja y un coqueto jard\u00edn.<\/p>\n\n\n\n<p>Clarence House se cerr\u00f3 al p\u00fablico en 2009 para acometer obras de rehabilitaci\u00f3n y, tras el par\u00f3n forzado durante la pandemia, su reapertura estaba prevista para 2024.<\/p>\n\n\n\n<h2 class=\"wp-block-heading\">M\u00c1S CIERRES<\/h2>\n\n\n\n<p>Tambi\u00e9n Frogmore House quedar\u00e1 fuera del circuito mon\u00e1rquico este verano. Esta gran mansi\u00f3n y sus jardines del siglo XVIII se ubica\u00a0<strong>a corta distancia del hogar de los pr\u00edncipes de Gales<\/strong>, en la finca protegida de Windsor.\u00a0<a href=\"https:\/\/www.elmundo.es\/e\/ka\/kate-middleton.html\" target=\"_blank\" rel=\"noreferrer noopener\">Kate Middleton<\/a>\u00a0sigue un tratamiento de c\u00e1ncer y es probable que pase las vacaciones escolares de sus tres hijos con el pr\u00edncipe Guillermo en su refugio campestre de Norfolk.<\/p>\n\n\n\n<p>Sus cu\u00f1ados,<a href=\"https:\/\/www.elmundo.es\/loc\/famosos\/2024\/03\/30\/6602c16be4d4d87e158b45b2.html\" target=\"_blank\" rel=\"noreferrer noopener\">&nbsp;Harry y Meghan<\/a>, celebraron la fiesta de su boda en los decorados salones de Frogmore House, que<strong>&nbsp;Jorge III&nbsp;<\/strong>hizo construir para su mujer, la reina Carlota, en 1792.<\/p>\n\n\n\n<p>El duque de Sussex tuvo que renunciar a su base familiar en Inglaterra, Frogmore Cottage, que le cedi\u00f3 su abuela,\u00a0<strong>la difunta reina Isabel<\/strong>, meses despu\u00e9s de la accesi\u00f3n de Carlos al trono. Harry abre su pol\u00e9mica biograf\u00eda,\u00a0<em>Spare<\/em>,\u00a0<strong>con una torcida conservaci\u00f3n con su padre y su hermano<\/strong>, que transcurre, precisamente, en los jardines de la mansi\u00f3n de Frogmore.<\/p>\n\n\n\n<p>Fuente: <a href=\"https:\/\/www.elmundo.es\/loc\/famosos\/2024\/05\/28\/6655a6b0e9cf4af9778b45a5.html\">https:\/\/www.elmundo.es\/loc\/famosos\/2024\/05\/28\/6655a6b0e9cf4af9778b45a5.html<\/a><\/p>\n","protected":false},"excerpt":{"rendered":"<p>La ca\u00edda de la mano de obra disponible para cubrir vacantes en bares, galer\u00edas, restaurantes y hoteles ha afectado a [&hellip;]<\/p>\n","protected":false},"author":1,"featured_media":75398,"comment_status":"open","ping_status":"open","sticky":false,"template":"","format":"standard","meta":{"site-sidebar-layout":"default","site-content-layout":"","ast-site-content-layout":"default","site-content-style":"default","site-sidebar-style":"default","ast-global-header-display":"","ast-banner-title-visibility":"","ast-main-header-display":"","ast-hfb-above-header-display":"","ast-hfb-below-header-display":"","ast-hfb-mobile-header-display":"","site-post-title":"","ast-breadcrumbs-content":"","ast-featured-img":"","footer-sml-layout":"","theme-transparent-header-meta":"","adv-header-id-meta":"","stick-header-meta":"","header-above-stick-meta":"","header-main-stick-meta":"","header-below-stick-meta":"","astra-migrate-meta-layouts":"default","ast-page-background-enabled":"default","ast-page-background-meta":{"desktop":{"background-color":"var(--ast-global-color-4)","background-image":"","background-repeat":"repeat","background-position":"center center","background-size":"auto","background-attachment":"scroll","background-type":"","background-media":"","overlay-type":"","overlay-color":"","overlay-opacity":"","overlay-gradient":""},"tablet":{"background-color":"","background-image":"","background-repeat":"repeat","background-position":"center center","background-size":"auto","background-attachment":"scroll","background-type":"","background-media":"","overlay-type":"","overlay-color":"","overlay-opacity":"","overlay-gradient":""},"mobile":{"background-color":"","background-image":"","background-repeat":"repeat","background-position":"center center","background-size":"auto","background-attachment":"scroll","background-type":"","background-media":"","overlay-type":"","overlay-color":"","overlay-opacity":"","overlay-gradient":""}},"ast-content-background-meta":{"desktop":{"background-color":"var(--ast-global-color-5)","background-image":"","background-repeat":"repeat","background-position":"center center","background-size":"auto","background-attachment":"scroll","background-type":"","background-media":"","overlay-type":"","overlay-color":"","overlay-opacity":"","overlay-gradient":""},"tablet":{"background-color":"var(--ast-global-color-5)","background-image":"","background-repeat":"repeat","background-position":"center center","background-size":"auto","background-attachment":"scroll","background-type":"","background-media":"","overlay-type":"","overlay-color":"","overlay-opacity":"","overlay-gradient":""},"mobile":{"background-color":"var(--ast-global-color-5)","background-image":"","background-repeat":"repeat","background-position":"center center","background-size":"auto","background-attachment":"scroll","background-type":"","background-media":"","overlay-type":"","overlay-color":"","overlay-opacity":"","overlay-gradient":""}},"footnotes":""},"categories":[8],"tags":[15423,25519,25520,25518],"class_list":["post-75397","post","type-post","status-publish","format-standard","has-post-thumbnail","hentry","category-noticias","tag-carlos-iii-de-inglaterra","tag-clarence-house-cerrado-al-turismo","tag-frogmore-house-cerrado-al-turismo","tag-royal-collection-trust"],"_links":{"self":[{"href":"https:\/\/losperiodistas.com.mx\/portal\/wp-json\/wp\/v2\/posts\/75397","targetHints":{"allow":["GET"]}}],"collection":[{"href":"https:\/\/losperiodistas.com.mx\/portal\/wp-json\/wp\/v2\/posts"}],"about":[{"href":"https:\/\/losperiodistas.com.mx\/portal\/wp-json\/wp\/v2\/types\/post"}],"author":[{"embeddable":true,"href":"https:\/\/losperiodistas.com.mx\/portal\/wp-json\/wp\/v2\/users\/1"}],"replies":[{"embeddable":true,"href":"https:\/\/losperiodistas.com.mx\/portal\/wp-json\/wp\/v2\/comments?post=75397"}],"version-history":[{"count":1,"href":"https:\/\/losperiodistas.com.mx\/portal\/wp-json\/wp\/v2\/posts\/75397\/revisions"}],"predecessor-version":[{"id":75399,"href":"https:\/\/losperiodistas.com.mx\/portal\/wp-json\/wp\/v2\/posts\/75397\/revisions\/75399"}],"wp:featuredmedia":[{"embeddable":true,"href":"https:\/\/losperiodistas.com.mx\/portal\/wp-json\/wp\/v2\/media\/75398"}],"wp:attachment":[{"href":"https:\/\/losperiodistas.com.mx\/portal\/wp-json\/wp\/v2\/media?parent=75397"}],"wp:term":[{"taxonomy":"category","embeddable":true,"href":"https:\/\/losperiodistas.com.mx\/portal\/wp-json\/wp\/v2\/categories?post=75397"},{"taxonomy":"post_tag","embeddable":true,"href":"https:\/\/losperiodistas.com.mx\/portal\/wp-json\/wp\/v2\/tags?post=75397"}],"curies":[{"name":"wp","href":"https:\/\/api.w.org\/{rel}","templated":true}]}}