{"id":75388,"date":"2024-05-27T20:16:56","date_gmt":"2024-05-28T01:16:56","guid":{"rendered":"http:\/\/losperiodistas.com.mx\/portal\/?p=75388"},"modified":"2024-05-27T20:16:57","modified_gmt":"2024-05-28T01:16:57","slug":"sheinbaum-elogia-a-alejandra-del-moral-por-renunciar-al-pri","status":"publish","type":"post","link":"https:\/\/losperiodistas.com.mx\/portal\/sheinbaum-elogia-a-alejandra-del-moral-por-renunciar-al-pri\/","title":{"rendered":"Sheinbaum elogia a Alejandra del Moral por renunciar al PRI mientras M\u00e1ynez y G\u00e1lvez la critican | CNN"},"content":{"rendered":"\n<figure class=\"wp-block-image size-large\"><img fetchpriority=\"high\" decoding=\"async\" width=\"1024\" height=\"610\" src=\"https:\/\/losperiodistas.com.mx\/portal\/wp-content\/uploads\/2024\/05\/Captura-de-pantalla-2024-05-27-190809-1024x610.png\" alt=\"Alejandra del Moral con Claudia Sheinbaum\" class=\"wp-image-75391\" srcset=\"https:\/\/losperiodistas.com.mx\/portal\/wp-content\/uploads\/2024\/05\/Captura-de-pantalla-2024-05-27-190809-1024x610.png 1024w, https:\/\/losperiodistas.com.mx\/portal\/wp-content\/uploads\/2024\/05\/Captura-de-pantalla-2024-05-27-190809-300x179.png 300w, https:\/\/losperiodistas.com.mx\/portal\/wp-content\/uploads\/2024\/05\/Captura-de-pantalla-2024-05-27-190809-768x457.png 768w, https:\/\/losperiodistas.com.mx\/portal\/wp-content\/uploads\/2024\/05\/Captura-de-pantalla-2024-05-27-190809.png 1385w\" sizes=\"(max-width: 1024px) 100vw, 1024px\" \/><figcaption>Alejandra del Moral con Claudia Sheinbaum. (Cr\u00e9dito: Claudia Sheinbaum v\u00eda X)<\/figcaption><\/figure>\n\n\n\n<p class=\"has-vivid-red-color has-text-color\">Ivonne Vald\u00e9s \/ CNN<\/p>\n\n\n\n<p>La candidata presidencial oficialista, Claudia Sheinbaum, elogi\u00f3 a la exaspirante a gobernadora por el Estado de M\u00e9xico, Alejandra del Moral,\u00a0 por renunciar al Partido Revolucionario Institucional (PRI) y <em>\u201csumarse a nuestro proyecto\u201d<\/em>.<\/p>\n\n\n\n<p>En una carta al presidente del PRI, Alejandro Moreno, Del Moral afirm\u00f3 que decidi\u00f3 poner fin a su militancia en ese partido tras considerar que <em>\u00abse privilegian decisiones basadas en la sumisi\u00f3n al presidente (de ese partido), sin espacio para el debate o el ejercicio de criterios propios\u00bb<\/em>.<\/p>\n\n\n\n<p><strong>Sheinbaum <\/strong>destac\u00f3 que sostuvo un encuentro con Del Moral, en el cual <em>\u201c<strong>encontramos m\u00e1s coincidencias que diferencias<\/strong>\u201d<\/em> y le agradeci\u00f3 lo que calific\u00f3 como <em>\u201csu decisi\u00f3n de sumarse a nuestro proyecto en favor del pueblo de M\u00e9xico\u00bb<\/em>, seg\u00fan destac\u00f3 en su cuenta en la red social X (antes Twitter) en la que se publica una foto de ambas dirigentes.<\/p>\n\n\n\n<p>Durante una entrevista con Radio F\u00f3rmula, Del Moral confirm\u00f3 que se reuni\u00f3 con la candidata oficialista pero no detall\u00f3 de qu\u00e9 manera se unir\u00e1 a su proyecto.<\/p>\n\n\n\n<p><em>\u00abQuien hoy me da esa confianza y quien me permiti\u00f3 platicar e invitarme es la doctora (Sheinbaum)\u00bb, <\/em>destac\u00f3 Del Moral.<\/p>\n\n\n\n<p>En declaraciones a la presa, el l\u00edder del PRI afirm\u00f3 que la salida de Del Moral <em>\u201cno nos afecta en nada\u201d<\/em>, seg\u00fan consignan medios locales.<\/p>\n\n\n\n<p>El candidato de Movimiento Ciudadano, <strong>Jorge M\u00e1ynez<\/strong>, se\u00f1al\u00f3 que Del Moral demostr\u00f3 qui\u00e9nes son <em>\u00ablos verdaderos esquiroles. Apuntan con el dedo a otro lugar para ocultar lo evidente. Ah\u00ed est\u00e1 su \u2018voto \u00fatil\u2019 \u201d<\/em>, afirm\u00f3.<\/p>\n\n\n\n<p><strong>X\u00f3chitl G\u00e1lvez<\/strong>, candidata de la alianza del PRI y los partidos Acci\u00f3n Nacional (PAN) y de la Revoluci\u00f3n Democr\u00e1tica (PRD), afirm\u00f3 en declaraciones a la prensa que <em>\u00abac\u00e1 nos quedamos los que vamos a seguir luchando por un M\u00e9xico que le apueste a la democracia\u201d<\/em>.<\/p>\n\n\n\n<p>En 2023, Del Moral fue candidata a gobernadora del\u00a0Estado de M\u00e9xico representando a la alianza PRI, PAN, PRD.<\/p>\n\n\n\n<p>Fuente: <a href=\"https:\/\/cnnespanol.cnn.com\/2024\/05\/27\/elecciones-mexico-2024-noticias-ultima-hora-sheinbaum-galvez-maynez-orix-6\/\" target=\"_blank\" rel=\"noreferrer noopener\">CNN<\/a><\/p>\n","protected":false},"excerpt":{"rendered":"<p>Ivonne Vald\u00e9s \/ CNN La candidata presidencial oficialista, Claudia Sheinbaum, elogi\u00f3 a la exaspirante a gobernadora por el Estado de [&hellip;]<\/p>\n","protected":false},"author":1,"featured_media":75391,"comment_status":"open","ping_status":"open","sticky":false,"template":"","format":"standard","meta":{"site-sidebar-layout":"default","site-content-layout":"","ast-site-content-layout":"default","site-content-style":"default","site-sidebar-style":"default","ast-global-header-display":"","ast-banner-title-visibility":"","ast-main-header-display":"","ast-hfb-above-header-display":"","ast-hfb-below-header-display":"","ast-hfb-mobile-header-display":"","site-post-title":"","ast-breadcrumbs-content":"","ast-featured-img":"","footer-sml-layout":"","theme-transparent-header-meta":"","adv-header-id-meta":"","stick-header-meta":"","header-above-stick-meta":"","header-main-stick-meta":"","header-below-stick-meta":"","astra-migrate-meta-layouts":"default","ast-page-background-enabled":"default","ast-page-background-meta":{"desktop":{"background-color":"var(--ast-global-color-4)","background-image":"","background-repeat":"repeat","background-position":"center center","background-size":"auto","background-attachment":"scroll","background-type":"","background-media":"","overlay-type":"","overlay-color":"","overlay-opacity":"","overlay-gradient":""},"tablet":{"background-color":"","background-image":"","background-repeat":"repeat","background-position":"center center","background-size":"auto","background-attachment":"scroll","background-type":"","background-media":"","overlay-type":"","overlay-color":"","overlay-opacity":"","overlay-gradient":""},"mobile":{"background-color":"","background-image":"","background-repeat":"repeat","background-position":"center center","background-size":"auto","background-attachment":"scroll","background-type":"","background-media":"","overlay-type":"","overlay-color":"","overlay-opacity":"","overlay-gradient":""}},"ast-content-background-meta":{"desktop":{"background-color":"var(--ast-global-color-5)","background-image":"","background-repeat":"repeat","background-position":"center center","background-size":"auto","background-attachment":"scroll","background-type":"","background-media":"","overlay-type":"","overlay-color":"","overlay-opacity":"","overlay-gradient":""},"tablet":{"background-color":"var(--ast-global-color-5)","background-image":"","background-repeat":"repeat","background-position":"center center","background-size":"auto","background-attachment":"scroll","background-type":"","background-media":"","overlay-type":"","overlay-color":"","overlay-opacity":"","overlay-gradient":""},"mobile":{"background-color":"var(--ast-global-color-5)","background-image":"","background-repeat":"repeat","background-position":"center center","background-size":"auto","background-attachment":"scroll","background-type":"","background-media":"","overlay-type":"","overlay-color":"","overlay-opacity":"","overlay-gradient":""}},"footnotes":""},"categories":[8],"tags":[13330,1505,16875,247,1978],"class_list":["post-75388","post","type-post","status-publish","format-standard","has-post-thumbnail","hentry","category-noticias","tag-alejandra-del-moral","tag-claudia-sheinbaum","tag-edomex","tag-morena","tag-pri"],"_links":{"self":[{"href":"https:\/\/losperiodistas.com.mx\/portal\/wp-json\/wp\/v2\/posts\/75388","targetHints":{"allow":["GET"]}}],"collection":[{"href":"https:\/\/losperiodistas.com.mx\/portal\/wp-json\/wp\/v2\/posts"}],"about":[{"href":"https:\/\/losperiodistas.com.mx\/portal\/wp-json\/wp\/v2\/types\/post"}],"author":[{"embeddable":true,"href":"https:\/\/losperiodistas.com.mx\/portal\/wp-json\/wp\/v2\/users\/1"}],"replies":[{"embeddable":true,"href":"https:\/\/losperiodistas.com.mx\/portal\/wp-json\/wp\/v2\/comments?post=75388"}],"version-history":[{"count":1,"href":"https:\/\/losperiodistas.com.mx\/portal\/wp-json\/wp\/v2\/posts\/75388\/revisions"}],"predecessor-version":[{"id":75392,"href":"https:\/\/losperiodistas.com.mx\/portal\/wp-json\/wp\/v2\/posts\/75388\/revisions\/75392"}],"wp:featuredmedia":[{"embeddable":true,"href":"https:\/\/losperiodistas.com.mx\/portal\/wp-json\/wp\/v2\/media\/75391"}],"wp:attachment":[{"href":"https:\/\/losperiodistas.com.mx\/portal\/wp-json\/wp\/v2\/media?parent=75388"}],"wp:term":[{"taxonomy":"category","embeddable":true,"href":"https:\/\/losperiodistas.com.mx\/portal\/wp-json\/wp\/v2\/categories?post=75388"},{"taxonomy":"post_tag","embeddable":true,"href":"https:\/\/losperiodistas.com.mx\/portal\/wp-json\/wp\/v2\/tags?post=75388"}],"curies":[{"name":"wp","href":"https:\/\/api.w.org\/{rel}","templated":true}]}}