{"id":75385,"date":"2024-05-27T19:26:19","date_gmt":"2024-05-28T00:26:19","guid":{"rendered":"http:\/\/losperiodistas.com.mx\/portal\/?p=75385"},"modified":"2024-05-27T19:26:21","modified_gmt":"2024-05-28T00:26:21","slug":"voto-joven-en-puebla-4-de-cada-10-votantes-tiene-menos-de-34-anos-poblanerias","status":"publish","type":"post","link":"https:\/\/losperiodistas.com.mx\/portal\/voto-joven-en-puebla-4-de-cada-10-votantes-tiene-menos-de-34-anos-poblanerias\/","title":{"rendered":"Voto Joven en Puebla, 4 de cada 10 votantes tiene menos de 34 a\u00f1os | Poblaner\u00edas"},"content":{"rendered":"\n<p>De acuerdo a la lista nominal del INE, el voto joven jugar\u00e1 un papel muy importante en estas elecciones.<\/p>\n\n\n\n<figure class=\"wp-block-image size-full\"><img fetchpriority=\"high\" decoding=\"async\" width=\"1021\" height=\"580\" src=\"https:\/\/losperiodistas.com.mx\/portal\/wp-content\/uploads\/2024\/05\/voto_joven_puebla.jpg\" alt=\"Voto j\u00f3ven Puebla\" class=\"wp-image-75386\" srcset=\"https:\/\/losperiodistas.com.mx\/portal\/wp-content\/uploads\/2024\/05\/voto_joven_puebla.jpg 1021w, https:\/\/losperiodistas.com.mx\/portal\/wp-content\/uploads\/2024\/05\/voto_joven_puebla-300x170.jpg 300w, https:\/\/losperiodistas.com.mx\/portal\/wp-content\/uploads\/2024\/05\/voto_joven_puebla-768x436.jpg 768w\" sizes=\"(max-width: 1021px) 100vw, 1021px\" \/><figcaption>Foto: Es Imagen<\/figcaption><\/figure>\n\n\n\n<p class=\"has-vivid-red-color has-text-color\">Redacci\u00f3n \/ Poblaner\u00edas<\/p>\n\n\n\n<p>Este 2 de junio, Puebla vivir\u00e1 una jornada electoral hist\u00f3rica donde el voto joven ser\u00e1 el protagonista.<\/p>\n\n\n\n<p>Seg\u00fan datos del Instituto Nacional Electoral (INE), los poblanos de <strong>entre 18 y 34 a\u00f1os representan el 40.05% de la lista nominal en el estado<\/strong>, que asciende a casi 5 millones de personas. Esto significa que cerca de dos millones de j\u00f3venes est\u00e1n llamados a ejercer su derecho al voto, y muchos de ellos lo har\u00e1n por primera vez.<\/p>\n\n\n\n<h2 class=\"wp-block-heading\">Importancia del Voto Joven en Puebla<\/h2>\n\n\n\n<p>La actualizaci\u00f3n m\u00e1s reciente del INE revela que estas elecciones ser\u00e1n especialmente significativas para los j\u00f3venes en edad universitaria.<\/p>\n\n\n\n<p>De los 4 millones 978 mil 643 votantes registrados en Puebla, el grupo de <strong>18 a 34 a\u00f1os representa el 40.5%.&nbsp;<\/strong><\/p>\n\n\n\n<p>Este segmento se desglosa en un 1.49% (74 mil 62 j\u00f3venes) que tienen 18 a\u00f1os y votar\u00e1n por primera vez, y otro 2.26% (112 mil 762 personas) que tambi\u00e9n debutar\u00e1n en las urnas.<\/p>\n\n\n\n<p>Adem\u00e1s, el grupo de 20 a 24 a\u00f1os constituye el 12.62% de la lista nominal, es decir, 628 mil 510 j\u00f3venes, muchos de los cuales tambi\u00e9n emitir\u00e1n su primer voto.<\/p>\n\n\n\n<p>Si sumamos estos votos nuevos, llegamos a alrededor de 815,000 j\u00f3venes que votar\u00e1n por primera vez en estas elecciones.<\/p>\n\n\n\n<h2 class=\"wp-block-heading\">Participaci\u00f3n juvenil en la elecciones 2024<\/h2>\n\n\n\n<p>El inter\u00e9s de los j\u00f3venes por participar en la vida democr\u00e1tica de Puebla no termina aqu\u00ed. Los votantes de<strong> 25 a 29 a\u00f1os representan el 12.23% de la lista nomina<\/strong>l, con 608,877 personas, mientras que el grupo de 30 a 34 a\u00f1os aporta un 11.44% con 569,723 registros.<\/p>\n\n\n\n<p>Estos datos muestran la fuerza y el impacto que tendr\u00e1 el voto joven en la decisi\u00f3n del pr\u00f3ximo gobernador, presidentes municipales, diputados locales, y a nivel federal: presidente de la rep\u00fablica, senadores y diputados federales.<\/p>\n\n\n\n<p>La participaci\u00f3n juvenil podr\u00eda definir los resultados de estas elecciones y refleja el creciente inter\u00e9s de las nuevas generaciones por involucrarse en los procesos democr\u00e1ticos y tomar las riendas del futuro del estado y del pa\u00eds. Este 2 de junio, los j\u00f3venes de Puebla tienen la oportunidad de hacer o\u00edr su voz y marcar la diferencia.<\/p>\n\n\n\n<p>Fuente: <a href=\"https:\/\/www.poblanerias.com\/2024\/05\/fuerza-del-voto-joven-en-puebla\/\" target=\"_blank\" rel=\"noreferrer noopener\">Poblaner\u00edas<\/a><\/p>\n","protected":false},"excerpt":{"rendered":"<p>De acuerdo a la lista nominal del INE, el voto joven jugar\u00e1 un papel muy importante en estas elecciones.<\/p>\n","protected":false},"author":1,"featured_media":75386,"comment_status":"open","ping_status":"open","sticky":false,"template":"","format":"standard","meta":{"site-sidebar-layout":"default","site-content-layout":"","ast-site-content-layout":"default","site-content-style":"default","site-sidebar-style":"default","ast-global-header-display":"","ast-banner-title-visibility":"","ast-main-header-display":"","ast-hfb-above-header-display":"","ast-hfb-below-header-display":"","ast-hfb-mobile-header-display":"","site-post-title":"","ast-breadcrumbs-content":"","ast-featured-img":"","footer-sml-layout":"","theme-transparent-header-meta":"","adv-header-id-meta":"","stick-header-meta":"","header-above-stick-meta":"","header-main-stick-meta":"","header-below-stick-meta":"","astra-migrate-meta-layouts":"default","ast-page-background-enabled":"default","ast-page-background-meta":{"desktop":{"background-color":"var(--ast-global-color-4)","background-image":"","background-repeat":"repeat","background-position":"center center","background-size":"auto","background-attachment":"scroll","background-type":"","background-media":"","overlay-type":"","overlay-color":"","overlay-opacity":"","overlay-gradient":""},"tablet":{"background-color":"","background-image":"","background-repeat":"repeat","background-position":"center center","background-size":"auto","background-attachment":"scroll","background-type":"","background-media":"","overlay-type":"","overlay-color":"","overlay-opacity":"","overlay-gradient":""},"mobile":{"background-color":"","background-image":"","background-repeat":"repeat","background-position":"center center","background-size":"auto","background-attachment":"scroll","background-type":"","background-media":"","overlay-type":"","overlay-color":"","overlay-opacity":"","overlay-gradient":""}},"ast-content-background-meta":{"desktop":{"background-color":"var(--ast-global-color-5)","background-image":"","background-repeat":"repeat","background-position":"center center","background-size":"auto","background-attachment":"scroll","background-type":"","background-media":"","overlay-type":"","overlay-color":"","overlay-opacity":"","overlay-gradient":""},"tablet":{"background-color":"var(--ast-global-color-5)","background-image":"","background-repeat":"repeat","background-position":"center center","background-size":"auto","background-attachment":"scroll","background-type":"","background-media":"","overlay-type":"","overlay-color":"","overlay-opacity":"","overlay-gradient":""},"mobile":{"background-color":"var(--ast-global-color-5)","background-image":"","background-repeat":"repeat","background-position":"center center","background-size":"auto","background-attachment":"scroll","background-type":"","background-media":"","overlay-type":"","overlay-color":"","overlay-opacity":"","overlay-gradient":""}},"footnotes":""},"categories":[8],"tags":[5486,25511,25510,25512],"class_list":["post-75385","post","type-post","status-publish","format-standard","has-post-thumbnail","hentry","category-noticias","tag-elecciones-2024","tag-lista-nominal","tag-votaciones-en-puebla","tag-voto-joven-2"],"_links":{"self":[{"href":"https:\/\/losperiodistas.com.mx\/portal\/wp-json\/wp\/v2\/posts\/75385","targetHints":{"allow":["GET"]}}],"collection":[{"href":"https:\/\/losperiodistas.com.mx\/portal\/wp-json\/wp\/v2\/posts"}],"about":[{"href":"https:\/\/losperiodistas.com.mx\/portal\/wp-json\/wp\/v2\/types\/post"}],"author":[{"embeddable":true,"href":"https:\/\/losperiodistas.com.mx\/portal\/wp-json\/wp\/v2\/users\/1"}],"replies":[{"embeddable":true,"href":"https:\/\/losperiodistas.com.mx\/portal\/wp-json\/wp\/v2\/comments?post=75385"}],"version-history":[{"count":1,"href":"https:\/\/losperiodistas.com.mx\/portal\/wp-json\/wp\/v2\/posts\/75385\/revisions"}],"predecessor-version":[{"id":75387,"href":"https:\/\/losperiodistas.com.mx\/portal\/wp-json\/wp\/v2\/posts\/75385\/revisions\/75387"}],"wp:featuredmedia":[{"embeddable":true,"href":"https:\/\/losperiodistas.com.mx\/portal\/wp-json\/wp\/v2\/media\/75386"}],"wp:attachment":[{"href":"https:\/\/losperiodistas.com.mx\/portal\/wp-json\/wp\/v2\/media?parent=75385"}],"wp:term":[{"taxonomy":"category","embeddable":true,"href":"https:\/\/losperiodistas.com.mx\/portal\/wp-json\/wp\/v2\/categories?post=75385"},{"taxonomy":"post_tag","embeddable":true,"href":"https:\/\/losperiodistas.com.mx\/portal\/wp-json\/wp\/v2\/tags?post=75385"}],"curies":[{"name":"wp","href":"https:\/\/api.w.org\/{rel}","templated":true}]}}