{"id":75380,"date":"2024-05-27T17:16:46","date_gmt":"2024-05-27T22:16:46","guid":{"rendered":"http:\/\/losperiodistas.com.mx\/portal\/?p=75380"},"modified":"2024-05-27T17:16:47","modified_gmt":"2024-05-27T22:16:47","slug":"netanyahu-califica-muerte-de-civiles-en-rafah-como-tragico-accidente","status":"publish","type":"post","link":"https:\/\/losperiodistas.com.mx\/portal\/netanyahu-califica-muerte-de-civiles-en-rafah-como-tragico-accidente\/","title":{"rendered":"Netanyahu califica muerte de civiles en ataque en Rafah como \u00abtr\u00e1gico accidente\u00bb | El Universal"},"content":{"rendered":"\n<p>Al menos 45 personas perdieron la vida, en una operaci\u00f3n que la comunidad internacional conden\u00f3<\/p>\n\n\n\n<figure class=\"wp-block-image size-large\"><img fetchpriority=\"high\" decoding=\"async\" width=\"1024\" height=\"616\" src=\"https:\/\/losperiodistas.com.mx\/portal\/wp-content\/uploads\/2024\/05\/Captura-de-pantalla-2024-05-27-160934-1024x616.png\" alt=\"Manifestante en Gaza\" class=\"wp-image-75381\" srcset=\"https:\/\/losperiodistas.com.mx\/portal\/wp-content\/uploads\/2024\/05\/Captura-de-pantalla-2024-05-27-160934-1024x616.png 1024w, https:\/\/losperiodistas.com.mx\/portal\/wp-content\/uploads\/2024\/05\/Captura-de-pantalla-2024-05-27-160934-300x180.png 300w, https:\/\/losperiodistas.com.mx\/portal\/wp-content\/uploads\/2024\/05\/Captura-de-pantalla-2024-05-27-160934-768x462.png 768w, https:\/\/losperiodistas.com.mx\/portal\/wp-content\/uploads\/2024\/05\/Captura-de-pantalla-2024-05-27-160934.png 1364w\" sizes=\"(max-width: 1024px) 100vw, 1024px\" \/><figcaption>Un manifestante canta consignas mientras la polic\u00eda antidisturbios monta guardia durante una manifestaci\u00f3n en solidaridad con el pueblo palestino en Gaza y exigiendo a las autoridades egipcias que abran el paso fronterizo de Rafah entre Egipto y la Franja de Gaza, cerca de la embajada egipcia en Beirut. FOTO: BILAL HUSSEIN. AP<\/figcaption><\/figure>\n\n\n\n<p class=\"has-vivid-red-color has-text-color\">EFE \/ El Universal<\/p>\n\n\n\n<p>El primer ministro israel\u00ed, <strong>Benjamin Netanyahu<\/strong>, afirm\u00f3 este lunes que la muerte de civiles anoche en un <strong>ataque<\/strong> israel\u00ed en un campo de desplazados en <strong>Rafah<\/strong>, en el extremo sur de la Franja de Gaza, es un \u00ab<strong>tr\u00e1gico accidente<\/strong>\u00ab.<\/p>\n\n\n\n<p>\u00abEstamos investigando el caso, esa es nuestra pol\u00edtica. Para nosotros, cada da\u00f1o a civiles no involucrados es <strong>una tragedia<\/strong>\u00ab, indic\u00f3 Netanyahu en una audiencia en la Knesset (Parlamento israel\u00ed) con familias de rehenes sobre la guerra en la Franja, que suma m\u00e1s de 36 mil muertos, m\u00e1s del 70% civiles.<\/p>\n\n\n\n<p>Al menos 45 personas fallecieron esta noche como consecuencia de un ataque israel\u00ed en una supuesta \u00abzona segura\u00bb en el barrio de Tal al Sultan, en el noroeste de Rafah, donde hab\u00eda cientos de personas desplazadas en un campamento improvisado que Israel a\u00fan no hab\u00eda ordenado evacuar.<\/p>\n\n\n\n<p>El Ej\u00e9rcito indic\u00f3 que se trat\u00f3 de una \u00aboperaci\u00f3n precisa basada en inteligencia\u00bb dirigida a eliminar a <strong>dos altos mandos<\/strong> de Hamas que se encontraban en un edificio en la zona; aunque admiten que luego se gener\u00f3 un incendio que provoc\u00f3 un alto n\u00famero de v\u00edctimas mortales.<\/p>\n\n\n\n<p>El Fiscal General Militar, el mayor general Yifat Tomer Yerushalmi, orden\u00f3 abrir pesquisas sobre este bombardeo al Mecanismo de Investigaci\u00f3n y Evaluaci\u00f3n del Estado Mayor, una entidad semindependiente formada por exmilitares que ya investig\u00f3 hace un mes el ataque de Israel a un convoy humanitario de la ONG World Central Kitchen, en el que murieron siete de sus empleados, seis de ellos extranjeros.<\/p>\n\n\n\n<p>\u00abAntes del ataque, se tomaron una serie de medidas para <strong>reducir el riesgo <\/strong>de da\u00f1ar a civiles no involucrados, incluida vigilancia a\u00e9rea, el despliegue de municiones precisas e informaci\u00f3n de inteligencia adicional. Sobre la base de estas medidas se evalu\u00f3 que no se esperaba ning\u00fan da\u00f1o a los civiles\u00bb, indic\u00f3 el Ej\u00e9rcito sobre el ataque anoche en Rafah.<\/p>\n\n\n\n<p>Netanyahu particip\u00f3 en una sesi\u00f3n extraordinaria en la Knesset a petici\u00f3n de 40 diputados, que obliga al primer ministro a asistir a sede parlamentaria, donde tambi\u00e9n acudieron hoy familiares de los rehenes, que reclaman un acuerdo inmediato para liberar a todos los rehenes y teme que casos como el ataque en Rafah dificulten las negociaciones.<\/p>\n\n\n\n<p>\u00abDesde diciembre y hasta ahora, he recibido cinco solicitudes del equipo negociador para ampliar su mandato y aprob\u00e9 todas y cada una de ellas\u00bb, explic\u00f3 Netanyahu a las familias.<\/p>\n\n\n\n<p>La oficina del primer ministro anunci\u00f3 la semana pasada que autoriz\u00f3 al equipo negociador a retomar las negociaciones en El Cairo y se espera que as\u00ed suceda ma\u00f1ana, aunque el liderazgo de Hamas insiste en que no hay acuerdo posible mientras Israel no acceda al fin de la guerra, a lo que Netanyahu se opone.<\/p>\n\n\n\n<p>\u00ab(Yahya) Sinwar -l\u00edder de Hamas en Gaza y cerebro de los ataques del 7 de octubre- es el \u00fanico obst\u00e1culo\u00bb, asever\u00f3 el primer ministro.<\/p>\n\n\n\n<h2 class=\"wp-block-heading\">Estados Unidos llama a Israel a \u00abproteger a los civiles\u00bb<\/h2>\n\n\n\n<p>La Casa Blanca se declar\u00f3 \u00ab<strong>impactada\u00bb<\/strong> este lunes por las im\u00e1genes del bombardeo israel\u00ed en Rafah donde murieron \u00abpalestinos inocentes\u00bb, y pidi\u00f3 a Israel \u00abtomar todas las precauciones para proteger a los civiles\u00bb.<\/p>\n\n\n\n<p>\u00abHemos dejado claro que Israel debe tomar todas las precauciones posibles para <strong>proteger a los civiles<\/strong>\u00ab, dijo un portavoz del Consejo de Seguridad, pese a reconocer que \u00abIsrael tiene derecho a atacar a Hamas, y entendemos que en el bombardeo murieron dos terroristas de alto rango\u00bb.<\/p>\n\n\n\n<p>Estados Unidos, junto al Ej\u00e9rcito israel\u00ed y sus otros socios en la regi\u00f3n, est\u00e1 comprometido en establecer qu\u00e9 ocurri\u00f3, a\u00f1adi\u00f3 el funcionario.<\/p>\n\n\n\n<p>\u00abLas im\u00e1genes devastadoras del bombardeo de anoche en Rafah, en el que murieron decenas de palestinos inocentes, rompen el coraz\u00f3n\u00bb, afirm\u00f3 el funcionario. <em>Con informaci\u00f3n de AFP<\/em>.<\/p>\n\n\n\n<p>Fuente: <a href=\"https:\/\/www.eluniversal.com.mx\/mundo\/netanyahu-califica-muerte-de-civiles-en-ataque-en-rafah-como-tragico-accidente\/\" target=\"_blank\" rel=\"noreferrer noopener\">El Universal<\/a><\/p>\n","protected":false},"excerpt":{"rendered":"<p>Al menos 45 personas perdieron la vida, en una operaci\u00f3n que la comunidad internacional conden\u00f3<\/p>\n","protected":false},"author":1,"featured_media":75381,"comment_status":"open","ping_status":"open","sticky":false,"template":"","format":"standard","meta":{"site-sidebar-layout":"default","site-content-layout":"","ast-site-content-layout":"default","site-content-style":"default","site-sidebar-style":"default","ast-global-header-display":"","ast-banner-title-visibility":"","ast-main-header-display":"","ast-hfb-above-header-display":"","ast-hfb-below-header-display":"","ast-hfb-mobile-header-display":"","site-post-title":"","ast-breadcrumbs-content":"","ast-featured-img":"","footer-sml-layout":"","theme-transparent-header-meta":"","adv-header-id-meta":"","stick-header-meta":"","header-above-stick-meta":"","header-main-stick-meta":"","header-below-stick-meta":"","astra-migrate-meta-layouts":"default","ast-page-background-enabled":"default","ast-page-background-meta":{"desktop":{"background-color":"var(--ast-global-color-4)","background-image":"","background-repeat":"repeat","background-position":"center center","background-size":"auto","background-attachment":"scroll","background-type":"","background-media":"","overlay-type":"","overlay-color":"","overlay-opacity":"","overlay-gradient":""},"tablet":{"background-color":"","background-image":"","background-repeat":"repeat","background-position":"center center","background-size":"auto","background-attachment":"scroll","background-type":"","background-media":"","overlay-type":"","overlay-color":"","overlay-opacity":"","overlay-gradient":""},"mobile":{"background-color":"","background-image":"","background-repeat":"repeat","background-position":"center center","background-size":"auto","background-attachment":"scroll","background-type":"","background-media":"","overlay-type":"","overlay-color":"","overlay-opacity":"","overlay-gradient":""}},"ast-content-background-meta":{"desktop":{"background-color":"var(--ast-global-color-5)","background-image":"","background-repeat":"repeat","background-position":"center center","background-size":"auto","background-attachment":"scroll","background-type":"","background-media":"","overlay-type":"","overlay-color":"","overlay-opacity":"","overlay-gradient":""},"tablet":{"background-color":"var(--ast-global-color-5)","background-image":"","background-repeat":"repeat","background-position":"center center","background-size":"auto","background-attachment":"scroll","background-type":"","background-media":"","overlay-type":"","overlay-color":"","overlay-opacity":"","overlay-gradient":""},"mobile":{"background-color":"var(--ast-global-color-5)","background-image":"","background-repeat":"repeat","background-position":"center center","background-size":"auto","background-attachment":"scroll","background-type":"","background-media":"","overlay-type":"","overlay-color":"","overlay-opacity":"","overlay-gradient":""}},"footnotes":""},"categories":[8],"tags":[7090,1488,25508,19659,25507],"class_list":["post-75380","post","type-post","status-publish","format-standard","has-post-thumbnail","hentry","category-noticias","tag-egipto","tag-franja-de-gaza","tag-muerte-de-civiles","tag-netanyahu","tag-rafah"],"_links":{"self":[{"href":"https:\/\/losperiodistas.com.mx\/portal\/wp-json\/wp\/v2\/posts\/75380","targetHints":{"allow":["GET"]}}],"collection":[{"href":"https:\/\/losperiodistas.com.mx\/portal\/wp-json\/wp\/v2\/posts"}],"about":[{"href":"https:\/\/losperiodistas.com.mx\/portal\/wp-json\/wp\/v2\/types\/post"}],"author":[{"embeddable":true,"href":"https:\/\/losperiodistas.com.mx\/portal\/wp-json\/wp\/v2\/users\/1"}],"replies":[{"embeddable":true,"href":"https:\/\/losperiodistas.com.mx\/portal\/wp-json\/wp\/v2\/comments?post=75380"}],"version-history":[{"count":1,"href":"https:\/\/losperiodistas.com.mx\/portal\/wp-json\/wp\/v2\/posts\/75380\/revisions"}],"predecessor-version":[{"id":75382,"href":"https:\/\/losperiodistas.com.mx\/portal\/wp-json\/wp\/v2\/posts\/75380\/revisions\/75382"}],"wp:featuredmedia":[{"embeddable":true,"href":"https:\/\/losperiodistas.com.mx\/portal\/wp-json\/wp\/v2\/media\/75381"}],"wp:attachment":[{"href":"https:\/\/losperiodistas.com.mx\/portal\/wp-json\/wp\/v2\/media?parent=75380"}],"wp:term":[{"taxonomy":"category","embeddable":true,"href":"https:\/\/losperiodistas.com.mx\/portal\/wp-json\/wp\/v2\/categories?post=75380"},{"taxonomy":"post_tag","embeddable":true,"href":"https:\/\/losperiodistas.com.mx\/portal\/wp-json\/wp\/v2\/tags?post=75380"}],"curies":[{"name":"wp","href":"https:\/\/api.w.org\/{rel}","templated":true}]}}