{"id":75372,"date":"2024-05-27T16:01:28","date_gmt":"2024-05-27T21:01:28","guid":{"rendered":"http:\/\/losperiodistas.com.mx\/portal\/?p=75372"},"modified":"2024-05-27T16:34:45","modified_gmt":"2024-05-27T21:34:45","slug":"pepe-chedraui-denuncia-ataque-con-bombas-molotov-en-sus-oficinas","status":"publish","type":"post","link":"https:\/\/losperiodistas.com.mx\/portal\/pepe-chedraui-denuncia-ataque-con-bombas-molotov-en-sus-oficinas\/","title":{"rendered":"Pepe Chedraui denuncia ataque con bombas molotov en sus oficinas; responsabiliza al candidato Mario Riestra | Infobae"},"content":{"rendered":"\n<p>Los hechos ocurrieron en la zona de Las \u00c1nimas, seg\u00fan los primeros reportes<\/p>\n\n\n\n<figure class=\"wp-block-image size-large\"><img fetchpriority=\"high\" decoding=\"async\" width=\"1024\" height=\"576\" src=\"https:\/\/losperiodistas.com.mx\/portal\/wp-content\/uploads\/2024\/05\/Pepe-Chedraui-1024x576.png\" alt=\"Pepe Chedraui\" class=\"wp-image-75373\" srcset=\"https:\/\/losperiodistas.com.mx\/portal\/wp-content\/uploads\/2024\/05\/Pepe-Chedraui-1024x576.png 1024w, https:\/\/losperiodistas.com.mx\/portal\/wp-content\/uploads\/2024\/05\/Pepe-Chedraui-300x169.png 300w, https:\/\/losperiodistas.com.mx\/portal\/wp-content\/uploads\/2024\/05\/Pepe-Chedraui-768x432.png 768w, https:\/\/losperiodistas.com.mx\/portal\/wp-content\/uploads\/2024\/05\/Pepe-Chedraui.png 1353w\" sizes=\"(max-width: 1024px) 100vw, 1024px\" \/><figcaption>(Foto: Facebook @Pepe Chedraui)<\/figcaption><\/figure>\n\n\n\n<p class=\"has-vivid-red-color has-text-color\">Baruc Mayen \/ Infobae<\/p>\n\n\n\n<p>En una entrevista con el medio local <em>Cinco Radio<\/em>, el candidato a la alcald\u00eda de Puebla,<strong> Jos\u00e9 \u2018Pepe\u2019 Chedraui Budib<\/strong>, dijo que una de las oficinas de su equipo habr\u00eda sido atacada con explosivos caseros la noche del 26 de mayo.<\/p>\n\n\n\n<p>\u201cFuimos v\u00edctimas, vamos a llamarlo as\u00ed, <strong>nos lanzaron unas bombas molotov<\/strong> ah\u00ed a la oficina. No ten\u00eda absolutamente nada, traen mal la br\u00fajula por lo pronto, pero mal porque lo que quieren hacer es violentar esta elecci\u00f3n\u201d, mencion\u00f3 el abanderado del Movimiento de Regeneraci\u00f3n Nacional (<strong>Morena<\/strong>).<\/p>\n\n\n\n<p>\u201cExijo a la Polic\u00eda Municipal estar atenta a lo que est\u00e1 pasando para que la gente pueda salir en paz a votar\u201d, agreg\u00f3 el aspirante del oficialismo durante su conversaci\u00f3n en el programa <em>Buenos D\u00edas<\/em>.<\/p>\n\n\n\n<p>Al dar a conocer los hechos, Chedraui Budib se\u00f1al\u00f3 a <strong>Mario Riestra Pi\u00f1a<\/strong>, quien es candidato al mismo puesto por el Partido Acci\u00f3n Nacional (PAN), y a su equipo de campa\u00f1a como los posibles involucrados, aunque no ofreci\u00f3 informaci\u00f3n adicional al respecto.<\/p>\n\n\n\n<p>La informaci\u00f3n disponible hasta la ma\u00f1ana del 27 de mayo sugiere que<strong> ninguna persona habr\u00eda resultado lesionada<\/strong> por el ataque en el que, supuestamente, se habr\u00edan utilizado explosivos caseros confeccionados con gasolina.<\/p>\n\n\n\n<figure class=\"wp-block-image size-large\"><img decoding=\"async\" width=\"1024\" height=\"575\" src=\"https:\/\/losperiodistas.com.mx\/portal\/wp-content\/uploads\/2024\/05\/Captura-de-pantalla-2024-05-27-145656-1024x575.png\" alt=\"\" class=\"wp-image-75374\" srcset=\"https:\/\/losperiodistas.com.mx\/portal\/wp-content\/uploads\/2024\/05\/Captura-de-pantalla-2024-05-27-145656-1024x575.png 1024w, https:\/\/losperiodistas.com.mx\/portal\/wp-content\/uploads\/2024\/05\/Captura-de-pantalla-2024-05-27-145656-300x168.png 300w, https:\/\/losperiodistas.com.mx\/portal\/wp-content\/uploads\/2024\/05\/Captura-de-pantalla-2024-05-27-145656-768x431.png 768w, https:\/\/losperiodistas.com.mx\/portal\/wp-content\/uploads\/2024\/05\/Captura-de-pantalla-2024-05-27-145656.png 1352w\" sizes=\"(max-width: 1024px) 100vw, 1024px\" \/><figcaption>Chedraui Budib busca convertirse en alcalde de la capital poblana. (X\/@pepechedrauimx)<\/figcaption><\/figure>\n\n\n\n<p>\u201cEsto s\u00ed no es un montaje, <strong>hay evidencia<\/strong>, fue la Polic\u00eda Municipal que despu\u00e9s de varios minutos arrib\u00f3. Estaremos levantando la denuncia correcta para poder saber, y hacer las <strong>investigaciones adecuadas<\/strong>\u201d, expuso el candidato en otra entrevista para <em>Oro Noticias<\/em>.<\/p>\n\n\n\n<p>Este medio comparti\u00f3 una grabaci\u00f3n, captadas por c\u00e1maras de vigilancia, en la que se muestra el momento exacto en que las bombas detonaron en el inmueble que era utilizado como casa de campa\u00f1a.<\/p>\n\n\n\n<p>Acorde con dichas im\u00e1genes, en el atentado habr\u00edan participado <strong>al menos dos personas<\/strong> que vest\u00edan ropa negra. Segundos despu\u00e9s de que ocurri\u00f3 el estallido, ambas se alejaron del lugar a pie por una avenida contigua, mientras una tercera persona \u2014de identidad desconocida\u2014 se qued\u00f3 a pocos metros del sitio.<\/p>\n\n\n\n<p>Seg\u00fan el testimonio del candidato morenista, esta agresi\u00f3n motiv\u00f3 que su equipo de campa\u00f1a sostuviera una reuni\u00f3n de seguridad durante la ma\u00f1ana del d\u00eda 27. Adem\u00e1s, dijo que se presentar\u00eda la denuncia correspondiente ante la Fiscal\u00eda General del Estado (<strong>FGE<\/strong>) para que sea esta corporaci\u00f3n la que encabece las indagatorias que permitan esclarecer los hechos.<\/p>\n\n\n\n<p>Durante el actual proceso en la capital de Puebla ya se hab\u00edan reportado incidentes de violencia. El 21 de abril, Mario Riestra comparti\u00f3 en sus redes sociales una denuncia luego de que, en pleno evento de campa\u00f1a, fuera supuestamente amenazado de muerte.<\/p>\n\n\n\n<p>Un sujeto se acerc\u00f3 a m\u00ed aparentemente para tomarse una foto, me jal\u00f3 del cuello y ya estando muy cerca de m\u00ed me repiti\u00f3 en dos ocasiones: \u2018<strong>Tu cabeza vale 15 mil pesos\u2019<\/strong>\u201d, dijo el panista. El presunto agresor, Alejandro \u201cM\u201d, acudi\u00f3 por cuenta propia a la Fiscal\u00eda para desmentir dicha versi\u00f3n y para acusar al equipo del candidato de haberle robado varias de sus pertenencias.<\/p>\n\n\n\n<p>Fuente: <a href=\"https:\/\/www.infobae.com\/mexico\/2024\/05\/27\/pepe-chedraui-denuncia-ataque-con-bombas-molotov-en-sus-oficinas-responsabiliza-al-candidato-mario-riestra\/\" target=\"_blank\" rel=\"noreferrer noopener\">Infobae<\/a><\/p>\n","protected":false},"excerpt":{"rendered":"<p>Los hechos ocurrieron en la zona de Las \u00c1nimas, seg\u00fan los primeros reportes<\/p>\n","protected":false},"author":1,"featured_media":75373,"comment_status":"open","ping_status":"open","sticky":false,"template":"","format":"standard","meta":{"site-sidebar-layout":"default","site-content-layout":"","ast-site-content-layout":"default","site-content-style":"default","site-sidebar-style":"default","ast-global-header-display":"","ast-banner-title-visibility":"","ast-main-header-display":"","ast-hfb-above-header-display":"","ast-hfb-below-header-display":"","ast-hfb-mobile-header-display":"","site-post-title":"","ast-breadcrumbs-content":"","ast-featured-img":"","footer-sml-layout":"","theme-transparent-header-meta":"","adv-header-id-meta":"","stick-header-meta":"","header-above-stick-meta":"","header-main-stick-meta":"","header-below-stick-meta":"","astra-migrate-meta-layouts":"default","ast-page-background-enabled":"default","ast-page-background-meta":{"desktop":{"background-color":"var(--ast-global-color-4)","background-image":"","background-repeat":"repeat","background-position":"center center","background-size":"auto","background-attachment":"scroll","background-type":"","background-media":"","overlay-type":"","overlay-color":"","overlay-opacity":"","overlay-gradient":""},"tablet":{"background-color":"","background-image":"","background-repeat":"repeat","background-position":"center center","background-size":"auto","background-attachment":"scroll","background-type":"","background-media":"","overlay-type":"","overlay-color":"","overlay-opacity":"","overlay-gradient":""},"mobile":{"background-color":"","background-image":"","background-repeat":"repeat","background-position":"center center","background-size":"auto","background-attachment":"scroll","background-type":"","background-media":"","overlay-type":"","overlay-color":"","overlay-opacity":"","overlay-gradient":""}},"ast-content-background-meta":{"desktop":{"background-color":"var(--ast-global-color-5)","background-image":"","background-repeat":"repeat","background-position":"center center","background-size":"auto","background-attachment":"scroll","background-type":"","background-media":"","overlay-type":"","overlay-color":"","overlay-opacity":"","overlay-gradient":""},"tablet":{"background-color":"var(--ast-global-color-5)","background-image":"","background-repeat":"repeat","background-position":"center center","background-size":"auto","background-attachment":"scroll","background-type":"","background-media":"","overlay-type":"","overlay-color":"","overlay-opacity":"","overlay-gradient":""},"mobile":{"background-color":"var(--ast-global-color-5)","background-image":"","background-repeat":"repeat","background-position":"center center","background-size":"auto","background-attachment":"scroll","background-type":"","background-media":"","overlay-type":"","overlay-color":"","overlay-opacity":"","overlay-gradient":""}},"footnotes":""},"categories":[8],"tags":[25506,4881,14193,25505],"class_list":["post-75372","post","type-post","status-publish","format-standard","has-post-thumbnail","hentry","category-noticias","tag-ataque-a-oficinas","tag-mario-riestra","tag-pepe-chedraui","tag-presidencia-municipal"],"_links":{"self":[{"href":"https:\/\/losperiodistas.com.mx\/portal\/wp-json\/wp\/v2\/posts\/75372","targetHints":{"allow":["GET"]}}],"collection":[{"href":"https:\/\/losperiodistas.com.mx\/portal\/wp-json\/wp\/v2\/posts"}],"about":[{"href":"https:\/\/losperiodistas.com.mx\/portal\/wp-json\/wp\/v2\/types\/post"}],"author":[{"embeddable":true,"href":"https:\/\/losperiodistas.com.mx\/portal\/wp-json\/wp\/v2\/users\/1"}],"replies":[{"embeddable":true,"href":"https:\/\/losperiodistas.com.mx\/portal\/wp-json\/wp\/v2\/comments?post=75372"}],"version-history":[{"count":2,"href":"https:\/\/losperiodistas.com.mx\/portal\/wp-json\/wp\/v2\/posts\/75372\/revisions"}],"predecessor-version":[{"id":75379,"href":"https:\/\/losperiodistas.com.mx\/portal\/wp-json\/wp\/v2\/posts\/75372\/revisions\/75379"}],"wp:featuredmedia":[{"embeddable":true,"href":"https:\/\/losperiodistas.com.mx\/portal\/wp-json\/wp\/v2\/media\/75373"}],"wp:attachment":[{"href":"https:\/\/losperiodistas.com.mx\/portal\/wp-json\/wp\/v2\/media?parent=75372"}],"wp:term":[{"taxonomy":"category","embeddable":true,"href":"https:\/\/losperiodistas.com.mx\/portal\/wp-json\/wp\/v2\/categories?post=75372"},{"taxonomy":"post_tag","embeddable":true,"href":"https:\/\/losperiodistas.com.mx\/portal\/wp-json\/wp\/v2\/tags?post=75372"}],"curies":[{"name":"wp","href":"https:\/\/api.w.org\/{rel}","templated":true}]}}