{"id":75368,"date":"2024-05-27T13:53:43","date_gmt":"2024-05-27T18:53:43","guid":{"rendered":"https:\/\/losperiodistas.com.mx\/portal\/?p=75368"},"modified":"2024-05-27T13:53:45","modified_gmt":"2024-05-27T18:53:45","slug":"ayaan-hirsi-ali-no-saben-que-el-feminismo-es-producto-del-cristianismo-abc-cultural","status":"publish","type":"post","link":"https:\/\/losperiodistas.com.mx\/portal\/ayaan-hirsi-ali-no-saben-que-el-feminismo-es-producto-del-cristianismo-abc-cultural\/","title":{"rendered":"Ayaan Hirsi Ali: \u00abNo saben que el feminismo es producto del Cristianismo\u00bb | ABC Cultural"},"content":{"rendered":"\n<p><\/p>\n\n\n\n<h2 class=\"has-medium-font-size wp-block-heading\">La revista &#8216;Time&#8217; la nombr\u00f3 en 2005 una de las 100 personas m\u00e1s influyentes en el mundo. La escritora e intelectual alza la voz para expresar sin miedo sus ideas y valores<\/h2>\n\n\n\n<figure class=\"wp-block-image size-large\"><img fetchpriority=\"high\" decoding=\"async\" width=\"1024\" height=\"750\" src=\"https:\/\/losperiodistas.com.mx\/portal\/wp-content\/uploads\/2024\/05\/Captura-de-Pantalla-2024-05-27-a-las-12.48.11-1024x750.jpg\" alt=\"\" class=\"wp-image-75369\" srcset=\"https:\/\/losperiodistas.com.mx\/portal\/wp-content\/uploads\/2024\/05\/Captura-de-Pantalla-2024-05-27-a-las-12.48.11-1024x750.jpg 1024w, https:\/\/losperiodistas.com.mx\/portal\/wp-content\/uploads\/2024\/05\/Captura-de-Pantalla-2024-05-27-a-las-12.48.11-300x220.jpg 300w, https:\/\/losperiodistas.com.mx\/portal\/wp-content\/uploads\/2024\/05\/Captura-de-Pantalla-2024-05-27-a-las-12.48.11-768x563.jpg 768w, https:\/\/losperiodistas.com.mx\/portal\/wp-content\/uploads\/2024\/05\/Captura-de-Pantalla-2024-05-27-a-las-12.48.11.jpg 1520w\" sizes=\"(max-width: 1024px) 100vw, 1024px\" \/><figcaption>Ayaan Hirsi Ali (Mogadiscio, Somalia,1969)<\/figcaption><\/figure>\n\n\n\n<p>DAVID ALANDETE \/ ABC CULTURAL<\/p>\n\n\n\n<p><strong>Peligrosa. Traidora. Cobarde. No hay insulto que no le hayan dedicado sus cr\u00edticos<\/strong>&nbsp;a Ayaan Hirsi Ali por su decisi\u00f3n de alzar la voz para expresar sin miedo sus ideas y valores. Que una mujer musulmana, negra, somal\u00ed y refugiada rompiera todos los moldes y patrones de lo que la polic\u00eda del pensamiento y la correcci\u00f3n pol\u00edtica esperaban de ella provoc\u00f3 un alto grado de confusi\u00f3n entre intelectuales de todo el mundo. Sus cr\u00edticas al&nbsp;<a href=\"https:\/\/www.abc.es\/internacional\/llega-alemania-policia-sharia-estudiantil-varios-ninos-20240423111121-nt.html\">Islam<\/a>&nbsp;y sus defensores emanaban de la propia experiencia. Pasar por un largo periodo de ate\u00edsmo y una crisis moral&nbsp;<strong>la han hecho abrazar el Cristianismo no solo como una fe, sino como todo un sistema intelectual y \u00e9tico<\/strong>. Nacida en Mogadiscio en 1969, padeci\u00f3 mutilaci\u00f3n genital y un matrimonio forzado con violencia. Fue refugiada en Pa\u00edses Bajos y se exili\u00f3 en Estados Unidos tras recibir amenazas por sus primeros libros, en los que condenaba el Islam y el multiculturalismo. Su proyecto actual es un bolet\u00edn llamado &#8216;Restoration&#8217;<\/p>\n\n\n\n<p><strong>\u2014Desde la \u00faltima vez que hablamos, ha pasado usted de declararse atea a proclamarse cristiana. \u00bfA qu\u00e9 atribuye este cambio?<\/strong><\/p>\n\n\n\n<p>\u2014Abrac\u00e9 el Cristianismo de una manera muy subjetiva y personal. Pas\u00e9 por un per\u00edodo en mi vida de depresi\u00f3n, ansiedades y dudas sobre m\u00ed misma, y tal vez lo que algunas personas podr\u00edan llamar una crisis, una crisis mental, una crisis de vida. No s\u00e9, ll\u00e1melo crisis de la mediana edad si quiere. No me importa c\u00f3mo se llame. Con el tiempo, y habiendo hablado con varios m\u00e9dicos, uno de ellos se\u00f1al\u00f3 que lo que estaba experimentando era una crisis espiritual, una quiebra espiritual, de hecho. Y eso fue lo que me orient\u00f3 a buscar respuestas en la fe. Teniendo en cuenta no solo mi propio caos personal, sino mirando a mi alrededor en la sociedad y tambi\u00e9n observando estas fuerzas que vienen desde afuera, comenc\u00e9 a leer y reconsiderar las ra\u00edces de nuestros problemas. Creo que est\u00e1 bien ser cr\u00edtico con la religi\u00f3n organizada. Pero lo que hicimos en la civilizaci\u00f3n occidental es que abandonamos las ra\u00edces sobre las cuales esta civilizaci\u00f3n est\u00e1 construida. Esos son &#8216;los&#8217; valores cristianos.<\/p>\n\n\n\n<p><strong>\u2014Usted entonces piensa que eso genera un vac\u00edo\u2026<\/strong><\/p>\n\n\n\n<p>\u2014Le dar\u00e9 un ejemplo muy claro para sus lectores. El trabajo misionero que est\u00e1n haciendo las organizaciones musulmanas se llama &#8216;dawa&#8217;. Gracias a \u00e9l hay gran n\u00famero de individuos que se est\u00e1n convirtiendo al Islam, incluidas mujeres, hispanos, afroamericanos, progresistas y sorprendentemente, incluso algunos jud\u00edos. Pienso, \u00bfqu\u00e9 es lo que estas personas ven en el Islam? Y llego a la conclusi\u00f3n de que es porque no tienen una religi\u00f3n propia. La han descartado. Todas las grandes conversaciones que hemos tenido como civilizaci\u00f3n, ya sea sobre los derechos humanos, o sobre la doctrina de la guerra justa, o sobre la equidad y la igualdad, todos estos debates y discusiones se dieron dentro del Cristianismo y entre cristianos, y eso es realmente lo que llev\u00f3 a la Ilustraci\u00f3n.<\/p>\n\n\n\n<p>\u00abEl feminismo es un producto del Cristianismo. Sale de las conversaciones entre cristianos sobre qu\u00e9 es equidad\u00bb<\/p>\n\n\n\n<p><strong>\u2014Usted se declara o, al menos, se declaraba feminista. Hay feministas, gays, lesbianas, activistas que est\u00e1n en desacuerdo, afirman que el Cristianismo les puede ser hostil.<\/strong><\/p>\n\n\n\n<p>\u2014De hecho puede que no lo sepan, pero el feminismo es un producto del Cristianismo. Sale de las conversaciones entre cristianos sobre qu\u00e9 es equidad, qu\u00e9 es igualdad, c\u00f3mo tratas a los seres humanos. Y, por supuesto, la aceptaci\u00f3n de que las mujeres son seres humanos, y, por lo tanto, deben tener los mismos derechos, proviene de la civilizaci\u00f3n cristiana. Y eso te lleva nuevamente a las conversaciones sobre derechos y obligaciones como miembro de una sociedad. Todo ello es muy cristiano.<\/p>\n\n\n\n<p><strong>\u2014\u00bfDir\u00eda tambi\u00e9n que muy occidental? Porque eso puede llevar por reacci\u00f3n a un punto de vista antioccidental o anticolonial.<\/strong><\/p>\n\n\n\n<p>\u2014Creo que en los a\u00f1os 60, a los occidentales se les dijo que todo lo que hac\u00edan estaba centrado en Occidente, y que deb\u00edan hacer lo posible por cambiar de perspectiva. Esto es, esencialmente, lo que defend\u00edan&nbsp;<a href=\"https:\/\/www.abc.es\/cultura\/cultural\/abci-edward-said-oriente-visto-si-mismo-y-no-occidente-202005270145_noticia.html\">Edward Said<\/a>&nbsp;y otros pensadores occidentales que se opon\u00edan a la mentalidad occidental. Ellos introdujeron esta cr\u00edtica de que los occidentales deben hacer m\u00e1s para entender y juzgar el mundo desde una perspectiva que no sea occidental. Y creo que parte de eso termin\u00f3 por descartar el Cristianismo porque el Cristianismo se ve\u00eda como la fe occidental. Y creo que la consecuencia tal vez intencionada de este descarte fue generar en las universidades una manera artificial de ser ignorante.<\/p>\n\n\n\n<p><strong>\u2014\u00bfQu\u00e9 tipo de ignorancia?<\/strong><\/p>\n\n\n\n<p>\u2014Todas estas conversaciones sobre la relaci\u00f3n entre Occidente y el resto del mundo estaban ocurriendo en suelo occidental, en campus universitarios occidentales, usando el idioma ingl\u00e9s y otros idiomas occidentales como el franc\u00e9s o el espa\u00f1ol, usando criterios para juzgar qu\u00e9 es correcto y qu\u00e9 es incorrecto al mirar todo el corpus de derechos humanos. Eso es un producto de Occidente y del Cristianismo. Hoy, en muchas universidades y campus se reniega de esa herencia. Eso ha producido un nihilismo de &#8216;tabula rasa&#8217;, nos repiten que todo lo que estamos diciendo, tal como existe, est\u00e1 mal, es nocivo, es explotaci\u00f3n. Hay que empezar desde cero. Y creo que esta idea de empezar desde cero es lo revolucionario. La revoluci\u00f3n significa destruir todo. A eso me refiero.<\/p>\n\n\n\n<p>\u00abEn periodismo, ya no obtienes un t\u00edtulo en reporterismo imparcial. Ahora obtienes un grado en activismo\u00bb<\/p>\n\n\n\n<p><strong>\u2014Desde luego hay aires de revuelta barriendo las universidades de todo el mundo, sobre todo en Estados Unidos. \u00bfSe refiere a ese ambiente de la protesta contra Israel?<\/strong><\/p>\n\n\n\n<p>\u2014Absolutamente. Ah\u00ed se gener\u00f3 un vac\u00edo, en el coraz\u00f3n, la mente y el alma de estos j\u00f3venes a quienes se ha adoctrinado con la idea de que Occidente solo est\u00e1 compuesto por malas acciones, como la esclavitud. Hay tantos proyectos en los campus estadounidenses que han convertido en h\u00e9roes a supuestos intelectuales que en realidad defienden ideas equivalentes al culto a la nada, a la muerte. Tome el ejemplo de Frantz Fanon [un psiquiatra, fil\u00f3sofo y revolucionario nacido en la isla de Martinica, en el Caribe, que es conocido por sus estudios sobre la descolonizaci\u00f3n y la psicopatolog\u00eda de la colonizaci\u00f3n]. Cuando vivi\u00f3 en Francia, desarroll\u00f3 la idea de que el ser colonizado deb\u00eda colonizar al colonizador, y aplicar violencia. Lamentablemente, los j\u00f3venes aqu\u00ed han abrazado estas ideas. Abrazaron la teor\u00eda cr\u00edtica, abrazaron todas estas ideolog\u00edas posmodernistas y actuaron en consecuencia. Y de alguna manera han creado un vac\u00edo, donde Ham\u00e1s y&nbsp;<a href=\"https:\/\/www.abc.es\/internacional\/gran-capacidad-destructiva-mayor-precision-misiles-jihad-20240514102024-nt.html\">Hezbol\u00e1<\/a>&nbsp;y el radicalismo islamista est\u00e1n usando exactamente el mismo vocabulario: que Israel es un estado colonialista de gente de piel blanca, y los palestinos son oprimidos de piel oscura. Son las personas ind\u00edgenas. Su territorio ha sido arrebatado.<\/p>\n\n\n\n<p>Esta locura colectiva es una mentalidad de masas para promulgar un movimiento de liberaci\u00f3n. Creen que est\u00e1n luchando contra el &#8216;apartheid&#8217;. Creen que est\u00e1n luchando contra la esclavitud. Los islamistas duros y c\u00ednicos de Hezbol\u00e1 y Ham\u00e1s y la Rep\u00fablica Isl\u00e1mica de Ir\u00e1n y la Hermandad Musulmana sunita est\u00e1n explotando esta confusi\u00f3n de los j\u00f3venes. Y est\u00e1n ayudando a confundirlos a\u00fan m\u00e1s. Los est\u00e1n usando como tontos \u00fatiles.<\/p>\n\n\n\n<p>\u00abPara el lado palestino, no es ninguna disputa territorial. Es un dogma religioso eliminar al Estado de Israel\u00bb<\/p>\n\n\n\n<p><strong>\u2014\u00bfCree entonces que hay un patr\u00f3n, que la resistencia es anticolonial, es antiimperialista, es antioccidental?<\/strong><\/p>\n\n\n\n<p>\u2014Eso es. Y la universidad como instituci\u00f3n, donde los j\u00f3venes van despu\u00e9s de la secundaria para aprender a pensar cr\u00edticamente se transforma en una programaci\u00f3n con ideas e ideolog\u00edas que te dan un t\u00edtulo en activismo. Y si quieres ser un activista, tienes en la universidad un manual de conducta. Tienes un guion. Tienes la esclavitud como punto de partida. Tienes objetivos en blanco y negro. No te importa la moral o abordar un problema desde diferentes perspectivas. No est\u00e1s interesado ya en el m\u00e9todo socr\u00e1tico, en la Historia. Tenemos esta cohorte de elites juveniles que provienen de familias adineradas, o que est\u00e1n en estos campus con becas que saben c\u00f3mo organizarse, y a cualquiera que no est\u00e9 de acuerdo con ellos, lo calumnian como colonialista. Si eres negro, eres un &#8216;t\u00edo Tom&#8217;. Si indio o asi\u00e1tico, te llaman blanco adyacente\u2026<\/p>\n\n\n\n<p><strong>\u2014Habla usted por experiencia. Le ahorrar\u00e9 leerle las cr\u00edticas que le han dedicado solo en Espa\u00f1a desde sus primeras publicaciones\u2026<\/strong><\/p>\n\n\n\n<p>\u2014Comenz\u00f3 para m\u00ed en 1992 cuando llegu\u00e9 a los Pa\u00edses Bajos. Estaba en un centro de solicitantes de asilo con otros somal\u00edes. Se quejaban, dec\u00edan que la comida era mala, el clima era malo, no entend\u00edan el idioma, no les gustaba la gente. Lo l\u00f3gico era preguntarse qu\u00e9 hac\u00edan all\u00ed. Si prefer\u00edan volver a Somalia, con la guerra civil en marcha. Esa fue siempre la pregunta que hice. Y no fui la \u00fanica. Hab\u00eda otros que dec\u00edan lo mismo. Si no te gusta estar en la nieve en Canad\u00e1, o si no te gusta hacer un trabajo manual aburrido conduciendo un autob\u00fas o trabajando en McDonald&#8217;s, obviamente tienes la opci\u00f3n de regresar a Somalia.<\/p>\n\n\n\n<p>Y despu\u00e9s de 1992, Somalia pas\u00f3 por un per\u00edodo en el que de hecho se impuso una ley sharia muy dura. Y la gente estaba siendo apedreada y decapitada y tratada como el Estado Isl\u00e1mico, en Irak y Siria, tratar\u00eda a su gente. Entonces, una de las cosas que quiero recordar a estos j\u00f3venes en estos campus que est\u00e1n gritando estos esl\u00f3ganes que si \u00abPalestina libre del r\u00edo al mar\u00bb, que lo que hizo Ham\u00e1s el 7 de octubre a las comunidades jud\u00edas en esos kibbutzim es exactamente lo que har\u00edan con ellos si se niegan a inclinarse y aceptar el Islam inmediatamente.<\/p>\n\n\n\n<p><strong>\u2014Es un lema muy repetido, el de \u00abPalestina libre, desde el r\u00edo hasta el mar\u00bb, que viene a decir que Israel no deber\u00eda existir como hoy est\u00e1, enclavado entre el Jord\u00e1n y el Mediterr\u00e1neo. Hasta el Museo Reina Sof\u00eda en Madrid program\u00f3 brevemente un ciclo con ese nombre (que lo han cambiado). Cuando he preguntado por \u00e9l a activistas me dicen que es simplemente un reclamo territorial para un conflicto territorial.<\/strong>&nbsp;<\/p>\n\n\n\n<p>\u2014Para el lado palestino no es ninguna disputa territorial. Es un dogma religioso eliminar el Estado de Israel. Y esto se ha demostrado desde el principio. Y se ha vuelto m\u00e1s agudo a medida que el Islam radical ha infectado m\u00e1s corazones y mentes en el Oriente Pr\u00f3ximo y en todo el mundo. Aqu\u00ed en EE.UU. y en Europa la gente se harta de defender la necesidad de dos estados en paz, y bla, bla, bla. La otra parte no defiende eso, defiende un solo estado, palestino, y la muerte del otro. Esto no es mi opini\u00f3n, lo dicen ellos. Desde que comenc\u00e9 a alzar mi voz, y a advertir del choque entre el Islam y Occidente siempre se\u00f1al\u00e9 que a los musulmanes hay que hacerles caso, dicen lo que van a hacer, son transparentes. Si dicen que quieren eliminar el Estado de Israel, ese es el objetivo.<\/p>\n\n\n\n<p>La Rep\u00fablica Isl\u00e1mica de Ir\u00e1n est\u00e1 desarrollando capacidades nucleares por ninguna otra raz\u00f3n que hacer desaparecer a Israel. Y lo dicen en sus memorandos y documentos de pol\u00edtica oficial, lo dicen en la mezquita, recaudan montones de dinero para un programa cient\u00edfico con el fin de desarrollar esta bomba particular. Y dicen que eso es lo que van a hacer con ella, aniquilar a Israel. Y lo hacen una y otra vez. As\u00ed que si no crees en esto, creo que simplemente est\u00e1s en un estado de negaci\u00f3n.<\/p>\n\n\n\n<p>\u00abEl Islam pol\u00edtico es un culto a la muerte. Es una ideolog\u00eda muerta. Todo lo que saben es c\u00f3mo destruir\u00bb<\/p>\n\n\n\n<p><strong>\u2014Hay israel\u00edes que tambi\u00e9n defienden un solo estado, sin la otra parte\u2026<\/strong><\/p>\n\n\n\n<p>\u2014Bueno, hay \u00e1rabes israel\u00edes, que viven en Israel y disfrutan de las mismas libertades que los ciudadanos jud\u00edos que est\u00e1n representados en el Parlamento, y esos \u00e1rabes israel\u00edes despu\u00e9s del 7 de octubre, no est\u00e1n del lado de Ham\u00e1s, est\u00e1n del lado de Israel. Otra cosa importante que la gente olvida sobre Israel es que realmente tiene las armas, las capacidades para tomar desde el r\u00edo hasta el mar, tomarlo todo, ma\u00f1ana si quiere. Y si realmente quisiera ir y expandirse y conquistar otros pa\u00edses y desestabilizar otros pa\u00edses, podr\u00eda, pero se conforman con su diminuto estado. Israel no tiene petr\u00f3leo, no tiene otros recursos naturales. Y a\u00fan as\u00ed, mira su PIB. Su PIB es su gente. Mientras que al lado, en Gaza, a los ni\u00f1os, bajo el gobierno de Ham\u00e1s, no se les ense\u00f1a nada m\u00e1s que el hecho de que est\u00e1n aqu\u00ed en la tierra para destruir el Estado de Israel. Est\u00e1n programados con odio. Se les dice que est\u00e1n destinados a morir por Gaza destruyendo a Israel. Est\u00e1n programados con los mismos esl\u00f3ganes que est\u00e1s viendo y escuchando hoy aqu\u00ed en las calles de EE.UU.<\/p>\n\n\n\n<p>De los ataques del 7 de octubre, recuerde a aquel joven que mat\u00f3 a 10 jud\u00edos que llam\u00f3 a sus padres para contarles emocionado lo que hab\u00eda hecho, y sus padres le elogiaron, estaban felices. Eso es lo que se les ense\u00f1a al otro lado. As\u00ed es c\u00f3mo se cr\u00eda a los ni\u00f1os j\u00f3venes del otro lado. Y estos ni\u00f1os en los campus universitarios, ya sea en Am\u00e9rica o en Espa\u00f1a o en diferentes partes de Europa, tienen que entender que est\u00e1n eligiendo un culto a la muerte. Hamas es un culto a la muerte. Y lo mismo ocurre con Hezbol\u00e1 y lo mismo ocurre con la Rep\u00fablica Isl\u00e1mica de Ir\u00e1n. As\u00ed es la Hermandad Musulmana. El Islam pol\u00edtico es un culto a la muerte. Es una ideolog\u00eda muerta. Todo lo que saben es c\u00f3mo destruir y todo lo que quieren hacer es destruir para negar cualquier valor. Y si no tienes valores, Israel es solo un poder colonial. Y la gente palestina que est\u00e1 dirigida por Ham\u00e1s dice que no hay valores.<\/p>\n\n\n\n<p><strong>\u2014Perm\u00edtame introducir un poco de autocr\u00edtica. Los medios de comunicaci\u00f3n tambi\u00e9n est\u00e1n actuando con un alto grado de activismo. En Espa\u00f1a, como en EE.UU., abundan los periodistas que creen que el adjetivo \u00abequidistante\u00bb o \u00abimparcial\u00bb es un insulto\u2026<\/strong><\/p>\n\n\n\n<p>\u2014Es que los medios, como instituci\u00f3n en pa\u00edses libres, han sido subvertidos de la misma manera que ha sido subvertida la universidad. En periodismo, ya no obtienes un t\u00edtulo en reporterismo imparcial. Ahora obtienes un grado en activismo. Eres un periodista activista, entregado a una causa. Cada vez m\u00e1s, desafortunadamente, las ideolog\u00edas de izquierda empujan a periodistas y acad\u00e9micos a estar del lado de una causa. Buscan la revoluci\u00f3n usando vocabulario period\u00edstico como justicia, apartheid, descolonizaci\u00f3n. Los periodistas est\u00e1n comunicando no los hechos, sino de qu\u00e9 lado est\u00e1n.<\/p>\n\n\n\n<p>Fuente: <a href=\"https:\/\/www.abc.es\/cultura\/cultural\/ayaan-hirsi-ali-universidades-programan-hoy-seres-20240523193724-nt.html\">https:\/\/www.abc.es\/cultura\/cultural\/ayaan-hirsi-ali-universidades-programan-hoy-seres-20240523193724-nt.html<\/a><\/p>\n","protected":false},"excerpt":{"rendered":"<p>La revista &#8216;Time&#8217; la nombr\u00f3 en 2005 una de las 100 personas m\u00e1s influyentes en el mundo. La escritora e [&hellip;]<\/p>\n","protected":false},"author":1,"featured_media":75369,"comment_status":"open","ping_status":"open","sticky":false,"template":"","format":"standard","meta":{"site-sidebar-layout":"default","site-content-layout":"","ast-site-content-layout":"default","site-content-style":"default","site-sidebar-style":"default","ast-global-header-display":"","ast-banner-title-visibility":"","ast-main-header-display":"","ast-hfb-above-header-display":"","ast-hfb-below-header-display":"","ast-hfb-mobile-header-display":"","site-post-title":"","ast-breadcrumbs-content":"","ast-featured-img":"","footer-sml-layout":"","theme-transparent-header-meta":"","adv-header-id-meta":"","stick-header-meta":"","header-above-stick-meta":"","header-main-stick-meta":"","header-below-stick-meta":"","astra-migrate-meta-layouts":"default","ast-page-background-enabled":"default","ast-page-background-meta":{"desktop":{"background-color":"var(--ast-global-color-4)","background-image":"","background-repeat":"repeat","background-position":"center center","background-size":"auto","background-attachment":"scroll","background-type":"","background-media":"","overlay-type":"","overlay-color":"","overlay-opacity":"","overlay-gradient":""},"tablet":{"background-color":"","background-image":"","background-repeat":"repeat","background-position":"center center","background-size":"auto","background-attachment":"scroll","background-type":"","background-media":"","overlay-type":"","overlay-color":"","overlay-opacity":"","overlay-gradient":""},"mobile":{"background-color":"","background-image":"","background-repeat":"repeat","background-position":"center center","background-size":"auto","background-attachment":"scroll","background-type":"","background-media":"","overlay-type":"","overlay-color":"","overlay-opacity":"","overlay-gradient":""}},"ast-content-background-meta":{"desktop":{"background-color":"var(--ast-global-color-5)","background-image":"","background-repeat":"repeat","background-position":"center center","background-size":"auto","background-attachment":"scroll","background-type":"","background-media":"","overlay-type":"","overlay-color":"","overlay-opacity":"","overlay-gradient":""},"tablet":{"background-color":"var(--ast-global-color-5)","background-image":"","background-repeat":"repeat","background-position":"center center","background-size":"auto","background-attachment":"scroll","background-type":"","background-media":"","overlay-type":"","overlay-color":"","overlay-opacity":"","overlay-gradient":""},"mobile":{"background-color":"var(--ast-global-color-5)","background-image":"","background-repeat":"repeat","background-position":"center center","background-size":"auto","background-attachment":"scroll","background-type":"","background-media":"","overlay-type":"","overlay-color":"","overlay-opacity":"","overlay-gradient":""}},"footnotes":""},"categories":[8],"tags":[25504,7841,13001],"class_list":["post-75368","post","type-post","status-publish","format-standard","has-post-thumbnail","hentry","category-noticias","tag-ayaan-hirsi-ali","tag-cristianismo","tag-islam"],"_links":{"self":[{"href":"https:\/\/losperiodistas.com.mx\/portal\/wp-json\/wp\/v2\/posts\/75368","targetHints":{"allow":["GET"]}}],"collection":[{"href":"https:\/\/losperiodistas.com.mx\/portal\/wp-json\/wp\/v2\/posts"}],"about":[{"href":"https:\/\/losperiodistas.com.mx\/portal\/wp-json\/wp\/v2\/types\/post"}],"author":[{"embeddable":true,"href":"https:\/\/losperiodistas.com.mx\/portal\/wp-json\/wp\/v2\/users\/1"}],"replies":[{"embeddable":true,"href":"https:\/\/losperiodistas.com.mx\/portal\/wp-json\/wp\/v2\/comments?post=75368"}],"version-history":[{"count":1,"href":"https:\/\/losperiodistas.com.mx\/portal\/wp-json\/wp\/v2\/posts\/75368\/revisions"}],"predecessor-version":[{"id":75370,"href":"https:\/\/losperiodistas.com.mx\/portal\/wp-json\/wp\/v2\/posts\/75368\/revisions\/75370"}],"wp:featuredmedia":[{"embeddable":true,"href":"https:\/\/losperiodistas.com.mx\/portal\/wp-json\/wp\/v2\/media\/75369"}],"wp:attachment":[{"href":"https:\/\/losperiodistas.com.mx\/portal\/wp-json\/wp\/v2\/media?parent=75368"}],"wp:term":[{"taxonomy":"category","embeddable":true,"href":"https:\/\/losperiodistas.com.mx\/portal\/wp-json\/wp\/v2\/categories?post=75368"},{"taxonomy":"post_tag","embeddable":true,"href":"https:\/\/losperiodistas.com.mx\/portal\/wp-json\/wp\/v2\/tags?post=75368"}],"curies":[{"name":"wp","href":"https:\/\/api.w.org\/{rel}","templated":true}]}}