{"id":75320,"date":"2024-05-27T06:23:39","date_gmt":"2024-05-27T11:23:39","guid":{"rendered":"https:\/\/losperiodistas.com.mx\/portal\/?p=75320"},"modified":"2024-05-27T06:23:40","modified_gmt":"2024-05-27T11:23:40","slug":"produccion-de-crudo-de-pemex-alarga-racha-bajista-el-economista","status":"publish","type":"post","link":"https:\/\/losperiodistas.com.mx\/portal\/produccion-de-crudo-de-pemex-alarga-racha-bajista-el-economista\/","title":{"rendered":"Producci\u00f3n de crudo de Pemex alarga racha bajista | El Economista"},"content":{"rendered":"\n<p class=\"has-medium-font-size\">En abril produjo 1.502 millones de barriles diarios de aceite y 282,125 toneles de condensados.\u00a0La semana pasada, el director general de Pemex, Octavio Romero Oropeza, asegur\u00f3 que sostendr\u00e1 reuniones con 250 proveedores para negociar el pago de al menos 159,000 mdp.<\/p>\n\n\n\n<p><\/p>\n\n\n\n<figure class=\"wp-block-image size-large\"><img fetchpriority=\"high\" decoding=\"async\" width=\"1024\" height=\"1004\" src=\"https:\/\/losperiodistas.com.mx\/portal\/wp-content\/uploads\/2024\/05\/Captura-de-Pantalla-2024-05-27-a-las-5.18.48-1024x1004.jpg\" alt=\"\" class=\"wp-image-75321\" srcset=\"https:\/\/losperiodistas.com.mx\/portal\/wp-content\/uploads\/2024\/05\/Captura-de-Pantalla-2024-05-27-a-las-5.18.48-1024x1004.jpg 1024w, https:\/\/losperiodistas.com.mx\/portal\/wp-content\/uploads\/2024\/05\/Captura-de-Pantalla-2024-05-27-a-las-5.18.48-300x294.jpg 300w, https:\/\/losperiodistas.com.mx\/portal\/wp-content\/uploads\/2024\/05\/Captura-de-Pantalla-2024-05-27-a-las-5.18.48-768x753.jpg 768w, https:\/\/losperiodistas.com.mx\/portal\/wp-content\/uploads\/2024\/05\/Captura-de-Pantalla-2024-05-27-a-las-5.18.48.jpg 1500w\" sizes=\"(max-width: 1024px) 100vw, 1024px\" \/><\/figure>\n\n\n\n<p><\/p>\n\n\n\n<p>KAROL GARC\u00cdA \/ EL ECONOMISTA<\/p>\n\n\n\n<p>La producci\u00f3n de petr\u00f3leo crudo de Petr\u00f3leos Mexicanos (Pemex) lleg\u00f3 a su nivel m\u00e1s bajo en 45 a\u00f1os: 1.502 millones de barriles diarios en abril. Anualmente, se redujo en 6.6% e incluso el volumen de condensados baj\u00f3 finalmente en 4.9% en comparaci\u00f3n con el mismo mes del 2023, para ubicarse en 282,125 barriles diarios.<\/p>\n\n\n\n<p>As\u00ed, la extracci\u00f3n total de hidrocarburos promedi\u00f3 1.784 millones de barriles, hilando 17 meses de reducciones en comparaciones interanuales, mientras trascendi\u00f3 que distintos proveedores han bajado su ritmo de provisi\u00f3n de servicios a la estatal por los retrasos de pagos pendientes, lo que est\u00e1 impactando negativamente la actividad de la petrolera estatal.https:\/\/geo.dailymotion.com\/player\/x9ws1.html?playlist=x7lrcy&amp;mute=true<\/p>\n\n\n\n<p>La producci\u00f3n \u00fanicamente de crudo cay\u00f3 2% en un mes y sum\u00f3 siete per\u00edodos a la baja, seg\u00fan las Estad\u00edsticas Petroleras de la empresa. En abril, fue de igual forma la m\u00e1s baja desde el mes de septiembre de 1979.<\/p>\n\n\n\n<p>As\u00ed, en comparaci\u00f3n con marzo Pemex report\u00f3 una ca\u00edda de 1.5% en la extracci\u00f3n total de crudo y condensados, que en conjunto fue de 1.784 millones de barriles por d\u00eda.<\/p>\n\n\n\n<p>Y es que si bien desde esta administraci\u00f3n federal se a\u00f1adi\u00f3 a los reportes la producci\u00f3n de condensados -que son hidrocarburos m\u00e1s flamables que est\u00e1n tambi\u00e9n en los yacimientos, con un valor incluso mayor que el del crudo, pero un mercado mucho menos l\u00edquido- por ubicarse en los nuevos campos terrestres que se han a\u00f1adido a la producci\u00f3n, \u00e9stos hab\u00edan equilibrado las ca\u00eddas en la producci\u00f3n de crudo en tanto fue creciendo su reporte, pero desde noviembre pasado ha descendido su extracci\u00f3n, luego de que alcanz\u00f3 un m\u00e1ximo de 296,544 barriles diarios hace un a\u00f1o y se contrajo hasta los 277,869 barriles por d\u00eda en marzo de 2024.<\/p>\n\n\n\n<figure class=\"wp-block-image\"><img decoding=\"async\" src=\"https:\/\/www.eleconomista.com.mx\/export\/sites\/eleconomista\/img\/2024\/05\/27\/pp-produccion2_270524w.jpg_987955625.jpg\" alt=\"\"\/><\/figure>\n\n\n\n<h2 class=\"wp-block-heading\">Deuda a proveedores<\/h2>\n\n\n\n<p>Los impagos de Pemex a sus proveedores han sido un factor clave que ha golpeado su producci\u00f3n de hidrocarburos en meses recientes, dijeron dos fuentes a la agencia Reuters, obligando a la estatal a reiterar esta semana, a pocos d\u00edas de los comicios presidenciales, que honrar\u00e1 en los meses siguientes sus enormes compromisos de deuda.<\/p>\n\n\n\n<p>Una de las fuentes dijo que una de las causas que m\u00e1s peg\u00f3 al bombeo de abril y meses previos fue un menor ritmo de actividad provocado por la falta de pagos a proveedores y contratistas, a lo que se sum\u00f3 un accidente en una plataforma marina ocurrida el mismo mes, del que Pemex nunca dio detalles. Reuters report\u00f3 una merma inicial de 20,000 barriles diarios.<\/p>\n\n\n\n<p>En su m\u00e1s reciente reporte sobre estas deudas a abril, Pemex cifr\u00f3 compromisos pendientes por el equivalente a 8,820 millones de d\u00f3lares sin incluir montos en litigio, impuestos, as\u00ed como trabajos que est\u00e1n en proceso conciliatorio con acreedores.<\/p>\n\n\n\n<p>En los estados de resultados del primer trimestre, ubic\u00f3 esta deuda en el equivalente a casi 21,900 millones de d\u00f3lares. Dijo que hab\u00eda pagado 6,000 millones de d\u00f3lares en ese lapso.<\/p>\n\n\n\n<p>\u201cLas empresas (de servicios) le bajaron el ritmo por falta de pagos en enero-abril\u201d, dijo una fuente a la agencia de noticias al hablar bajo condici\u00f3n de anonimato por no estar autorizada a declarar sobre el tema.<\/p>\n\n\n\n<p>La semana pasada, el director general de Pemex, Octavio Romero Oropeza, asegur\u00f3 que a lo largo de esta semana sostendr\u00e1 reuniones con unos 250 proveedores para negociar el pago de al menos 159,000 millones de pesos de los adeudos conjuntos que la estatal ha acumulado con ellos hasta mayo. Sin embargo, este monto corresponde \u00fanicamente a 43% de lo que Pemex debe hasta ahora a sus contratistas, mientras requiere continuar contratando, luego de que ha llegado a su pasivo a proveedores m\u00e1s alto en su historia.<\/p>\n\n\n\n<p>Ello porque la deuda a proveedores de Pemex (expresada en pesos mexicanos, incluyendo compromisos nacionales e internacionales) se encuentra en el momento m\u00e1s elevado de su historia hasta el cierre del primer trimestre del a\u00f1o: en 364,814 millones de pesos, cifra que en el sexenio creci\u00f3 143% y que de representar el 4% de su pasivo total en 2018, en la actualidad es el 9% de todos los compromisos por pagar de la petrolera.<\/p>\n\n\n\n<h2 class=\"wp-block-heading\">Hay avances en pagos: Pemex<\/h2>\n\n\n\n<p>De igual forma, la estatal asegur\u00f3 en un comunicado que ya se llevaron a cabo encuentros entre la direcci\u00f3n de la empresa y firmas de servicios e ingenier\u00eda en ubicadas en Villahermosa, Tabasco, y Ciudad del Carmen, Campeche.<\/p>\n\n\n\n<p>El director de Pemex asegur\u00f3 que en el primer trimestre del a\u00f1o se han pagado 39,000 millones de pesos a proveedores, mientras que en abril se sumaron otros 50,000 millones y mayo concluir\u00e1 con el pago de 70,000 millones, para disminuir el pasivo que acarrea la empresa estatal en este rubro y que se ha vuelto uno de sus principales dolores de cabeza junto con sus abultados vencimientos de deuda de corto plazo.<\/p>\n\n\n\n<p>\u201cEl negocio de Pemex no est\u00e1 en jinetear el dinero de los contratistas, sino en cumplir sus metas operativas\u201d, dijo recientemente Romero Oropeza, quien se comprometi\u00f3 a cumplir con el pago de todo el pasivo en agosto de este a\u00f1o.<\/p>\n\n\n\n<figure class=\"wp-block-image\"><img decoding=\"async\" src=\"https:\/\/www.eleconomista.com.mx\/export\/sites\/eleconomista\/img\/2024\/05\/27\/pp-refineria_270524w.jpg_374206798.jpg\" alt=\"\"\/><\/figure>\n\n\n\n<p><a href=\"mailto:karol.garcia@eleconomista.mx\">karol.garcia@eleconomista.mx<\/a><\/p>\n\n\n\n<p>Fuente: <a href=\"https:\/\/www.eleconomista.com.mx\/empresas\/Produccion-de-crudo-de-Pemex-alarga-racha-bajista-20240527-0005.html\">https:\/\/www.eleconomista.com.mx\/empresas\/Produccion-de-crudo-de-Pemex-alarga-racha-bajista-20240527-0005.html<\/a><\/p>\n","protected":false},"excerpt":{"rendered":"<p>En abril produjo 1.502 millones de barriles diarios de aceite y 282,125 toneles de condensados.\u00a0La semana pasada, el director general [&hellip;]<\/p>\n","protected":false},"author":1,"featured_media":75321,"comment_status":"open","ping_status":"open","sticky":false,"template":"","format":"standard","meta":{"site-sidebar-layout":"default","site-content-layout":"","ast-site-content-layout":"default","site-content-style":"default","site-sidebar-style":"default","ast-global-header-display":"","ast-banner-title-visibility":"","ast-main-header-display":"","ast-hfb-above-header-display":"","ast-hfb-below-header-display":"","ast-hfb-mobile-header-display":"","site-post-title":"","ast-breadcrumbs-content":"","ast-featured-img":"","footer-sml-layout":"","theme-transparent-header-meta":"","adv-header-id-meta":"","stick-header-meta":"","header-above-stick-meta":"","header-main-stick-meta":"","header-below-stick-meta":"","astra-migrate-meta-layouts":"default","ast-page-background-enabled":"default","ast-page-background-meta":{"desktop":{"background-color":"var(--ast-global-color-4)","background-image":"","background-repeat":"repeat","background-position":"center center","background-size":"auto","background-attachment":"scroll","background-type":"","background-media":"","overlay-type":"","overlay-color":"","overlay-opacity":"","overlay-gradient":""},"tablet":{"background-color":"","background-image":"","background-repeat":"repeat","background-position":"center center","background-size":"auto","background-attachment":"scroll","background-type":"","background-media":"","overlay-type":"","overlay-color":"","overlay-opacity":"","overlay-gradient":""},"mobile":{"background-color":"","background-image":"","background-repeat":"repeat","background-position":"center center","background-size":"auto","background-attachment":"scroll","background-type":"","background-media":"","overlay-type":"","overlay-color":"","overlay-opacity":"","overlay-gradient":""}},"ast-content-background-meta":{"desktop":{"background-color":"var(--ast-global-color-5)","background-image":"","background-repeat":"repeat","background-position":"center center","background-size":"auto","background-attachment":"scroll","background-type":"","background-media":"","overlay-type":"","overlay-color":"","overlay-opacity":"","overlay-gradient":""},"tablet":{"background-color":"var(--ast-global-color-5)","background-image":"","background-repeat":"repeat","background-position":"center center","background-size":"auto","background-attachment":"scroll","background-type":"","background-media":"","overlay-type":"","overlay-color":"","overlay-opacity":"","overlay-gradient":""},"mobile":{"background-color":"var(--ast-global-color-5)","background-image":"","background-repeat":"repeat","background-position":"center center","background-size":"auto","background-attachment":"scroll","background-type":"","background-media":"","overlay-type":"","overlay-color":"","overlay-opacity":"","overlay-gradient":""}},"footnotes":""},"categories":[8],"tags":[25484,25483],"class_list":["post-75320","post","type-post","status-publish","format-standard","has-post-thumbnail","hentry","category-noticias","tag-pemex-baja-produccion","tag-pemex-deuda"],"_links":{"self":[{"href":"https:\/\/losperiodistas.com.mx\/portal\/wp-json\/wp\/v2\/posts\/75320","targetHints":{"allow":["GET"]}}],"collection":[{"href":"https:\/\/losperiodistas.com.mx\/portal\/wp-json\/wp\/v2\/posts"}],"about":[{"href":"https:\/\/losperiodistas.com.mx\/portal\/wp-json\/wp\/v2\/types\/post"}],"author":[{"embeddable":true,"href":"https:\/\/losperiodistas.com.mx\/portal\/wp-json\/wp\/v2\/users\/1"}],"replies":[{"embeddable":true,"href":"https:\/\/losperiodistas.com.mx\/portal\/wp-json\/wp\/v2\/comments?post=75320"}],"version-history":[{"count":1,"href":"https:\/\/losperiodistas.com.mx\/portal\/wp-json\/wp\/v2\/posts\/75320\/revisions"}],"predecessor-version":[{"id":75322,"href":"https:\/\/losperiodistas.com.mx\/portal\/wp-json\/wp\/v2\/posts\/75320\/revisions\/75322"}],"wp:featuredmedia":[{"embeddable":true,"href":"https:\/\/losperiodistas.com.mx\/portal\/wp-json\/wp\/v2\/media\/75321"}],"wp:attachment":[{"href":"https:\/\/losperiodistas.com.mx\/portal\/wp-json\/wp\/v2\/media?parent=75320"}],"wp:term":[{"taxonomy":"category","embeddable":true,"href":"https:\/\/losperiodistas.com.mx\/portal\/wp-json\/wp\/v2\/categories?post=75320"},{"taxonomy":"post_tag","embeddable":true,"href":"https:\/\/losperiodistas.com.mx\/portal\/wp-json\/wp\/v2\/tags?post=75320"}],"curies":[{"name":"wp","href":"https:\/\/api.w.org\/{rel}","templated":true}]}}