{"id":75300,"date":"2024-05-26T20:31:00","date_gmt":"2024-05-27T01:31:00","guid":{"rendered":"http:\/\/losperiodistas.com.mx\/portal\/?p=75300"},"modified":"2024-05-26T20:31:56","modified_gmt":"2024-05-27T01:31:56","slug":"rara-alineacion-planetaria-esta-cerca-de-ocurrir","status":"publish","type":"post","link":"https:\/\/losperiodistas.com.mx\/portal\/rara-alineacion-planetaria-esta-cerca-de-ocurrir\/","title":{"rendered":"Rara alineaci\u00f3n planetaria est\u00e1 cerca de ocurrir: C\u00f3mo y cu\u00e1ndo ver el evento astron\u00f3mico | NG"},"content":{"rendered":"\n<p>A principios de junio pasar\u00e1 algo extraordinario. Nos referimos a una alineaci\u00f3n planetaria en el Sistema Solar. As\u00ed puedes verla.<\/p>\n\n\n\n<figure class=\"wp-block-image size-full\"><img fetchpriority=\"high\" decoding=\"async\" width=\"1024\" height=\"512\" src=\"https:\/\/losperiodistas.com.mx\/portal\/wp-content\/uploads\/2024\/05\/AlineacionPlanetaria.jpg\" alt=\"Alineacion Planetaria\" class=\"wp-image-75301\" srcset=\"https:\/\/losperiodistas.com.mx\/portal\/wp-content\/uploads\/2024\/05\/AlineacionPlanetaria.jpg 1024w, https:\/\/losperiodistas.com.mx\/portal\/wp-content\/uploads\/2024\/05\/AlineacionPlanetaria-300x150.jpg 300w, https:\/\/losperiodistas.com.mx\/portal\/wp-content\/uploads\/2024\/05\/AlineacionPlanetaria-768x384.jpg 768w\" sizes=\"(max-width: 1024px) 100vw, 1024px\" \/><figcaption>forplayday\/Getty Images <\/figcaption><\/figure>\n\n\n\n<p class=\"has-vivid-red-color has-text-color\">Alberto Milo \/ NG en espa\u00f1ol<\/p>\n\n\n\n<p>Una aut\u00e9ntica maravilla es la que est\u00e1 cerca de suceder este <strong>3 de junio de 2024<\/strong>: <strong>Mercurio, Marte, J\u00fapiter, Saturno, Neptuno y Urano aparecer\u00e1n en l\u00ednea recta<\/strong>, en algo que se conoce como desfile o <strong>alineaci\u00f3n planetaria<\/strong>.<\/p>\n\n\n\n<p>Se considera que a partir de tres<strong> planetas<\/strong> podemos hablar de una <strong>alineaci\u00f3n planetaria<\/strong>. En este caso, el que seis miembros de la familia del <strong>Sistema Solar<\/strong> est\u00e9n pr\u00f3ximos a coincidir de esta forma es algo que pocas veces podemos apreciar.<\/p>\n\n\n\n<p>De acuerdo con la informaci\u00f3n que nos comparte el sitio especializado, <a href=\"https:\/\/www.sciencealert.com\/a-spectacular-rare-alignment-of-6-planets-is-about-to-happen-in-the-sky\" target=\"_blank\" rel=\"noreferrer noopener\">ScienceAler<\/a>t, <strong>una alineaci\u00f3n planetaria se produce porque todos los planetas del Sistema Solar orbitan alrededor del Sol, m\u00e1s o menos, en la ecl\u00edptica<\/strong>. A pesar de que algunos astros est\u00e1n ligeramente arriba o debajo de ese plano, todos parecen estar nivelados ah\u00ed.<\/p>\n\n\n\n<p>Dada la circunstancia descrita, <strong>seis planetas de nuestro sistema estar\u00e1n pr\u00f3ximamente en el mismo lado del Sol<\/strong>, mientras se mueven a lo largo de sus \u00f3rbitas, creando est\u00e1 ilusi\u00f3n de que se encuentran perfectamente alineados en l\u00ednea recta.<\/p>\n\n\n\n<h3 class=\"wp-block-heading\">\u00bfC\u00f3mo y cu\u00e1ndo ver este evento astron\u00f3mico?<\/h3>\n\n\n\n<p>El <strong>evento astron\u00f3mico<\/strong> est\u00e1 se\u00f1alado el <strong>3 de junio<\/strong>, pero la hora de salida y puesta de cada planeta depende del lugar en el que te ubiques.<\/p>\n\n\n\n<p>Afortunadamente existen <strong>herramientas que nos permiten hacer m\u00e1s f\u00e1cil esto<\/strong>. Para el caso, por ejemplo, est\u00e1 la p\u00e1gina de <a href=\"https:\/\/www.timeanddate.com\/astronomy\/night\/\" target=\"_blank\" rel=\"noreferrer noopener\">Time and Date<\/a>, la que nos ofrece fijar la fecha que quieras, mostrando las <strong>horas de salida y puesta de los diferentes planetas<\/strong>.<\/p>\n\n\n\n<p>No hay indicaci\u00f3n, por parte de los expertos, de que este fen\u00f3meno deba ser visto \u00fanicamente con<strong> instrumentos de observaci\u00f3n especializados<\/strong>. La recomendaci\u00f3n, por el contrario, una vez que ubiques <strong>los tiempos de cada planeta<\/strong>, es alejarte lo m\u00e1s posible de la <strong>contaminaci\u00f3n lum\u00ednica<\/strong>, para poder disfrutar del espect\u00e1culo astral.<\/p>\n\n\n\n<p>Fuente: <a href=\"https:\/\/www.ngenespanol.com\/el-espacio\/rara-alineacion-planetaria-esta-cerca-de-ocurrir-como-y-cuando-ver-el-evento-astronomico\/\" target=\"_blank\" rel=\"noreferrer noopener\">National Geographic<\/a><\/p>\n","protected":false},"excerpt":{"rendered":"<p>A principios de junio pasar\u00e1 algo extraordinario. Nos referimos a una alineaci\u00f3n planetaria en el Sistema Solar. As\u00ed puedes verla.<\/p>\n","protected":false},"author":1,"featured_media":75301,"comment_status":"open","ping_status":"open","sticky":false,"template":"","format":"standard","meta":{"site-sidebar-layout":"default","site-content-layout":"","ast-site-content-layout":"default","site-content-style":"default","site-sidebar-style":"default","ast-global-header-display":"","ast-banner-title-visibility":"","ast-main-header-display":"","ast-hfb-above-header-display":"","ast-hfb-below-header-display":"","ast-hfb-mobile-header-display":"","site-post-title":"","ast-breadcrumbs-content":"","ast-featured-img":"","footer-sml-layout":"","theme-transparent-header-meta":"","adv-header-id-meta":"","stick-header-meta":"","header-above-stick-meta":"","header-main-stick-meta":"","header-below-stick-meta":"","astra-migrate-meta-layouts":"default","ast-page-background-enabled":"default","ast-page-background-meta":{"desktop":{"background-color":"var(--ast-global-color-4)","background-image":"","background-repeat":"repeat","background-position":"center center","background-size":"auto","background-attachment":"scroll","background-type":"","background-media":"","overlay-type":"","overlay-color":"","overlay-opacity":"","overlay-gradient":""},"tablet":{"background-color":"","background-image":"","background-repeat":"repeat","background-position":"center center","background-size":"auto","background-attachment":"scroll","background-type":"","background-media":"","overlay-type":"","overlay-color":"","overlay-opacity":"","overlay-gradient":""},"mobile":{"background-color":"","background-image":"","background-repeat":"repeat","background-position":"center center","background-size":"auto","background-attachment":"scroll","background-type":"","background-media":"","overlay-type":"","overlay-color":"","overlay-opacity":"","overlay-gradient":""}},"ast-content-background-meta":{"desktop":{"background-color":"var(--ast-global-color-5)","background-image":"","background-repeat":"repeat","background-position":"center center","background-size":"auto","background-attachment":"scroll","background-type":"","background-media":"","overlay-type":"","overlay-color":"","overlay-opacity":"","overlay-gradient":""},"tablet":{"background-color":"var(--ast-global-color-5)","background-image":"","background-repeat":"repeat","background-position":"center center","background-size":"auto","background-attachment":"scroll","background-type":"","background-media":"","overlay-type":"","overlay-color":"","overlay-opacity":"","overlay-gradient":""},"mobile":{"background-color":"var(--ast-global-color-5)","background-image":"","background-repeat":"repeat","background-position":"center center","background-size":"auto","background-attachment":"scroll","background-type":"","background-media":"","overlay-type":"","overlay-color":"","overlay-opacity":"","overlay-gradient":""}},"footnotes":""},"categories":[8],"tags":[25474,25475,25476,25473],"class_list":["post-75300","post","type-post","status-publish","format-standard","has-post-thumbnail","hentry","category-noticias","tag-alineacion-planetaria","tag-evento-astronomico","tag-junio","tag-sistema-solar"],"_links":{"self":[{"href":"https:\/\/losperiodistas.com.mx\/portal\/wp-json\/wp\/v2\/posts\/75300","targetHints":{"allow":["GET"]}}],"collection":[{"href":"https:\/\/losperiodistas.com.mx\/portal\/wp-json\/wp\/v2\/posts"}],"about":[{"href":"https:\/\/losperiodistas.com.mx\/portal\/wp-json\/wp\/v2\/types\/post"}],"author":[{"embeddable":true,"href":"https:\/\/losperiodistas.com.mx\/portal\/wp-json\/wp\/v2\/users\/1"}],"replies":[{"embeddable":true,"href":"https:\/\/losperiodistas.com.mx\/portal\/wp-json\/wp\/v2\/comments?post=75300"}],"version-history":[{"count":2,"href":"https:\/\/losperiodistas.com.mx\/portal\/wp-json\/wp\/v2\/posts\/75300\/revisions"}],"predecessor-version":[{"id":75305,"href":"https:\/\/losperiodistas.com.mx\/portal\/wp-json\/wp\/v2\/posts\/75300\/revisions\/75305"}],"wp:featuredmedia":[{"embeddable":true,"href":"https:\/\/losperiodistas.com.mx\/portal\/wp-json\/wp\/v2\/media\/75301"}],"wp:attachment":[{"href":"https:\/\/losperiodistas.com.mx\/portal\/wp-json\/wp\/v2\/media?parent=75300"}],"wp:term":[{"taxonomy":"category","embeddable":true,"href":"https:\/\/losperiodistas.com.mx\/portal\/wp-json\/wp\/v2\/categories?post=75300"},{"taxonomy":"post_tag","embeddable":true,"href":"https:\/\/losperiodistas.com.mx\/portal\/wp-json\/wp\/v2\/tags?post=75300"}],"curies":[{"name":"wp","href":"https:\/\/api.w.org\/{rel}","templated":true}]}}