{"id":75296,"date":"2024-05-26T20:07:15","date_gmt":"2024-05-27T01:07:15","guid":{"rendered":"https:\/\/losperiodistas.com.mx\/portal\/?p=75296"},"modified":"2024-05-26T20:18:18","modified_gmt":"2024-05-27T01:18:18","slug":"no-hay-candidatos-perfectos","status":"publish","type":"post","link":"https:\/\/losperiodistas.com.mx\/portal\/no-hay-candidatos-perfectos\/","title":{"rendered":"No hay candidatos perfectos"},"content":{"rendered":"\n<p class=\"has-medium-font-size\">#PorSoleares | <em>Votar libremente y sin condiciones, convoca la CEM, antes de votar, aseg\u00farate de saber bien lo que est\u00e1s haciendo<\/em><\/p>\n\n\n\n<p><\/p>\n\n\n\n<figure class=\"wp-block-embed is-type-video is-provider-youtube wp-block-embed-youtube wp-embed-aspect-16-9 wp-has-aspect-ratio\"><div class=\"wp-block-embed__wrapper\">\n<iframe title=\"No hay candidatos perfectos | mayo 26 2024\" width=\"500\" height=\"281\" src=\"https:\/\/www.youtube.com\/embed\/MGujhcWuN1M?feature=oembed\" frameborder=\"0\" allow=\"accelerometer; autoplay; clipboard-write; encrypted-media; gyroscope; picture-in-picture; web-share\" referrerpolicy=\"strict-origin-when-cross-origin\" allowfullscreen><\/iframe>\n<\/div><\/figure>\n\n\n\n<p><\/p>\n\n\n\n<p><\/p>\n\n\n\n<p class=\"has-vivid-red-color has-text-color\" style=\"font-size:26px\"><strong><em>Por Jes\u00fas Manuel Hern\u00e1ndez<\/em><\/strong><\/p>\n\n\n\n<p>Pocas veces los ciudadanos mexicanos han estado tan presionados por decidir su voto como en estas elecciones que culminar\u00e1n el 2 de junio.<\/p>\n\n\n\n<p>Y no me refiero s\u00f3lo a las estrategias de los candidatos apostados por obtener la Presidencia de M\u00e9xico, las gubernaturas, presidencias municipales, y principalmente por influir en quienes ser\u00e1n los representantes de la sociedad mexicana en las <strong>C\u00e1maras de Senadores y Diputados<\/strong>, escenarios donde seg\u00fan se desprende de todos los an\u00e1lisis vistos, o\u00eddos y filtrados, <strong>se dar\u00e1 la verdadera batalla por el gobierno en los pr\u00f3ximos a\u00f1os.<\/strong><\/p>\n\n\n\n<p>Quiz\u00e1 cuando la elecci\u00f3n de Luis Echeverr\u00eda \u00c1lvarez se haya vivido una presi\u00f3n tan fuerte sobre los electores.<\/p>\n\n\n\n<p>La presi\u00f3n de la <strong>Iglesia Cat\u00f3lica<\/strong>, seg\u00fan las entidades, se viene dando, puntual, organizada y con un sello donde la sociedad civil est\u00e1 m\u00e1s que involucrada.<\/p>\n\n\n\n<p><strong>Se ve, se siente, que la Iglesia busca influir en los resultados electorales<\/strong> y se percibe que si la sociedad est\u00e1 dividida, la iglesia tambi\u00e9n lo est\u00e1 respecto de quien debe ganar.<\/p>\n\n\n\n<p>As\u00ed, hay obispos que apoyan a X\u00f3chitl, y otros que no ven mal, aunque no apoyen abiertamente a Sheinbaum. En ambos casos prevalece una convocatoria que pretende separarse de la izquierda o la derecha, bajo una premisa: <strong>no hay candidatos perfectos<\/strong>.<\/p>\n\n\n\n<p>Los ciudadanos enfrentamos una dicotom\u00eda, o se construye el segundo piso de la 4T o desmantelamos el primer piso y reconstruimos otro.<\/p>\n\n\n\n<p>Desde la semana pasada en las rejas o puertas de las iglesias aparecieron mantas con la leyenda <strong>\u201cCon fe y compromiso VOTA, \u00a1Vayamos a votar por un M\u00e9xico unido y en paz\u201d<\/strong> y firma la Conferencia de Episcopado Mexicano.<\/p>\n\n\n\n<p>Volantes de mano tambi\u00e9n son repartidos entre quienes acuden a las celebraciones religiosas, ah\u00ed se destacan estos puntos:<\/p>\n\n\n\n<p>1.- <strong>Piensa tu voto<\/strong>. Antes de votar, aseg\u00farate de saber bien lo que est\u00e1s decidiendo. Tu voto es como tu voz, as\u00ed que \u00fasalo con confianza y sin que nadie te lo quiera quitar. \u2018Vota sin miedo y con libertad!<\/p>\n\n\n\n<p>2.- <strong>Vota pensando en lo mejor para todos<\/strong>. Busca a los que est\u00e1n comprometidos con un M\u00e9xico unido. Queremos un pa\u00eds donde se respeten nuestros derechos, donde haya seguridad y justicia para todos.<\/p>\n\n\n\n<p>3.- <strong>\u00a1Vota, as\u00ed, puedes exigir!<\/strong> Elige a los candidatos que te representen de verdad y luego recu\u00e9rdales que cumplan lo que prometieron.<\/p>\n\n\n\n<p>4.- <strong>\u00a1Vota libremente y sin condiciones!<\/strong> Conf\u00eda en lo que dice nuestra Constituci\u00f3n y no atiendas rumores sin fundamento. Los apoyos y programas sociales son un derecho tuyo y de todos los ciudadanos. \u00a1Tus derechos est\u00e1n protegidos por la ley y nadie te los puede quitar!<\/p>\n\n\n\n<p>5.- <strong>Todos debemos votar<\/strong>. Anima a tu gente a que vaya a votar el 2 de junio. Que lo hagan sin miedo y con ganas. \u00a1Por un compromiso por la paz y el bien com\u00fan!<\/p>\n\n\n\n<p>Nunca como antes la Iglesia cat\u00f3lica se ha volcado a conseguir mover a los electores para votar, un asunto interesante bajo la \u00f3ptica pol\u00edtica, supondr\u00eda que los partidos pol\u00edticos y autoridades electorales han perdido la capacidad de animar a votar y surge esta tercera v\u00eda, quiz\u00e1 de buena fe, quiz\u00e1 necesaria, o quiz\u00e1 parte de otra estrategia dentro de lo que algunos llaman el \u201cPlan B\u201d.<\/p>\n\n\n\n<p>Interesante ser\u00e1 ver <strong>qu\u00e9 postura asumir\u00e1 la CEM tras los resultados del 2 de junio<\/strong>, quiz\u00e1 si actuaron de buena fe, deb\u00edan convocar a las partes, sobre todo a quienes pierdan, a mantener la unidad y la paz por M\u00e9xico.<\/p>\n\n\n\n<p>O por lo menos, as\u00ed me lo parece.<\/p>\n\n\n\n<p><a href=\"mailto:losperiodistas.com.mx@gmail.com\">losperiodistas.com.mx@gmail.com<\/a><\/p>\n","protected":false},"excerpt":{"rendered":"<p>#PorSoleares | Votar libremente y sin condiciones, convoca la CEM, antes de votar, aseg\u00farate de saber bien lo que est\u00e1s [&hellip;]<\/p>\n","protected":false},"author":1,"featured_media":75298,"comment_status":"open","ping_status":"open","sticky":false,"template":"","format":"standard","meta":{"site-sidebar-layout":"default","site-content-layout":"","ast-site-content-layout":"default","site-content-style":"default","site-sidebar-style":"default","ast-global-header-display":"","ast-banner-title-visibility":"","ast-main-header-display":"","ast-hfb-above-header-display":"","ast-hfb-below-header-display":"","ast-hfb-mobile-header-display":"","site-post-title":"","ast-breadcrumbs-content":"","ast-featured-img":"","footer-sml-layout":"","theme-transparent-header-meta":"","adv-header-id-meta":"","stick-header-meta":"","header-above-stick-meta":"","header-main-stick-meta":"","header-below-stick-meta":"","astra-migrate-meta-layouts":"default","ast-page-background-enabled":"default","ast-page-background-meta":{"desktop":{"background-color":"var(--ast-global-color-4)","background-image":"","background-repeat":"repeat","background-position":"center center","background-size":"auto","background-attachment":"scroll","background-type":"","background-media":"","overlay-type":"","overlay-color":"","overlay-opacity":"","overlay-gradient":""},"tablet":{"background-color":"","background-image":"","background-repeat":"repeat","background-position":"center center","background-size":"auto","background-attachment":"scroll","background-type":"","background-media":"","overlay-type":"","overlay-color":"","overlay-opacity":"","overlay-gradient":""},"mobile":{"background-color":"","background-image":"","background-repeat":"repeat","background-position":"center center","background-size":"auto","background-attachment":"scroll","background-type":"","background-media":"","overlay-type":"","overlay-color":"","overlay-opacity":"","overlay-gradient":""}},"ast-content-background-meta":{"desktop":{"background-color":"var(--ast-global-color-5)","background-image":"","background-repeat":"repeat","background-position":"center center","background-size":"auto","background-attachment":"scroll","background-type":"","background-media":"","overlay-type":"","overlay-color":"","overlay-opacity":"","overlay-gradient":""},"tablet":{"background-color":"var(--ast-global-color-5)","background-image":"","background-repeat":"repeat","background-position":"center center","background-size":"auto","background-attachment":"scroll","background-type":"","background-media":"","overlay-type":"","overlay-color":"","overlay-opacity":"","overlay-gradient":""},"mobile":{"background-color":"var(--ast-global-color-5)","background-image":"","background-repeat":"repeat","background-position":"center center","background-size":"auto","background-attachment":"scroll","background-type":"","background-media":"","overlay-type":"","overlay-color":"","overlay-opacity":"","overlay-gradient":""}},"footnotes":""},"categories":[8,5],"tags":[7196,5743,25472],"class_list":["post-75296","post","type-post","status-publish","format-standard","has-post-thumbnail","hentry","category-noticias","category-por-soleares","tag-cem","tag-elecciones-mexico-2024","tag-iglesia-orienta-voto"],"_links":{"self":[{"href":"https:\/\/losperiodistas.com.mx\/portal\/wp-json\/wp\/v2\/posts\/75296","targetHints":{"allow":["GET"]}}],"collection":[{"href":"https:\/\/losperiodistas.com.mx\/portal\/wp-json\/wp\/v2\/posts"}],"about":[{"href":"https:\/\/losperiodistas.com.mx\/portal\/wp-json\/wp\/v2\/types\/post"}],"author":[{"embeddable":true,"href":"https:\/\/losperiodistas.com.mx\/portal\/wp-json\/wp\/v2\/users\/1"}],"replies":[{"embeddable":true,"href":"https:\/\/losperiodistas.com.mx\/portal\/wp-json\/wp\/v2\/comments?post=75296"}],"version-history":[{"count":2,"href":"https:\/\/losperiodistas.com.mx\/portal\/wp-json\/wp\/v2\/posts\/75296\/revisions"}],"predecessor-version":[{"id":75302,"href":"https:\/\/losperiodistas.com.mx\/portal\/wp-json\/wp\/v2\/posts\/75296\/revisions\/75302"}],"wp:featuredmedia":[{"embeddable":true,"href":"https:\/\/losperiodistas.com.mx\/portal\/wp-json\/wp\/v2\/media\/75298"}],"wp:attachment":[{"href":"https:\/\/losperiodistas.com.mx\/portal\/wp-json\/wp\/v2\/media?parent=75296"}],"wp:term":[{"taxonomy":"category","embeddable":true,"href":"https:\/\/losperiodistas.com.mx\/portal\/wp-json\/wp\/v2\/categories?post=75296"},{"taxonomy":"post_tag","embeddable":true,"href":"https:\/\/losperiodistas.com.mx\/portal\/wp-json\/wp\/v2\/tags?post=75296"}],"curies":[{"name":"wp","href":"https:\/\/api.w.org\/{rel}","templated":true}]}}