{"id":75293,"date":"2024-05-26T19:59:49","date_gmt":"2024-05-27T00:59:49","guid":{"rendered":"http:\/\/losperiodistas.com.mx\/portal\/?p=75293"},"modified":"2024-05-26T23:29:10","modified_gmt":"2024-05-27T04:29:10","slug":"nueva-tromba-pone-a-puebla-en-alerta-falla-la-luz-y-telefonia-celular-e-consulta","status":"publish","type":"post","link":"https:\/\/losperiodistas.com.mx\/portal\/nueva-tromba-pone-a-puebla-en-alerta-falla-la-luz-y-telefonia-celular-e-consulta\/","title":{"rendered":"Nueva tromba pone a Puebla en alerta: falla la luz y telefon\u00eda celular | E-Consulta"},"content":{"rendered":"\n<p>El pasado viernes la cantidad de granizo que cay\u00f3 sobre Puebla da\u00f1\u00f3 54 viviendas<\/p>\n\n\n\n<figure class=\"wp-block-image size-full\"><img fetchpriority=\"high\" decoding=\"async\" width=\"947\" height=\"623\" src=\"https:\/\/losperiodistas.com.mx\/portal\/wp-content\/uploads\/2024\/05\/NuevamenteCaeTrombaEnPuebla.png\" alt=\"Cae tromba en Puebla\" class=\"wp-image-75295\" srcset=\"https:\/\/losperiodistas.com.mx\/portal\/wp-content\/uploads\/2024\/05\/NuevamenteCaeTrombaEnPuebla.png 947w, https:\/\/losperiodistas.com.mx\/portal\/wp-content\/uploads\/2024\/05\/NuevamenteCaeTrombaEnPuebla-300x197.png 300w, https:\/\/losperiodistas.com.mx\/portal\/wp-content\/uploads\/2024\/05\/NuevamenteCaeTrombaEnPuebla-768x505.png 768w\" sizes=\"(max-width: 947px) 100vw, 947px\" \/><figcaption>Foto: Redes Sociales<\/figcaption><\/figure>\n\n\n\n<p class=\"has-vivid-red-color has-text-color\">Nancy Camacho \/ E-Consulta<\/p>\n\n\n\n<p>Una <strong>lluvia con granizada y fuertes vientos<\/strong> sorprendi\u00f3 a Puebla, hasta el momento se reportaron apagones de luz en la zona de la <strong>Avenida Ju\u00e1rez<\/strong>, el <strong>Centro Hist\u00f3rico<\/strong>, <strong>Ciudad Universitaria <\/strong>y la zona del sur del municipio.<\/p>\n\n\n\n<p>La lluvia de este 26 de mayo <strong>puso en alerta a los poblanos<\/strong> despu\u00e9s de que el pasado viernes el granizo afect\u00f3 diversas colonias de Puebla capital y dej\u00f3 <strong>54 viviendas afectadas<\/strong>.<\/p>\n\n\n\n<blockquote class=\"twitter-tweet\"><p lang=\"es\" dir=\"ltr\">&#x26c8;&#xfe0f;Con granizo y fuertes rachas de viento, as\u00ed la lluvia en la zona de Amalucan y La Rivera Anaya en <a href=\"https:\/\/twitter.com\/hashtag\/Puebla?src=hash&amp;ref_src=twsrc%5Etfw\">#Puebla<\/a>. <a href=\"https:\/\/t.co\/gzTtnf92Bn\">pic.twitter.com\/gzTtnf92Bn<\/a><\/p>\u2014 Peri\u00f3dico e-consulta (@e_consulta) <a href=\"https:\/\/twitter.com\/e_consulta\/status\/1794876797840154942?ref_src=twsrc%5Etfw\">May 26, 2024<\/a><\/blockquote> <script async=\"\" src=\"https:\/\/platform.twitter.com\/widgets.js\" charset=\"utf-8\"><\/script>\n\n\n\n<p>Este domingo la lluvia que comenz\u00f3 a las 17:00 horas, se registraron <strong>cortes de energ\u00eda el\u00e9ctrica<\/strong> lo que dej\u00f3 sin operar sem\u00e1foros, algunos negocios y diferentes colonias de la <strong>Angel\u00f3polis<\/strong>.<\/p>\n\n\n\n<p>Tambi\u00e9n fall\u00f3 la <strong>telefon\u00eda celular<\/strong> en distintos puntos de la zona sur como <strong>Xiltozingo<\/strong>, <strong>San Francisco Totimehuacan <\/strong>y en algunos puntos del municipio de <strong>Cuautlancingo<\/strong>.<\/p>\n\n\n\n<p>De acuerdo con la direcci\u00f3n de <strong>Protecci\u00f3n Civil municipal<\/strong>, los vasos reguladores y barrancas se encuentran con crecimiento de agua, pero <strong>sin rebasar el color amarillo <\/strong>del sem\u00e1foro pluvial.<\/p>\n\n\n\n<p>Adem\u00e1s, se report\u00f3 que las r\u00e1fagas de viento alcanzaron los <strong>28 kil\u00f3metros por hora <\/strong>y la precipitaci\u00f3n fue de <strong>3 a 7 mil\u00edmetros<\/strong>.<\/p>\n\n\n\n<p>Entre las zonas m\u00e1s afectadas por la ca\u00edda de granizo est\u00e1 la <strong>Maravillas<\/strong>, Amalucan, <strong>Clavijero<\/strong>, La Rivera Anaya, mientras que la zona de <strong>Xonaca <\/strong>y China Poblana, reportan inundaciones lo que provoc\u00f3 que varios veh\u00edculos quedaron varados en la vialidad.<\/p>\n\n\n\n<p>Las autoridades municipales y estatales reportaron que, ante la intensa lluvia acompa\u00f1ada de granizo, se activaron los protocolos de atenci\u00f3n pertinentes.<\/p>\n\n\n\n<p>El gobernador de Puebla, <strong>Sergio Salom\u00f3n C\u00e9spedes Peregrina, <\/strong>dijo que <strong>Protecci\u00f3n Civil Estatal <\/strong>estar\u00e1 monitoreando sobre las presentes lluvias y ca\u00edda de granizo en distintas zonas del estado.<\/p>\n\n\n\n<blockquote class=\"twitter-tweet\"><p lang=\"es\" dir=\"ltr\">&#x1f300; <a href=\"https:\/\/twitter.com\/hashtag\/ReporteDeLluvias?src=hash&amp;ref_src=twsrc%5Etfw\">#ReporteDeLluvias<\/a> en <a href=\"https:\/\/twitter.com\/hashtag\/PUEBLA?src=hash&amp;ref_src=twsrc%5Etfw\">#PUEBLA<\/a>:<br><br>&#x1f6a8; La <a href=\"https:\/\/twitter.com\/PC_Estatal?ref_src=twsrc%5Etfw\">@PC_Estatal<\/a> y direcciones municipales de <a href=\"https:\/\/twitter.com\/hashtag\/Protecci%C3%B3nCivil?src=hash&amp;ref_src=twsrc%5Etfw\">#Protecci\u00f3nCivil<\/a> mantienen monitoreo sobre las presentes lluvias y ca\u00edda de granizo en distintas zonas del estado. <br><br>&#x1f6d1; Estamos revisando posibles afectaciones.<br><br>Seguiremos actualizando la\u2026<\/p>\u2014 Sergio Salom\u00f3n (@SergioSalomonC) <a href=\"https:\/\/twitter.com\/SergioSalomonC\/status\/1794879785258062203?ref_src=twsrc%5Etfw\">May 26, 2024<\/a><\/blockquote> <script async=\"\" src=\"https:\/\/platform.twitter.com\/widgets.js\" charset=\"utf-8\"><\/script>\n\n\n\n<p>Fuente: <a href=\"https:\/\/www.e-consulta.com\/nota\/2024-05-26\/ciudad\/nueva-tromba-pone-puebla-en-alerta-falla-la-luz-y-telefonia-celular\" target=\"_blank\" rel=\"noreferrer noopener\">E-Consulta<\/a><\/p>\n","protected":false},"excerpt":{"rendered":"<p>El pasado viernes la cantidad de granizo que cay\u00f3 sobre Puebla da\u00f1\u00f3 54 viviendas<\/p>\n","protected":false},"author":1,"featured_media":75295,"comment_status":"open","ping_status":"open","sticky":false,"template":"","format":"standard","meta":{"site-sidebar-layout":"default","site-content-layout":"","ast-site-content-layout":"default","site-content-style":"default","site-sidebar-style":"default","ast-global-header-display":"","ast-banner-title-visibility":"","ast-main-header-display":"","ast-hfb-above-header-display":"","ast-hfb-below-header-display":"","ast-hfb-mobile-header-display":"","site-post-title":"","ast-breadcrumbs-content":"","ast-featured-img":"","footer-sml-layout":"","theme-transparent-header-meta":"","adv-header-id-meta":"","stick-header-meta":"","header-above-stick-meta":"","header-main-stick-meta":"","header-below-stick-meta":"","astra-migrate-meta-layouts":"default","ast-page-background-enabled":"default","ast-page-background-meta":{"desktop":{"background-color":"var(--ast-global-color-4)","background-image":"","background-repeat":"repeat","background-position":"center center","background-size":"auto","background-attachment":"scroll","background-type":"","background-media":"","overlay-type":"","overlay-color":"","overlay-opacity":"","overlay-gradient":""},"tablet":{"background-color":"","background-image":"","background-repeat":"repeat","background-position":"center center","background-size":"auto","background-attachment":"scroll","background-type":"","background-media":"","overlay-type":"","overlay-color":"","overlay-opacity":"","overlay-gradient":""},"mobile":{"background-color":"","background-image":"","background-repeat":"repeat","background-position":"center center","background-size":"auto","background-attachment":"scroll","background-type":"","background-media":"","overlay-type":"","overlay-color":"","overlay-opacity":"","overlay-gradient":""}},"ast-content-background-meta":{"desktop":{"background-color":"var(--ast-global-color-5)","background-image":"","background-repeat":"repeat","background-position":"center center","background-size":"auto","background-attachment":"scroll","background-type":"","background-media":"","overlay-type":"","overlay-color":"","overlay-opacity":"","overlay-gradient":""},"tablet":{"background-color":"var(--ast-global-color-5)","background-image":"","background-repeat":"repeat","background-position":"center center","background-size":"auto","background-attachment":"scroll","background-type":"","background-media":"","overlay-type":"","overlay-color":"","overlay-opacity":"","overlay-gradient":""},"mobile":{"background-color":"var(--ast-global-color-5)","background-image":"","background-repeat":"repeat","background-position":"center center","background-size":"auto","background-attachment":"scroll","background-type":"","background-media":"","overlay-type":"","overlay-color":"","overlay-opacity":"","overlay-gradient":""}},"footnotes":""},"categories":[8],"tags":[25471,12030,25469],"class_list":["post-75293","post","type-post","status-publish","format-standard","has-post-thumbnail","hentry","category-noticias","tag-fallas-electricas","tag-inundaciones","tag-tromba"],"_links":{"self":[{"href":"https:\/\/losperiodistas.com.mx\/portal\/wp-json\/wp\/v2\/posts\/75293","targetHints":{"allow":["GET"]}}],"collection":[{"href":"https:\/\/losperiodistas.com.mx\/portal\/wp-json\/wp\/v2\/posts"}],"about":[{"href":"https:\/\/losperiodistas.com.mx\/portal\/wp-json\/wp\/v2\/types\/post"}],"author":[{"embeddable":true,"href":"https:\/\/losperiodistas.com.mx\/portal\/wp-json\/wp\/v2\/users\/1"}],"replies":[{"embeddable":true,"href":"https:\/\/losperiodistas.com.mx\/portal\/wp-json\/wp\/v2\/comments?post=75293"}],"version-history":[{"count":2,"href":"https:\/\/losperiodistas.com.mx\/portal\/wp-json\/wp\/v2\/posts\/75293\/revisions"}],"predecessor-version":[{"id":75309,"href":"https:\/\/losperiodistas.com.mx\/portal\/wp-json\/wp\/v2\/posts\/75293\/revisions\/75309"}],"wp:featuredmedia":[{"embeddable":true,"href":"https:\/\/losperiodistas.com.mx\/portal\/wp-json\/wp\/v2\/media\/75295"}],"wp:attachment":[{"href":"https:\/\/losperiodistas.com.mx\/portal\/wp-json\/wp\/v2\/media?parent=75293"}],"wp:term":[{"taxonomy":"category","embeddable":true,"href":"https:\/\/losperiodistas.com.mx\/portal\/wp-json\/wp\/v2\/categories?post=75293"},{"taxonomy":"post_tag","embeddable":true,"href":"https:\/\/losperiodistas.com.mx\/portal\/wp-json\/wp\/v2\/tags?post=75293"}],"curies":[{"name":"wp","href":"https:\/\/api.w.org\/{rel}","templated":true}]}}