{"id":75288,"date":"2024-05-26T19:43:24","date_gmt":"2024-05-27T00:43:24","guid":{"rendered":"http:\/\/losperiodistas.com.mx\/portal\/?p=75288"},"modified":"2024-05-26T19:44:38","modified_gmt":"2024-05-27T00:44:38","slug":"vientos-derrumban-lonas-en-mitines-de-morena-en-xonacatlan-e-ixtlahuaca","status":"publish","type":"post","link":"https:\/\/losperiodistas.com.mx\/portal\/vientos-derrumban-lonas-en-mitines-de-morena-en-xonacatlan-e-ixtlahuaca\/","title":{"rendered":"Vientos derrumban lonas en m\u00edtines de Morena en Xonacatl\u00e1n e Ixtlahuaca; hay lesionados | El Financiero"},"content":{"rendered":"\n<p>El cierre de campa\u00f1a de Alfredo Gonz\u00e1lez, candidato de Morena a la presidencia municipal de Xonacatl\u00e1n, Edomex, qued\u00f3 marcado por la ca\u00edda de una estructura que sosten\u00eda una lona.<\/p>\n\n\n\n<figure class=\"wp-block-image size-large\"><img fetchpriority=\"high\" decoding=\"async\" width=\"1024\" height=\"576\" src=\"https:\/\/losperiodistas.com.mx\/portal\/wp-content\/uploads\/2024\/05\/Captura-de-pantalla-2024-05-26-183553-1024x576.png\" alt=\"Ca\u00edda de lona en mitin de Xonacatl\u00e1n\" class=\"wp-image-75290\" srcset=\"https:\/\/losperiodistas.com.mx\/portal\/wp-content\/uploads\/2024\/05\/Captura-de-pantalla-2024-05-26-183553-1024x576.png 1024w, https:\/\/losperiodistas.com.mx\/portal\/wp-content\/uploads\/2024\/05\/Captura-de-pantalla-2024-05-26-183553-300x169.png 300w, https:\/\/losperiodistas.com.mx\/portal\/wp-content\/uploads\/2024\/05\/Captura-de-pantalla-2024-05-26-183553-768x432.png 768w, https:\/\/losperiodistas.com.mx\/portal\/wp-content\/uploads\/2024\/05\/Captura-de-pantalla-2024-05-26-183553.png 1086w\" sizes=\"(max-width: 1024px) 100vw, 1024px\" \/><figcaption>Cuerpos de emergencia de Cruz Roja y SUEM atendieron la ca\u00edda de lona en mitin de Xonacatl\u00e1n. (Foto: PC Edomex) <\/figcaption><\/figure>\n\n\n\n<p class=\"has-vivid-red-color has-text-color\">Por Ricardo Guadarrama y Eulalio Victoria \/ Corresponsales \/ El Financiero<\/p>\n\n\n\n<p>Dos eventos pol\u00edticos organizados por Movimiento Regeneraci\u00f3n Nacional (Morena) en los municipios de Xonacatl\u00e1n e Ixtlahuaca, en el Valle de Toluca, estuvieron a punto de terminar en tragedias, pues los improvisados enlonados colapsaron por fuertes rachas de viento que se presentan en esta regi\u00f3n del Estado de M\u00e9xico.<\/p>\n\n\n\n<p>Informes oficiales preliminares indican que, ante la ca\u00edda de un templete que se ocupaba durante el cierre de campa\u00f1a del <strong>candidato a presidente municipal de Xonacatl\u00e1n, Alfredo Gonz\u00e1lez Gonz\u00e1lez<\/strong>, dej\u00f3 como resultado 29 personas lesionadas, entre ellas ni\u00f1os, quienes, al lado de sus padres, fueron al mitin del pol\u00edtico morenista.<\/p>\n\n\n\n<p>Testigos se\u00f1alaron que el colapso de la infraestructura fue provocada por los fuertes vientos que durante los \u00faltimos d\u00edas se han presentado en esta zona, ubicada en los l\u00edmites con el municipio de Naucalpan.<\/p>\n\n\n\n<p>Se desconoce el n\u00famero total de personas lesionadas, y de las que tuvieron que ser trasladadas a hospitales.<\/p>\n\n\n\n<p><strong>Cuerpos de emergencia <\/strong>se encuentran a\u00fan en el lugar atendiendo a persona que fueron afectadas por el incidente, entre Protecci\u00f3n Civil del Edomex, Cruz Roja y el SUEM.<\/p>\n\n\n\n<figure class=\"wp-block-image size-large\"><img decoding=\"async\" width=\"1024\" height=\"513\" src=\"https:\/\/losperiodistas.com.mx\/portal\/wp-content\/uploads\/2024\/05\/Captura-de-pantalla-2024-05-26-182720-1024x513.png\" alt=\"\" class=\"wp-image-75289\" srcset=\"https:\/\/losperiodistas.com.mx\/portal\/wp-content\/uploads\/2024\/05\/Captura-de-pantalla-2024-05-26-182720-1024x513.png 1024w, https:\/\/losperiodistas.com.mx\/portal\/wp-content\/uploads\/2024\/05\/Captura-de-pantalla-2024-05-26-182720-300x150.png 300w, https:\/\/losperiodistas.com.mx\/portal\/wp-content\/uploads\/2024\/05\/Captura-de-pantalla-2024-05-26-182720-768x385.png 768w, https:\/\/losperiodistas.com.mx\/portal\/wp-content\/uploads\/2024\/05\/Captura-de-pantalla-2024-05-26-182720.png 1525w\" sizes=\"(max-width: 1024px) 100vw, 1024px\" \/><figcaption>Foto: PC Edomex<\/figcaption><\/figure>\n\n\n\n<p>Publicaciones en redes sociales muestran gente que corre para ponerse bajo resguardo, mientras que otras ayudan a personas que quedaron bajo la estructura.<\/p>\n\n\n\n<p>A dos d\u00edas de que concluyan el periodo de campa\u00f1as electorales, donde se renovar\u00e1n 125 presidencias municiales y 75 diputados locales, se presenta este accidente, el primero de este tipo en todas las campa\u00f1as&nbsp;mexiquenses.<\/p>\n\n\n\n<p>Es el segundo incidente con lonas en m\u00edtines electorales, luego del accidente durante una presentaci\u00f3n de <a href=\"https:\/\/losperiodistas.com.mx\/portal\/2024\/05\/22\/se-derrumba-escenario-en-san-pedro-nl\/\" target=\"_blank\" rel=\"noreferrer noopener\">Jorge \u00c1lvarez M\u00e1ynez<\/a>, candidato presidencial de Movimiento Ciudadano, en Nuevo Le\u00f3n, el cual dej\u00f3 nueve personas muertas y m\u00e1s de 80 lesionados.<\/p>\n\n\n\n<h2 class=\"wp-block-heading\">El percance en Ixtlahuaca<\/h2>\n\n\n\n<p>Informes del ayuntamiento de este municipio, situado al norte del Estado de M\u00e9xico, indican que, en la comunidad de San Pedro de los Ba\u00f1os, se desarrollaba el cierre de campa\u00f1a de la candidata morenista a la presidencia municipal, Guadalupe D\u00edaz; sin embargo, el enlonado tambi\u00e9n cay\u00f3 al piso por las rachas de viento que se presentaron durante el mitin de la pol\u00edtica. Se apunta que hubo personas lesionadas, aunque no se precis\u00f3 cu\u00e1ntas, lo que s\u00ed se descart\u00f3 que hubiese comuneros sin vida.<\/p>\n\n\n\n<p>Este domingo la mayor\u00eda de los candidatos a presidentes municipales o diputados locales en esta entidad federativa se abocaron al cierre de sus campa\u00f1as con miras a las elecciones intermedias del 02 de junio.<\/p>\n\n\n\n<p>Fuente: <a href=\"https:\/\/www.elfinanciero.com.mx\/edomex\/2024\/05\/26\/fuertes-vientos-derrumban-lona-en-mitin-de-morena-en-xonacatlan-edomex-reportan-heridos\/\" target=\"_blank\" rel=\"noreferrer noopener\">El Financiero<\/a><\/p>\n","protected":false},"excerpt":{"rendered":"<p>El cierre de campa\u00f1a de Alfredo Gonz\u00e1lez, candidato de Morena a la presidencia municipal de Xonacatl\u00e1n, Edomex, qued\u00f3 marcado por la ca\u00edda de una estructura que sosten\u00eda una lona.<\/p>\n","protected":false},"author":1,"featured_media":75290,"comment_status":"open","ping_status":"open","sticky":false,"template":"","format":"standard","meta":{"site-sidebar-layout":"default","site-content-layout":"","ast-site-content-layout":"default","site-content-style":"default","site-sidebar-style":"default","ast-global-header-display":"","ast-banner-title-visibility":"","ast-main-header-display":"","ast-hfb-above-header-display":"","ast-hfb-below-header-display":"","ast-hfb-mobile-header-display":"","site-post-title":"","ast-breadcrumbs-content":"","ast-featured-img":"","footer-sml-layout":"","theme-transparent-header-meta":"","adv-header-id-meta":"","stick-header-meta":"","header-above-stick-meta":"","header-main-stick-meta":"","header-below-stick-meta":"","astra-migrate-meta-layouts":"default","ast-page-background-enabled":"default","ast-page-background-meta":{"desktop":{"background-color":"var(--ast-global-color-4)","background-image":"","background-repeat":"repeat","background-position":"center center","background-size":"auto","background-attachment":"scroll","background-type":"","background-media":"","overlay-type":"","overlay-color":"","overlay-opacity":"","overlay-gradient":""},"tablet":{"background-color":"","background-image":"","background-repeat":"repeat","background-position":"center center","background-size":"auto","background-attachment":"scroll","background-type":"","background-media":"","overlay-type":"","overlay-color":"","overlay-opacity":"","overlay-gradient":""},"mobile":{"background-color":"","background-image":"","background-repeat":"repeat","background-position":"center center","background-size":"auto","background-attachment":"scroll","background-type":"","background-media":"","overlay-type":"","overlay-color":"","overlay-opacity":"","overlay-gradient":""}},"ast-content-background-meta":{"desktop":{"background-color":"var(--ast-global-color-5)","background-image":"","background-repeat":"repeat","background-position":"center center","background-size":"auto","background-attachment":"scroll","background-type":"","background-media":"","overlay-type":"","overlay-color":"","overlay-opacity":"","overlay-gradient":""},"tablet":{"background-color":"var(--ast-global-color-5)","background-image":"","background-repeat":"repeat","background-position":"center center","background-size":"auto","background-attachment":"scroll","background-type":"","background-media":"","overlay-type":"","overlay-color":"","overlay-opacity":"","overlay-gradient":""},"mobile":{"background-color":"var(--ast-global-color-5)","background-image":"","background-repeat":"repeat","background-position":"center center","background-size":"auto","background-attachment":"scroll","background-type":"","background-media":"","overlay-type":"","overlay-color":"","overlay-opacity":"","overlay-gradient":""}},"footnotes":""},"categories":[8],"tags":[25468,25466,25467,247,25465],"class_list":["post-75288","post","type-post","status-publish","format-standard","has-post-thumbnail","hentry","category-noticias","tag-derrumbre-de-lonas","tag-ixtlahuaca","tag-mitin","tag-morena","tag-xonacatlan"],"_links":{"self":[{"href":"https:\/\/losperiodistas.com.mx\/portal\/wp-json\/wp\/v2\/posts\/75288","targetHints":{"allow":["GET"]}}],"collection":[{"href":"https:\/\/losperiodistas.com.mx\/portal\/wp-json\/wp\/v2\/posts"}],"about":[{"href":"https:\/\/losperiodistas.com.mx\/portal\/wp-json\/wp\/v2\/types\/post"}],"author":[{"embeddable":true,"href":"https:\/\/losperiodistas.com.mx\/portal\/wp-json\/wp\/v2\/users\/1"}],"replies":[{"embeddable":true,"href":"https:\/\/losperiodistas.com.mx\/portal\/wp-json\/wp\/v2\/comments?post=75288"}],"version-history":[{"count":1,"href":"https:\/\/losperiodistas.com.mx\/portal\/wp-json\/wp\/v2\/posts\/75288\/revisions"}],"predecessor-version":[{"id":75291,"href":"https:\/\/losperiodistas.com.mx\/portal\/wp-json\/wp\/v2\/posts\/75288\/revisions\/75291"}],"wp:featuredmedia":[{"embeddable":true,"href":"https:\/\/losperiodistas.com.mx\/portal\/wp-json\/wp\/v2\/media\/75290"}],"wp:attachment":[{"href":"https:\/\/losperiodistas.com.mx\/portal\/wp-json\/wp\/v2\/media?parent=75288"}],"wp:term":[{"taxonomy":"category","embeddable":true,"href":"https:\/\/losperiodistas.com.mx\/portal\/wp-json\/wp\/v2\/categories?post=75288"},{"taxonomy":"post_tag","embeddable":true,"href":"https:\/\/losperiodistas.com.mx\/portal\/wp-json\/wp\/v2\/tags?post=75288"}],"curies":[{"name":"wp","href":"https:\/\/api.w.org\/{rel}","templated":true}]}}