{"id":75141,"date":"2024-05-24T22:13:21","date_gmt":"2024-05-25T03:13:21","guid":{"rendered":"http:\/\/losperiodistas.com.mx\/portal\/?p=75141"},"modified":"2024-05-24T22:13:23","modified_gmt":"2024-05-25T03:13:23","slug":"abrazos-y-no-balazos-una-alianza-de-facto-con-los-carteles","status":"publish","type":"post","link":"https:\/\/losperiodistas.com.mx\/portal\/abrazos-y-no-balazos-una-alianza-de-facto-con-los-carteles\/","title":{"rendered":"\u201cAbrazos y no balazos\u201d, una alianza de facto con los c\u00e1rteles: Crisis Group | Proceso"},"content":{"rendered":"\n<p><strong>La organizaci\u00f3n internacional Crisis Group realiz\u00f3 un an\u00e1lisis de la estrategia contra el narco del presidente L\u00f3pez Obrador, en la cual detalla el \u201cmodus vivendi\u201d entre militares y c\u00e1rteles, y explica la cruda relaci\u00f3n entre cifras de homicidios y desapariciones.<\/strong><\/p>\n\n\n\n<figure class=\"wp-block-image size-large\"><img fetchpriority=\"high\" decoding=\"async\" width=\"1024\" height=\"678\" src=\"https:\/\/losperiodistas.com.mx\/portal\/wp-content\/uploads\/2024\/05\/Captura-de-pantalla-2024-05-24-210309-1024x678.png\" alt=\"L\u00f3pez Obrador, Seguridad Nacional\" class=\"wp-image-75142\" srcset=\"https:\/\/losperiodistas.com.mx\/portal\/wp-content\/uploads\/2024\/05\/Captura-de-pantalla-2024-05-24-210309-1024x678.png 1024w, https:\/\/losperiodistas.com.mx\/portal\/wp-content\/uploads\/2024\/05\/Captura-de-pantalla-2024-05-24-210309-300x199.png 300w, https:\/\/losperiodistas.com.mx\/portal\/wp-content\/uploads\/2024\/05\/Captura-de-pantalla-2024-05-24-210309-768x509.png 768w, https:\/\/losperiodistas.com.mx\/portal\/wp-content\/uploads\/2024\/05\/Captura-de-pantalla-2024-05-24-210309.png 1173w\" sizes=\"(max-width: 1024px) 100vw, 1024px\" \/><figcaption>L\u00f3pez Obrador. Estrategia de seguridad nacional contradictoria. Foto: Octavio G\u00f3mez<\/figcaption><\/figure>\n\n\n\n<p class=\"has-vivid-red-color has-text-color\">Mathieu Tourliere \/ Proceso<\/p>\n\n\n\n<p>En 2021, a medida de que los miembros del C\u00e1rtel Jalisco Nueva Generaci\u00f3n (CJNG) trataban de imponerse en Michoac\u00e1n con armamento pesado, blindados y drones con bombas,&nbsp;la Secretar\u00eda de la Defensa Nacional (Sedena) form\u00f3 un frente \u201cde facto\u201d con grupos criminales locales para repelar a la poderosa agrupaci\u00f3n:&nbsp;en diversos eventos las fuerzas especiales mataron a sicarios del CJNG, cuyos cuerpos eran recogidos por combatientes de los grupos locales y arrojados en fosas clandestinas.<\/p>\n\n\n\n<p>Esta\u00a0alianza informal entre la Sedena y grupos antag\u00f3nicos al CJNG, en la que habr\u00edan muerto cerca de 400 civiles armados de la organizaci\u00f3n encabezada por Nemesio Oseguera Cervantes, el\u00a0<em>Mencho<\/em>,\u00a0est\u00e1 reportada en un informe de la organizaci\u00f3n internacional Crisis Group, adelantado a\u00a0Proceso.<\/p>\n\n\n\n<p>El reporte documenta c\u00f3mo se ha aplicado, \u201cen la pr\u00e1ctica\u201d, la pol\u00edtica de seguridad del presidente Andr\u00e9s Manuel L\u00f3pez Obrador.&nbsp;Esta estrategia, basada en el despliegue masivo del Ej\u00e9rcito en M\u00e9xico, no ha podido reducir la ola de homicidios \u2013que suman m\u00e1s de 184 mil en el sexenio\u2013, y tampoco ha frenado el poder de los grupos criminales.<\/p>\n\n\n\n<p>De acuerdo con el informe, en l\u00ednea con su estrategia de \u201cabrazos, no balazos\u201d, y a diferencia de sus antecesores, L\u00f3pez Obrador ha sido reticente en atacar de frente a los grupos criminales. En cambio, en varias regiones los militares instauraron una \u201csuerte de\u00a0<em>modus vivendi<\/em>\u00a0en el que los militares no intervienen en los asuntos internos de los grupos criminales siempre y cuando \u00e9stos respeten ciertas reglas\u201d, plantea.<\/p>\n\n\n\n<figure class=\"wp-block-image size-full\"><img decoding=\"async\" width=\"897\" height=\"539\" src=\"https:\/\/losperiodistas.com.mx\/portal\/wp-content\/uploads\/2024\/05\/Captura-de-pantalla-2024-05-24-210550.png\" alt=\"\" class=\"wp-image-75143\" srcset=\"https:\/\/losperiodistas.com.mx\/portal\/wp-content\/uploads\/2024\/05\/Captura-de-pantalla-2024-05-24-210550.png 897w, https:\/\/losperiodistas.com.mx\/portal\/wp-content\/uploads\/2024\/05\/Captura-de-pantalla-2024-05-24-210550-300x180.png 300w, https:\/\/losperiodistas.com.mx\/portal\/wp-content\/uploads\/2024\/05\/Captura-de-pantalla-2024-05-24-210550-768x461.png 768w\" sizes=\"(max-width: 897px) 100vw, 897px\" \/><figcaption>El Ej\u00e9rcito. Acuerdos informales. Foto: Octavio G\u00f3mez<\/figcaption><\/figure>\n\n\n\n<p>Aquellas reglas consisten, principalmente, en evitar los enfrentamientos con militares, en no causar un desbordamiento de la violencia visible y en no tirar cad\u00e1veres a la vista de todos. Cuando un grupo rebasa estos l\u00edmites, con explosiones desmedidas de violencia, por ejemplo, el Ej\u00e9rcito interviene con toda su fuerza. De acuerdo con el reporte de Crisis Group,&nbsp;este&nbsp;<em>modus vivendi<\/em>&nbsp;entre&nbsp;militares y grupos criminales ha tenido dos efectos colaterales.<\/p>\n\n\n\n<p>Primero, con tal de evitar la aparici\u00f3n de cuerpos en espacios p\u00fablicos \u2013y de reducir las estad\u00edsticas oficiales sobre homicidios\u2013, los grupos criminales desaparecen cada vez m\u00e1s los cuerpos de sus v\u00edctimas y los esconden en fosas clandestinas en zonas lejanas. Este fen\u00f3meno podr\u00eda explicar el aumento sustancial del n\u00famero de personas desaparecidas desde 2019, se\u00f1ala el informe.<\/p>\n\n\n\n<p><em>\u201cPara los grupos criminales, esconder las v\u00edctimas de asesinato ha sido una manera cada vez m\u00e1s popular de evitar las represalias de las autoridades del Estado\u201d<\/em>,\u00a0plantea el informe, y recalca que, en Sinaloa, la tasa de desapariciones ya rebas\u00f3 a la de homicidios, y que en la Ciudad de M\u00e9xico la reducci\u00f3n de la cifra de asesinatos fue acompa\u00f1ada por un aumento en la de desapariciones.<\/p>\n\n\n\n<p>El documento destaca las \u201cpreocupaciones\u201d sobre la veracidad de las estad\u00edsticas oficiales en materia de homicidios, pues al menos en una \u201cciudad grande\u201d un funcionario del Instituto de Ciencias Forenses coment\u00f3 que recib\u00edan \u00f3rdenes para registrar a personas asesinadas con tiros de gracia como personas fallecidas por \u201cotras causas\u201d.<\/p>\n\n\n\n<figure class=\"wp-block-image size-large\"><img decoding=\"async\" width=\"1024\" height=\"647\" src=\"https:\/\/losperiodistas.com.mx\/portal\/wp-content\/uploads\/2024\/05\/Captura-de-pantalla-2024-05-24-210714-1024x647.png\" alt=\"\" class=\"wp-image-75144\" srcset=\"https:\/\/losperiodistas.com.mx\/portal\/wp-content\/uploads\/2024\/05\/Captura-de-pantalla-2024-05-24-210714-1024x647.png 1024w, https:\/\/losperiodistas.com.mx\/portal\/wp-content\/uploads\/2024\/05\/Captura-de-pantalla-2024-05-24-210714-300x190.png 300w, https:\/\/losperiodistas.com.mx\/portal\/wp-content\/uploads\/2024\/05\/Captura-de-pantalla-2024-05-24-210714-768x485.png 768w, https:\/\/losperiodistas.com.mx\/portal\/wp-content\/uploads\/2024\/05\/Captura-de-pantalla-2024-05-24-210714.png 1041w\" sizes=\"(max-width: 1024px) 100vw, 1024px\" \/><figcaption>Violencia ligada a los c\u00e1rteles, sin freno pese a estrategia de la 4T. Foto: Omar Mart\u00ednez\/Cuartoscuro<\/figcaption><\/figure>\n\n\n\n<p>Segundo: la negativa de las fuerzas de seguridad a chocar con los grupos criminales ha abierto nuevos m\u00e1rgenes para que \u00e9stos consoliden su control sobre los territorios, incluyendo sobre sus gobiernos y sus habitantes. Para asegurar sus ingresos, los grupos han generalizado la extorsi\u00f3n, la extracci\u00f3n de recursos naturales o han asumido las cadenas de distribuci\u00f3n de bienes b\u00e1sicos, como huevo, arroz, refrescos o alcohol, asevera.<\/p>\n\n\n\n<p>\u201cLas autoridades han cerrado el ojo sobre cierto grado de ilegalidad, lo que permiti\u00f3 a estas organizaciones diversificar sus operaciones de tr\u00e1fico (incluyendo hacia nuevas drogas como el fentanilo), expandir sus cobranzas de extorsi\u00f3n, lanzarse en los negocios legales y asumir un mayor control sobre comunidades y gobiernos locales\u201d, sostiene el informe, y agrega que, al diversificar sus negocios, los grupos est\u00e1n reclutando a m\u00e1s integrantes y reforzando sus estructuras.<\/p>\n\n\n\n<p>Abrazos&#8230;<\/p>\n\n\n\n<p>L\u00f3pez Obrador lleg\u00f3 al poder con la promesa de pacificar el pa\u00eds y de terminar la \u201cguerra contra el narcotr\u00e1fico\u201d, lanzada en 2006 por el presidente Felipe Calder\u00f3n Hinojosa. Con esta idea en mente, el Ej\u00e9rcito redujo sus operativos y enfrentamientos con los grupos criminales.&nbsp;<\/p>\n\n\n\n<p>\u201cSeg\u00fan un oficial de la Secretar\u00eda de Marina (Semar) de alto rango, d\u00edas despu\u00e9s de que L\u00f3pez Obrador tom\u00f3 el poder, en diciembre de 2018, su superior les orden\u00f3 a \u00e9l y sus pares, de manera espec\u00edfica, \u2018cesar todas las operaciones de una vez\u2019 en una regi\u00f3n (de Veracruz)\u201d, plantea el informe.<\/p>\n\n\n\n<p>Crisis Group reconoce que existen dos visiones sobre la decisi\u00f3n de no enfrentarse con los grupos armados: una lo ve como una muestra del fatalismo, y otra como pragmatismo, ambos ante el poder de los grupos locales y la situaci\u00f3n muy degradada que impera en regiones enteras.<\/p>\n\n\n\n<p>Pero no est\u00e1 funcionando: el n\u00famero de homicidios se mantuvo a niveles hist\u00f3ricos, el de desaparecidos aument\u00f3 de manera sustancial desde 2019, se siguen produciendo enfrentamientos \u2013especialmente en Tamaulipas y Michoac\u00e1n\u2013, dos mil 344 polic\u00edas han sido asesinados desde el inicio del sexenio,&nbsp;y el gobierno no ha desmantelado las estructuras financieras y de corrupci\u00f3n que nutren la violencia armada. En su lugar, el presidente y su gobierno minimizan la situaci\u00f3n de inseguridad, presumen las disminuciones en los niveles de delitos de alto impacto, y atribuyen los reportes de violencia a ataques pol\u00edticos en su contra.&nbsp;<\/p>\n\n\n\n<p>\u201cAunque los \u00e9xitos modestos de sus pol\u00edticas no se deben ignorar, tampoco deben obviarse sus fracasos, ni la realidad de que avances importantes en materia de seguridad requerir\u00e1n de reformas m\u00e1s profundas para mejorar la gobernanza del sector de la seguridad, extirpar la corrupci\u00f3n y asegurarse de que las partes del pa\u00eds m\u00e1s afectadas por la inseguridad reciban la atenci\u00f3n que merecen\u201d, dice el informe.<\/p>\n\n\n\n<figure class=\"wp-block-image size-large\"><img loading=\"lazy\" decoding=\"async\" width=\"1024\" height=\"676\" src=\"https:\/\/losperiodistas.com.mx\/portal\/wp-content\/uploads\/2024\/05\/Captura-de-pantalla-2024-05-24-210827-1024x676.png\" alt=\"\" class=\"wp-image-75145\" srcset=\"https:\/\/losperiodistas.com.mx\/portal\/wp-content\/uploads\/2024\/05\/Captura-de-pantalla-2024-05-24-210827-1024x676.png 1024w, https:\/\/losperiodistas.com.mx\/portal\/wp-content\/uploads\/2024\/05\/Captura-de-pantalla-2024-05-24-210827-300x198.png 300w, https:\/\/losperiodistas.com.mx\/portal\/wp-content\/uploads\/2024\/05\/Captura-de-pantalla-2024-05-24-210827-768x507.png 768w, https:\/\/losperiodistas.com.mx\/portal\/wp-content\/uploads\/2024\/05\/Captura-de-pantalla-2024-05-24-210827.png 1049w\" sizes=\"(max-width: 1024px) 100vw, 1024px\" \/><figcaption>Dos mil 344 polic\u00edas han sido asesinados desde el inicio del sexenio. Foto: Jos\u00e9 Luis de la Cruz<\/figcaption><\/figure>\n\n\n\n<p>Para Crisis Group su pol\u00edtica de seguridad ha sido contradictoria. Mientras promov\u00eda la pacificaci\u00f3n del pa\u00eds, ampli\u00f3 de manera in\u00e9dita el poder, los recursos y las atribuciones de los militares, quienes combaten a los cerca de 200 grupos criminales que pelean por el control de regiones de M\u00e9xico con armamento cada vez m\u00e1s pesado, y que han diversificado sus actividades hacia la extorsi\u00f3n, extracci\u00f3n de recursos naturales, asaltos a tr\u00e1ileres o el tr\u00e1fico de migrantes.<\/p>\n\n\n\n<p>De acuerdo con el informe, las instancias militares tienen desplegados a 281 mil 209 soldados en el pa\u00eds, la mayor cifra en la era reciente,\u00a0que rebasa el n\u00famero de polic\u00edas civiles; el presupuesto asignado al Ej\u00e9rcito se multiplic\u00f3 por 8.6 desde 2018, los recursos de los fideicomisos administrados por el Ej\u00e9rcito se dispararon en un 1,700% y el aparato castrense absorbe ahora 20% del gasto asignado a las dependencias federales.<\/p>\n\n\n\n<figure class=\"wp-block-image size-full\"><img loading=\"lazy\" decoding=\"async\" width=\"1011\" height=\"600\" src=\"https:\/\/losperiodistas.com.mx\/portal\/wp-content\/uploads\/2024\/05\/Captura-de-pantalla-2024-05-24-210935.png\" alt=\"\" class=\"wp-image-75146\" srcset=\"https:\/\/losperiodistas.com.mx\/portal\/wp-content\/uploads\/2024\/05\/Captura-de-pantalla-2024-05-24-210935.png 1011w, https:\/\/losperiodistas.com.mx\/portal\/wp-content\/uploads\/2024\/05\/Captura-de-pantalla-2024-05-24-210935-300x178.png 300w, https:\/\/losperiodistas.com.mx\/portal\/wp-content\/uploads\/2024\/05\/Captura-de-pantalla-2024-05-24-210935-768x456.png 768w\" sizes=\"(max-width: 1011px) 100vw, 1011px\" \/><figcaption>Desapariciones. Efecto colateral de la estrategia de la 4T. Foto: Miguel Dimayuga<\/figcaption><\/figure>\n\n\n\n<p>Viendo hacia el futuro, Crisis Group descarta la posibilidad de un cambio radical en la pol\u00edtica de seguridad. \u201cUna maniobra para regresar precipitadamente a los soldados a sus cuarteles podr\u00eda desestabilizar \u00e1reas plagadas de grupos criminales que compiten en una carrera armamentista y desencadenar riesgos pol\u00edticos\u201d, plantea. Y concluye: \u201cEl mejor punto de partida ser\u00eda hacer un reconocimiento franco de que el Estado requiere una limpieza profunda\u201d.<\/p>\n\n\n\n<p>Fuente: <a href=\"https:\/\/www.proceso.com.mx\/nacional\/2024\/5\/24\/abrazos-no-balazos-una-alianza-de-facto-con-los-carteles-crisis-group-329595.html\" target=\"_blank\" rel=\"noreferrer noopener\">Proceso<\/a><\/p>\n","protected":false},"excerpt":{"rendered":"<p>La organizaci\u00f3n internacional Crisis Group realiz\u00f3 un an\u00e1lisis de la estrategia contra el narco del presidente L\u00f3pez Obrador, en la cual detalla el \u201cmodus vivendi\u201d entre militares y c\u00e1rteles, y explica la cruda relaci\u00f3n entre cifras de homicidios y desapariciones.<\/p>\n","protected":false},"author":1,"featured_media":75142,"comment_status":"open","ping_status":"open","sticky":false,"template":"","format":"standard","meta":{"site-sidebar-layout":"default","site-content-layout":"","ast-site-content-layout":"default","site-content-style":"default","site-sidebar-style":"default","ast-global-header-display":"","ast-banner-title-visibility":"","ast-main-header-display":"","ast-hfb-above-header-display":"","ast-hfb-below-header-display":"","ast-hfb-mobile-header-display":"","site-post-title":"","ast-breadcrumbs-content":"","ast-featured-img":"","footer-sml-layout":"","theme-transparent-header-meta":"","adv-header-id-meta":"","stick-header-meta":"","header-above-stick-meta":"","header-main-stick-meta":"","header-below-stick-meta":"","astra-migrate-meta-layouts":"default","ast-page-background-enabled":"default","ast-page-background-meta":{"desktop":{"background-color":"var(--ast-global-color-4)","background-image":"","background-repeat":"repeat","background-position":"center center","background-size":"auto","background-attachment":"scroll","background-type":"","background-media":"","overlay-type":"","overlay-color":"","overlay-opacity":"","overlay-gradient":""},"tablet":{"background-color":"","background-image":"","background-repeat":"repeat","background-position":"center center","background-size":"auto","background-attachment":"scroll","background-type":"","background-media":"","overlay-type":"","overlay-color":"","overlay-opacity":"","overlay-gradient":""},"mobile":{"background-color":"","background-image":"","background-repeat":"repeat","background-position":"center center","background-size":"auto","background-attachment":"scroll","background-type":"","background-media":"","overlay-type":"","overlay-color":"","overlay-opacity":"","overlay-gradient":""}},"ast-content-background-meta":{"desktop":{"background-color":"var(--ast-global-color-5)","background-image":"","background-repeat":"repeat","background-position":"center center","background-size":"auto","background-attachment":"scroll","background-type":"","background-media":"","overlay-type":"","overlay-color":"","overlay-opacity":"","overlay-gradient":""},"tablet":{"background-color":"var(--ast-global-color-5)","background-image":"","background-repeat":"repeat","background-position":"center center","background-size":"auto","background-attachment":"scroll","background-type":"","background-media":"","overlay-type":"","overlay-color":"","overlay-opacity":"","overlay-gradient":""},"mobile":{"background-color":"var(--ast-global-color-5)","background-image":"","background-repeat":"repeat","background-position":"center center","background-size":"auto","background-attachment":"scroll","background-type":"","background-media":"","overlay-type":"","overlay-color":"","overlay-opacity":"","overlay-gradient":""}},"footnotes":""},"categories":[8],"tags":[14801,372,25402,25283,25401,3262],"class_list":["post-75141","post","type-post","status-publish","format-standard","has-post-thumbnail","hentry","category-noticias","tag-abrazos","tag-cjng","tag-crisis-group","tag-lopez-obrador","tag-no-balazos","tag-sedena"],"_links":{"self":[{"href":"https:\/\/losperiodistas.com.mx\/portal\/wp-json\/wp\/v2\/posts\/75141","targetHints":{"allow":["GET"]}}],"collection":[{"href":"https:\/\/losperiodistas.com.mx\/portal\/wp-json\/wp\/v2\/posts"}],"about":[{"href":"https:\/\/losperiodistas.com.mx\/portal\/wp-json\/wp\/v2\/types\/post"}],"author":[{"embeddable":true,"href":"https:\/\/losperiodistas.com.mx\/portal\/wp-json\/wp\/v2\/users\/1"}],"replies":[{"embeddable":true,"href":"https:\/\/losperiodistas.com.mx\/portal\/wp-json\/wp\/v2\/comments?post=75141"}],"version-history":[{"count":1,"href":"https:\/\/losperiodistas.com.mx\/portal\/wp-json\/wp\/v2\/posts\/75141\/revisions"}],"predecessor-version":[{"id":75147,"href":"https:\/\/losperiodistas.com.mx\/portal\/wp-json\/wp\/v2\/posts\/75141\/revisions\/75147"}],"wp:featuredmedia":[{"embeddable":true,"href":"https:\/\/losperiodistas.com.mx\/portal\/wp-json\/wp\/v2\/media\/75142"}],"wp:attachment":[{"href":"https:\/\/losperiodistas.com.mx\/portal\/wp-json\/wp\/v2\/media?parent=75141"}],"wp:term":[{"taxonomy":"category","embeddable":true,"href":"https:\/\/losperiodistas.com.mx\/portal\/wp-json\/wp\/v2\/categories?post=75141"},{"taxonomy":"post_tag","embeddable":true,"href":"https:\/\/losperiodistas.com.mx\/portal\/wp-json\/wp\/v2\/tags?post=75141"}],"curies":[{"name":"wp","href":"https:\/\/api.w.org\/{rel}","templated":true}]}}