{"id":75134,"date":"2024-05-24T21:20:57","date_gmt":"2024-05-25T02:20:57","guid":{"rendered":"http:\/\/losperiodistas.com.mx\/portal\/?p=75134"},"modified":"2024-05-24T21:43:07","modified_gmt":"2024-05-25T02:43:07","slug":"caida-de-arboles-postes-inundaciones-deja-tromba-en-puebla","status":"publish","type":"post","link":"https:\/\/losperiodistas.com.mx\/portal\/caida-de-arboles-postes-inundaciones-deja-tromba-en-puebla\/","title":{"rendered":"Ca\u00edda de \u00e1rboles, postes, inundaciones y granizo que alcanz\u00f3 un metro de altura deja tromba en Puebla | La Jornada de Oriente"},"content":{"rendered":"\n<figure class=\"wp-block-image size-large\"><img fetchpriority=\"high\" decoding=\"async\" width=\"1024\" height=\"683\" src=\"https:\/\/losperiodistas.com.mx\/portal\/wp-content\/uploads\/2024\/05\/TrombaPuebla-1024x683.jpg\" alt=\"Tromba Puebla\" class=\"wp-image-75136\" srcset=\"https:\/\/losperiodistas.com.mx\/portal\/wp-content\/uploads\/2024\/05\/TrombaPuebla-1024x683.jpg 1024w, https:\/\/losperiodistas.com.mx\/portal\/wp-content\/uploads\/2024\/05\/TrombaPuebla-300x200.jpg 300w, https:\/\/losperiodistas.com.mx\/portal\/wp-content\/uploads\/2024\/05\/TrombaPuebla-768x512.jpg 768w, https:\/\/losperiodistas.com.mx\/portal\/wp-content\/uploads\/2024\/05\/TrombaPuebla.jpg 1068w\" sizes=\"(max-width: 1024px) 100vw, 1024px\" \/><figcaption>Ca\u00edda de \u00e1rboles y postes de energ\u00eda, as\u00ed como desprendimiento de mobiliario urbano e inundaci\u00f3n de calles por la tromba de este d\u00eda en Puebla<\/figcaption><\/figure>\n\n\n\n<p class=\"has-vivid-red-color has-text-color\">Yadira Llaven Anzures \/ La Jornada de Oriente<\/p>\n\n\n\n<p><strong>Tras una fuerte lluvia con granizo, actividad el\u00e9ctrica y rachas de viento que azot\u00f3 la tarde de este viernes a la ciudad de Puebla<\/strong>, la Coordinaci\u00f3n General de <strong>Protecci\u00f3n Civil del estado inform\u00f3 la ca\u00edda de \u00e1rboles y postes de energ\u00eda, as\u00ed como desprendimiento de mobiliario urbano e inundaciones de calles<\/strong> en algunos puntos de la ciudad de Puebla, sin que hasta el momento se reporten p\u00e9rdidas humanas.<\/p>\n\n\n\n<p>En algunas colonias del norte de la capital, cercanas al Bulevar Hermanos Serd\u00e1n, el granizo alcanz\u00f3 una altura de un metro.<\/p>\n\n\n\n<figure class=\"wp-block-image size-full\"><img decoding=\"async\" width=\"720\" height=\"631\" src=\"https:\/\/losperiodistas.com.mx\/portal\/wp-content\/uploads\/2024\/05\/ArbolesCaidos_trombaPuebla.jpeg\" alt=\"\" class=\"wp-image-75135\" srcset=\"https:\/\/losperiodistas.com.mx\/portal\/wp-content\/uploads\/2024\/05\/ArbolesCaidos_trombaPuebla.jpeg 720w, https:\/\/losperiodistas.com.mx\/portal\/wp-content\/uploads\/2024\/05\/ArbolesCaidos_trombaPuebla-300x263.jpeg 300w\" sizes=\"(max-width: 720px) 100vw, 720px\" \/><\/figure>\n\n\n\n<p>Mientras las rachas de viento fueron de hasta 50 kil\u00f3metros por hora y las precipitaciones de 7.11 mil\u00edmetros. Se trata de la primera lluvia fuerte que se registra en la capital poblana, despu\u00e9s de tres olas de calor que bati\u00f3 el r\u00e9cord de 35.2 grados cent\u00edgrados de temperatura que no se sent\u00eda desde hace 77 a\u00f1os.<\/p>\n\n\n\n<p>El gobernador Salom\u00f3n C\u00e9spedes Peregrina inform\u00f3 que mantiene comunicaci\u00f3n con la Secretar\u00eda de la Defensa Nacional (Sedena) y la Guardia Nacional, as\u00ed como con el presidente municipal, Ad\u00e1n Dom\u00ednguez, para actualizar y atender los da\u00f1os causados por las recientes lluvias con presencia de granizo, principalmente en la capital poblana.<\/p>\n\n\n\n<p><em>\u201cHe instruido que se act\u00fae con diligencia y nos mantengamos coordinados para responder de manera inmediata ante la ca\u00edda de \u00e1rboles y zonas anegadas\u201d<\/em>, destac\u00f3. A trav\u00e9s de redes sociales, el mandatario estatal alert\u00f3 del pron\u00f3stico de lluvias con presencia de granizo, actividad el\u00e9ctrica y vientos fuertes en las regiones de Angel\u00f3polis, Atlixco, Valles Centrales y Sierra Negra.<\/p>\n\n\n\n<blockquote class=\"twitter-tweet\"><p lang=\"es\" dir=\"ltr\">&#x26c8;&#xfe0f;&#x26a0;&#xfe0f; <a href=\"https:\/\/twitter.com\/hashtag\/AVISO?src=hash&amp;ref_src=twsrc%5Etfw\">#AVISO<\/a> | Me informa <a href=\"https:\/\/twitter.com\/PC_Estatal?ref_src=twsrc%5Etfw\">@PC_Estatal<\/a> que en las pr\u00f3ximas horas se pronostican lluvias con presencia de granizo, actividad el\u00e9ctrica y vientos fuertes en las regiones de:<br><br>&#x1f449; Angel\u00f3polis, Atlixco, Valles Centrales y Sierra Negra. <br><br>Tomemos nuestras precauciones. Estaremos atentos.\u2026<\/p>\u2014 Sergio Salom\u00f3n (@SergioSalomonC) <a href=\"https:\/\/twitter.com\/SergioSalomonC\/status\/1794120949312204961?ref_src=twsrc%5Etfw\">May 24, 2024<\/a><\/blockquote> <script async=\"\" src=\"https:\/\/platform.twitter.com\/widgets.js\" charset=\"utf-8\"><\/script>\n\n\n\n<p>Por esta raz\u00f3n, C\u00e9spedes Peregrina pidi\u00f3 a la poblaci\u00f3n a tomar precauciones y estar\u00e9 atentos. M\u00e1s tarde, en un comunicado, Protecci\u00f3n Civil Estatal precis\u00f3 que el fen\u00f3meno registr\u00f3 precipitaciones ligeras en Tehuac\u00e1n, San Andr\u00e9s Calpan, San Gregorio Atzompa, San Pedro Cholula, San Andr\u00e9s Cholula, San Juan Cuautlancingo, Huejotzingo, Teotlalcingo, San Miguel Xoxtla, San Lorenzo Chiautzingo y Tlahuapan.<\/p>\n\n\n\n<p>Agreg\u00f3 que la lluvia de moderada se report\u00f3 en Amozoc, Atzitzintla, Tlalancaleca y Tlachichuca; y la lluvia fuerte en San Salvador el Verde, San Mart\u00edn Texmelucan y Puebla capital. Destac\u00f3 que el reblandecimiento de la tierra y los vientos ocasionaron la ca\u00edda de \u00e1rboles en las colonias Francisco I. Madero, Villas Posadas, Naciones Unidas, Bulevar Hermanos Serd\u00e1n, La Libertad, as\u00ed como en las calles 11 Norte, frente al Museo del Ferrocarril, 17 Norte y 46 Poniente, 9 Norte y 18 Poniente, Bulevar 5 de Mayo y 16 de Septiembre, Avenida San Felipe, 9 Norte y 8 Poniente.<\/p>\n\n\n\n<p>Asimismo, hubo desprendimiento de l\u00e1minas en la zona del Mercado Hidalgo, la ca\u00edda de un letrero de una gasoliner\u00eda en la colonia La Piedad, el desplome de un poste en la zona de Plaza San Pedro y la declinaci\u00f3n de un anuncio espectacular en la 23 Sur, entre 21 y 23 Poniente. Adem\u00e1s, refiri\u00f3 que <strong>se interrumpi\u00f3 la energ\u00eda en la regi\u00f3n de Volcanes, Diagonal Defensores de la Rep\u00fablica, Plaza San Pedro, Reforma Sur del municipio de Puebla<\/strong>, y hubo encharcamientos en el Centro Hist\u00f3rico de Puebla y la colonia Francisco I. Madero.<\/p>\n\n\n\n<p>La dependencia estatal expuso que <em>\u201cson atendidos diversos reportes de afectaciones que se han generado en la capital poblana, donde hasta el momento \u00fanicamente se reportan da\u00f1os materiales sin personas lesionadas\u201d<\/em>.<\/p>\n\n\n\n<p>De acuerdo con los modelos meteorol\u00f3gicos, entre las 16 a 19 horas, Protecci\u00f3n Civil Estatal pronostic\u00f3 un incremento de nubosidad, lluvias de moderadas a fuertes con actividad el\u00e9ctrica, ca\u00edda de granizo y vientos fuertes de 45 a 50 km\/h en las regiones de Atlixco, Angel\u00f3polis y Sierra Negra.<\/p>\n\n\n\n<blockquote class=\"twitter-tweet\"><p lang=\"es\" dir=\"ltr\">&#x1f6a8;\u00a1Atenci\u00f3n!<br>Toma tus precauciones ante la presencia de &#x1f327;&#xfe0f; lluvia, &#x1f329;&#xfe0f; actividad el\u00e9ctrica, &#x1f328;&#xfe0f; ca\u00edda de granizo y &#x1f32c;&#xfe0f;fuertes vientos, en distintas regiones del estado. <a href=\"https:\/\/t.co\/GVsvFvOzJq\">pic.twitter.com\/GVsvFvOzJq<\/a><\/p>\u2014 PC Estatal Puebla (@PC_Estatal) <a href=\"https:\/\/twitter.com\/PC_Estatal\/status\/1794117411852914811?ref_src=twsrc%5Etfw\">May 24, 2024<\/a><\/blockquote> <script async=\"\" src=\"https:\/\/platform.twitter.com\/widgets.js\" charset=\"utf-8\"><\/script>\n\n\n\n<p><strong>El gobierno estatal, mediante la Coordinaci\u00f3n General de Protecci\u00f3n Civil en conjunto con las direcciones municipales de Protecci\u00f3n Civil, afirm\u00f3 que mantiene el monitoreo de las precipitaciones que se registran al interior de la entidad<\/strong>, con personal operativo ubicado en puntos estrat\u00e9gicos para atender posibles emergencias y escenarios de riesgos.<\/p>\n\n\n\n<p>Fuente: <a href=\"https:\/\/www.lajornadadeoriente.com.mx\/puebla\/caida-de-arboles-postes-inundaciones-y-granizo-que-alcanzo-un-metro-de-altura-deja-tromba-en-puebla\/\" target=\"_blank\" rel=\"noreferrer noopener\">La Jornada de Oriente<\/a><\/p>\n","protected":false},"excerpt":{"rendered":"<p>Ca\u00edda de \u00e1rboles y postes de energ\u00eda, as\u00ed como desprendimiento de mobiliario urbano e inundaci\u00f3n de calles por la tromba que azot\u00f3 Puebla<\/p>\n","protected":false},"author":1,"featured_media":75136,"comment_status":"open","ping_status":"open","sticky":false,"template":"","format":"standard","meta":{"site-sidebar-layout":"default","site-content-layout":"","ast-site-content-layout":"default","site-content-style":"default","site-sidebar-style":"default","ast-global-header-display":"","ast-banner-title-visibility":"","ast-main-header-display":"","ast-hfb-above-header-display":"","ast-hfb-below-header-display":"","ast-hfb-mobile-header-display":"","site-post-title":"","ast-breadcrumbs-content":"","ast-featured-img":"","footer-sml-layout":"","theme-transparent-header-meta":"","adv-header-id-meta":"","stick-header-meta":"","header-above-stick-meta":"","header-main-stick-meta":"","header-below-stick-meta":"","astra-migrate-meta-layouts":"default","ast-page-background-enabled":"default","ast-page-background-meta":{"desktop":{"background-color":"var(--ast-global-color-4)","background-image":"","background-repeat":"repeat","background-position":"center center","background-size":"auto","background-attachment":"scroll","background-type":"","background-media":"","overlay-type":"","overlay-color":"","overlay-opacity":"","overlay-gradient":""},"tablet":{"background-color":"","background-image":"","background-repeat":"repeat","background-position":"center center","background-size":"auto","background-attachment":"scroll","background-type":"","background-media":"","overlay-type":"","overlay-color":"","overlay-opacity":"","overlay-gradient":""},"mobile":{"background-color":"","background-image":"","background-repeat":"repeat","background-position":"center center","background-size":"auto","background-attachment":"scroll","background-type":"","background-media":"","overlay-type":"","overlay-color":"","overlay-opacity":"","overlay-gradient":""}},"ast-content-background-meta":{"desktop":{"background-color":"var(--ast-global-color-5)","background-image":"","background-repeat":"repeat","background-position":"center center","background-size":"auto","background-attachment":"scroll","background-type":"","background-media":"","overlay-type":"","overlay-color":"","overlay-opacity":"","overlay-gradient":""},"tablet":{"background-color":"var(--ast-global-color-5)","background-image":"","background-repeat":"repeat","background-position":"center center","background-size":"auto","background-attachment":"scroll","background-type":"","background-media":"","overlay-type":"","overlay-color":"","overlay-opacity":"","overlay-gradient":""},"mobile":{"background-color":"var(--ast-global-color-5)","background-image":"","background-repeat":"repeat","background-position":"center center","background-size":"auto","background-attachment":"scroll","background-type":"","background-media":"","overlay-type":"","overlay-color":"","overlay-opacity":"","overlay-gradient":""}},"footnotes":""},"categories":[8],"tags":[25398,25400,12030,25399],"class_list":["post-75134","post","type-post","status-publish","format-standard","has-post-thumbnail","hentry","category-noticias","tag-caida-de-arboles","tag-granizo","tag-inundaciones","tag-postes-caidos"],"_links":{"self":[{"href":"https:\/\/losperiodistas.com.mx\/portal\/wp-json\/wp\/v2\/posts\/75134","targetHints":{"allow":["GET"]}}],"collection":[{"href":"https:\/\/losperiodistas.com.mx\/portal\/wp-json\/wp\/v2\/posts"}],"about":[{"href":"https:\/\/losperiodistas.com.mx\/portal\/wp-json\/wp\/v2\/types\/post"}],"author":[{"embeddable":true,"href":"https:\/\/losperiodistas.com.mx\/portal\/wp-json\/wp\/v2\/users\/1"}],"replies":[{"embeddable":true,"href":"https:\/\/losperiodistas.com.mx\/portal\/wp-json\/wp\/v2\/comments?post=75134"}],"version-history":[{"count":2,"href":"https:\/\/losperiodistas.com.mx\/portal\/wp-json\/wp\/v2\/posts\/75134\/revisions"}],"predecessor-version":[{"id":75139,"href":"https:\/\/losperiodistas.com.mx\/portal\/wp-json\/wp\/v2\/posts\/75134\/revisions\/75139"}],"wp:featuredmedia":[{"embeddable":true,"href":"https:\/\/losperiodistas.com.mx\/portal\/wp-json\/wp\/v2\/media\/75136"}],"wp:attachment":[{"href":"https:\/\/losperiodistas.com.mx\/portal\/wp-json\/wp\/v2\/media?parent=75134"}],"wp:term":[{"taxonomy":"category","embeddable":true,"href":"https:\/\/losperiodistas.com.mx\/portal\/wp-json\/wp\/v2\/categories?post=75134"},{"taxonomy":"post_tag","embeddable":true,"href":"https:\/\/losperiodistas.com.mx\/portal\/wp-json\/wp\/v2\/tags?post=75134"}],"curies":[{"name":"wp","href":"https:\/\/api.w.org\/{rel}","templated":true}]}}