{"id":75129,"date":"2024-05-24T20:57:52","date_gmt":"2024-05-25T01:57:52","guid":{"rendered":"http:\/\/losperiodistas.com.mx\/portal\/?p=75129"},"modified":"2024-05-24T21:42:18","modified_gmt":"2024-05-25T02:42:18","slug":"maynez-retoma-campana-dos-dias-despues-del-accidente-en-mty","status":"publish","type":"post","link":"https:\/\/losperiodistas.com.mx\/portal\/maynez-retoma-campana-dos-dias-despues-del-accidente-en-mty\/","title":{"rendered":"Elecciones en M\u00e9xico 2024 | \u00c1lvarez M\u00e1ynez retoma su campa\u00f1a dos d\u00edas despu\u00e9s del accidente en Monterrey | El Pa\u00eds"},"content":{"rendered":"\n<figure class=\"wp-block-image size-large\"><img fetchpriority=\"high\" decoding=\"async\" width=\"1024\" height=\"650\" src=\"https:\/\/losperiodistas.com.mx\/portal\/wp-content\/uploads\/2024\/05\/Captura-de-pantalla-2024-05-24-194949-1024x650.png\" alt=\"\" class=\"wp-image-75130\" srcset=\"https:\/\/losperiodistas.com.mx\/portal\/wp-content\/uploads\/2024\/05\/Captura-de-pantalla-2024-05-24-194949-1024x650.png 1024w, https:\/\/losperiodistas.com.mx\/portal\/wp-content\/uploads\/2024\/05\/Captura-de-pantalla-2024-05-24-194949-300x191.png 300w, https:\/\/losperiodistas.com.mx\/portal\/wp-content\/uploads\/2024\/05\/Captura-de-pantalla-2024-05-24-194949-768x488.png 768w, https:\/\/losperiodistas.com.mx\/portal\/wp-content\/uploads\/2024\/05\/Captura-de-pantalla-2024-05-24-194949.png 1200w\" sizes=\"(max-width: 1024px) 100vw, 1024px\" \/><figcaption>Jorge \u00c1lvarez M\u00e1ynez llega a un encuentro con estudiantes en la Escuela Carlos Septi\u00e9n de Periodismo, en Ciudad de M\u00e9xico, el 24 de mayo. Cuartoscuro<\/figcaption><\/figure>\n\n\n\n<p class=\"has-vivid-red-color has-text-color\">Jorge Vaquero Simancas \/ El Pa\u00eds<\/p>\n\n\n\n<p>El candidato presidencial Jorge \u00c1lvarez M\u00e1ynez ha retomado este viernes su campa\u00f1a tras el accidente en un mitin de Movimiento Ciudadano en Monterrey que se cobr\u00f3 la vida de 9 personas y dej\u00f3 189 heridos el pasado mi\u00e9rcoles.<\/p>\n\n\n\n<p>El aspirante ha mantenido una reuni\u00f3n con estudiantes en la Escuela de Periodismo Carlos Septi\u00e9n en la que ha roto en llanto al recordar lo sucedido. Es su primer acto electoral despu\u00e9s de que el escenario donde se dirig\u00eda al p\u00fablico de San Pedro Garza Garc\u00eda colapsara por una fuerte r\u00e1faga de viento.<\/p>\n\n\n\n<p>A la entrada del recinto estudiantil, el candidato ha afirmado que continuar\u00e1 en la contienda hasta el fin de la campa\u00f1a el pr\u00f3ximo 29 de mayo. <strong><em>\u201cNo, yo nunca voy a hacer a un lado las responsabilidades, nunca\u201d<\/em><\/strong>, ha explicado.<\/p>\n\n\n\n<p>Aun as\u00ed, se ha visto a un \u00c1lvarez M\u00e1ynez bajo de \u00e1nimos que ha hablado en tono muy bajo, que contrasta con el modo alegre en el que afront\u00f3 los m\u00edtines y debates hasta el d\u00eda del accidente. <em>\u201cVoy a tratar de hacer la mejor campa\u00f1a que pueda, en las circunstancias en las que estamos, siendo respetuoso de las v\u00edctimas\u201d<\/em>, ha argumentado.<\/p>\n\n\n\n<p>Fuente: <a href=\"https:\/\/elpais.com\/mexico\/elecciones-mexicanas\/2024-05-24\/elecciones-en-mexico-2024-en-vivo.html\" target=\"_blank\" rel=\"noreferrer noopener\">El Pa\u00eds<\/a><\/p>\n","protected":false},"excerpt":{"rendered":"<p>Jorge Vaquero Simancas \/ El Pa\u00eds El candidato presidencial Jorge \u00c1lvarez M\u00e1ynez ha retomado este viernes su campa\u00f1a tras el [&hellip;]<\/p>\n","protected":false},"author":1,"featured_media":0,"comment_status":"open","ping_status":"open","sticky":false,"template":"","format":"standard","meta":{"site-sidebar-layout":"default","site-content-layout":"","ast-site-content-layout":"default","site-content-style":"default","site-sidebar-style":"default","ast-global-header-display":"","ast-banner-title-visibility":"","ast-main-header-display":"","ast-hfb-above-header-display":"","ast-hfb-below-header-display":"","ast-hfb-mobile-header-display":"","site-post-title":"","ast-breadcrumbs-content":"","ast-featured-img":"","footer-sml-layout":"","theme-transparent-header-meta":"","adv-header-id-meta":"","stick-header-meta":"","header-above-stick-meta":"","header-main-stick-meta":"","header-below-stick-meta":"","astra-migrate-meta-layouts":"default","ast-page-background-enabled":"default","ast-page-background-meta":{"desktop":{"background-color":"var(--ast-global-color-4)","background-image":"","background-repeat":"repeat","background-position":"center center","background-size":"auto","background-attachment":"scroll","background-type":"","background-media":"","overlay-type":"","overlay-color":"","overlay-opacity":"","overlay-gradient":""},"tablet":{"background-color":"","background-image":"","background-repeat":"repeat","background-position":"center center","background-size":"auto","background-attachment":"scroll","background-type":"","background-media":"","overlay-type":"","overlay-color":"","overlay-opacity":"","overlay-gradient":""},"mobile":{"background-color":"","background-image":"","background-repeat":"repeat","background-position":"center center","background-size":"auto","background-attachment":"scroll","background-type":"","background-media":"","overlay-type":"","overlay-color":"","overlay-opacity":"","overlay-gradient":""}},"ast-content-background-meta":{"desktop":{"background-color":"var(--ast-global-color-5)","background-image":"","background-repeat":"repeat","background-position":"center center","background-size":"auto","background-attachment":"scroll","background-type":"","background-media":"","overlay-type":"","overlay-color":"","overlay-opacity":"","overlay-gradient":""},"tablet":{"background-color":"var(--ast-global-color-5)","background-image":"","background-repeat":"repeat","background-position":"center center","background-size":"auto","background-attachment":"scroll","background-type":"","background-media":"","overlay-type":"","overlay-color":"","overlay-opacity":"","overlay-gradient":""},"mobile":{"background-color":"var(--ast-global-color-5)","background-image":"","background-repeat":"repeat","background-position":"center center","background-size":"auto","background-attachment":"scroll","background-type":"","background-media":"","overlay-type":"","overlay-color":"","overlay-opacity":"","overlay-gradient":""}},"footnotes":""},"categories":[8],"tags":[21488,25396,25397,2319],"class_list":["post-75129","post","type-post","status-publish","format-standard","hentry","category-noticias","tag-alvarez-maynez","tag-campana","tag-carlos-septien","tag-monterrey"],"_links":{"self":[{"href":"https:\/\/losperiodistas.com.mx\/portal\/wp-json\/wp\/v2\/posts\/75129","targetHints":{"allow":["GET"]}}],"collection":[{"href":"https:\/\/losperiodistas.com.mx\/portal\/wp-json\/wp\/v2\/posts"}],"about":[{"href":"https:\/\/losperiodistas.com.mx\/portal\/wp-json\/wp\/v2\/types\/post"}],"author":[{"embeddable":true,"href":"https:\/\/losperiodistas.com.mx\/portal\/wp-json\/wp\/v2\/users\/1"}],"replies":[{"embeddable":true,"href":"https:\/\/losperiodistas.com.mx\/portal\/wp-json\/wp\/v2\/comments?post=75129"}],"version-history":[{"count":1,"href":"https:\/\/losperiodistas.com.mx\/portal\/wp-json\/wp\/v2\/posts\/75129\/revisions"}],"predecessor-version":[{"id":75131,"href":"https:\/\/losperiodistas.com.mx\/portal\/wp-json\/wp\/v2\/posts\/75129\/revisions\/75131"}],"wp:attachment":[{"href":"https:\/\/losperiodistas.com.mx\/portal\/wp-json\/wp\/v2\/media?parent=75129"}],"wp:term":[{"taxonomy":"category","embeddable":true,"href":"https:\/\/losperiodistas.com.mx\/portal\/wp-json\/wp\/v2\/categories?post=75129"},{"taxonomy":"post_tag","embeddable":true,"href":"https:\/\/losperiodistas.com.mx\/portal\/wp-json\/wp\/v2\/tags?post=75129"}],"curies":[{"name":"wp","href":"https:\/\/api.w.org\/{rel}","templated":true}]}}