{"id":75120,"date":"2024-05-24T20:11:19","date_gmt":"2024-05-25T01:11:19","guid":{"rendered":"http:\/\/losperiodistas.com.mx\/portal\/?p=75120"},"modified":"2024-05-24T20:11:21","modified_gmt":"2024-05-25T01:11:21","slug":"cuantos-anos-aumentara-la-esperanza-de-vida-mundial","status":"publish","type":"post","link":"https:\/\/losperiodistas.com.mx\/portal\/cuantos-anos-aumentara-la-esperanza-de-vida-mundial\/","title":{"rendered":"Cu\u00e1ntos a\u00f1os aumentar\u00e1 la esperanza de vida mundial en el 2050 | La Naci\u00f3n"},"content":{"rendered":"\n<p>Los aumentos ser\u00e1n mayores en pa\u00edses donde la esperanza de vida es menor, se\u00f1ala la investigaci\u00f3n, y concluye que habr\u00e1 una mejora de la calidad de vida en varias regiones<\/p>\n\n\n\n<figure class=\"wp-block-image size-large\"><img fetchpriority=\"high\" decoding=\"async\" width=\"1024\" height=\"679\" src=\"https:\/\/losperiodistas.com.mx\/portal\/wp-content\/uploads\/2024\/05\/Captura-de-pantalla-2024-05-24-185217-1024x679.png\" alt=\"expectativa de vida para el 2050\" class=\"wp-image-75121\" srcset=\"https:\/\/losperiodistas.com.mx\/portal\/wp-content\/uploads\/2024\/05\/Captura-de-pantalla-2024-05-24-185217-1024x679.png 1024w, https:\/\/losperiodistas.com.mx\/portal\/wp-content\/uploads\/2024\/05\/Captura-de-pantalla-2024-05-24-185217-300x199.png 300w, https:\/\/losperiodistas.com.mx\/portal\/wp-content\/uploads\/2024\/05\/Captura-de-pantalla-2024-05-24-185217-768x509.png 768w, https:\/\/losperiodistas.com.mx\/portal\/wp-content\/uploads\/2024\/05\/Captura-de-pantalla-2024-05-24-185217.png 1098w\" sizes=\"(max-width: 1024px) 100vw, 1024px\" \/><figcaption>Un estudio revel\u00f3 cu\u00e1nto aumentar\u00e1 la expectativa de vida para el 2050 (Foto Pexels)<\/figcaption><\/figure>\n\n\n\n<p class=\"has-vivid-red-color has-text-color\">Redacci\u00f3n \/ La Naci\u00f3n<\/p>\n\n\n\n<p>as \u00faltimas conclusiones del Estudio sobre la Carga Mundial de Morbilidad (GBD) 2021, publicadas hoy en <em>The Lancet<\/em>, prev\u00e9n que <strong>la esperanza de vida mundial aumentar\u00e1 en 4,9 a\u00f1os en los hombres y 4,2 a\u00f1os en las mujeres entre 2022 y 2050.<\/strong><\/p>\n\n\n\n<p>Se espera que los aumentos sean mayores en los pa\u00edses donde la esperanza de vida es menor, lo que contribuir\u00e1 a una convergencia <strong>del aumento de la esperanza de vida en todas las geograf\u00edas.<\/strong> Esta tendencia se debe en gran medida a las medidas de salud p\u00fablica que han evitado y mejorado las tasas de supervivencia de las enfermedades cardiovasculares, COVID-19 y una serie de enfermedades transmisibles, maternas, neonatales y nutricionales (CMNN).<\/p>\n\n\n\n<figure class=\"wp-block-image size-full\"><img decoding=\"async\" width=\"974\" height=\"649\" src=\"https:\/\/losperiodistas.com.mx\/portal\/wp-content\/uploads\/2024\/05\/Captura-de-pantalla-2024-05-24-185426.png\" alt=\"\" class=\"wp-image-75122\" srcset=\"https:\/\/losperiodistas.com.mx\/portal\/wp-content\/uploads\/2024\/05\/Captura-de-pantalla-2024-05-24-185426.png 974w, https:\/\/losperiodistas.com.mx\/portal\/wp-content\/uploads\/2024\/05\/Captura-de-pantalla-2024-05-24-185426-300x200.png 300w, https:\/\/losperiodistas.com.mx\/portal\/wp-content\/uploads\/2024\/05\/Captura-de-pantalla-2024-05-24-185426-768x512.png 768w\" sizes=\"(max-width: 974px) 100vw, 974px\" \/><figcaption>Se espera que los aumentos sean mayores en los pa\u00edses donde la esperanza de vida es menor (Foto Pexels)<\/figcaption><\/figure>\n\n\n\n<p>Este estudio indica que el actual desplazamiento de la carga de morbilidad hacia las enfermedades no transmisibles (ENT) -como las enfermedades<strong> cardiovasculares, el c\u00e1ncer, la enfermedad pulmonar obstructiva cr\u00f3nica y la diabetes<\/strong>&#8211; y la exposici\u00f3n a los factores de riesgo asociados a las ENT -como la obesidad, la hipertensi\u00f3n arterial, una dieta no \u00f3ptima y el tabaquismo- tendr\u00e1n el mayor impacto en la carga de morbilidad de la pr\u00f3xima generaci\u00f3n.<\/p>\n\n\n\n<p>A medida que la carga de morbilidad se desplaza de las ENMC a las ENT y de los a\u00f1os de vida perdidos a los a\u00f1os <strong>vividos con discapacidad, se espera que m\u00e1s personas vivan m\u00e1s tiempo<\/strong>, pero con m\u00e1s a\u00f1os de mala salud. Se prev\u00e9 que la esperanza de vida mundial aumente de 73,6 a\u00f1os en 2022 a 78,1 a\u00f1os en 2050 (un aumento de 4,5 a\u00f1os).<\/p>\n\n\n\n<p><strong>La esperanza de vida con buena salud en el mundo, es decir, el n\u00famero medio <\/strong>de a\u00f1os que una persona puede esperar vivir con buena salud, aumentar\u00e1 de 64,8 a\u00f1os en 2022 a 67,4 a\u00f1os en 2050 (un incremento de 2,6 a\u00f1os).<\/p>\n\n\n\n<figure class=\"wp-block-image size-full\"><img decoding=\"async\" width=\"972\" height=\"649\" src=\"https:\/\/losperiodistas.com.mx\/portal\/wp-content\/uploads\/2024\/05\/Captura-de-pantalla-2024-05-24-185546.png\" alt=\"\" class=\"wp-image-75123\" srcset=\"https:\/\/losperiodistas.com.mx\/portal\/wp-content\/uploads\/2024\/05\/Captura-de-pantalla-2024-05-24-185546.png 972w, https:\/\/losperiodistas.com.mx\/portal\/wp-content\/uploads\/2024\/05\/Captura-de-pantalla-2024-05-24-185546-300x200.png 300w, https:\/\/losperiodistas.com.mx\/portal\/wp-content\/uploads\/2024\/05\/Captura-de-pantalla-2024-05-24-185546-768x513.png 768w\" sizes=\"(max-width: 972px) 100vw, 972px\" \/><figcaption>Tambi\u00e9n aumentar\u00e1 la esperanza de vida con buena salud (Foto Pexels)<\/figcaption><\/figure>\n\n\n\n<p>\u201cAdem\u00e1s de un aumento de la esperanza de vida en general,<strong> hemos observado que la disparidad en la esperanza de vida <\/strong>entre zonas geogr\u00e1ficas disminuir\u00e1\u201d, afirm\u00f3 el Dr. Chris Murray, Catedr\u00e1tico de Ciencias de la M\u00e9trica de la Salud de la Universidad de Washington y Director del Instituto de M\u00e9trica y Evaluaci\u00f3n de la Salud (IHME). \u201cEsto es un indicador de que, aunque se mantendr\u00e1n las desigualdades sanitarias entre las regiones con mayores y menores ingresos, las diferencias se est\u00e1n reduciendo, y los mayores aumentos se prev\u00e9n en el \u00c1frica subsahariana\u201d.<\/p>\n\n\n\n<p>El Dr. Murray a\u00f1adi\u00f3 que la mayor oportunidad <strong>para acelerar la reducci\u00f3n de la carga mundial<\/strong> de morbilidad consiste en intervenciones pol\u00edticas dirigidas a prevenir y mitigar los factores de riesgo conductuales y metab\u00f3licos.<\/p>\n\n\n\n<figure class=\"wp-block-image size-full\"><img loading=\"lazy\" decoding=\"async\" width=\"973\" height=\"648\" src=\"https:\/\/losperiodistas.com.mx\/portal\/wp-content\/uploads\/2024\/05\/Captura-de-pantalla-2024-05-24-185701.png\" alt=\"\" class=\"wp-image-75124\" srcset=\"https:\/\/losperiodistas.com.mx\/portal\/wp-content\/uploads\/2024\/05\/Captura-de-pantalla-2024-05-24-185701.png 973w, https:\/\/losperiodistas.com.mx\/portal\/wp-content\/uploads\/2024\/05\/Captura-de-pantalla-2024-05-24-185701-300x200.png 300w, https:\/\/losperiodistas.com.mx\/portal\/wp-content\/uploads\/2024\/05\/Captura-de-pantalla-2024-05-24-185701-768x511.png 768w\" sizes=\"(max-width: 973px) 100vw, 973px\" \/><figcaption>En el 2050 se registrar\u00e1 un aumento de expectativa de vida (Foto Pexels)<\/figcaption><\/figure>\n\n\n\n<p>Estas conclusiones se basan en los resultados del estudio sobre factores de riesgo de la CMD 2021, que tambi\u00e9n se public\u00f3 este mes en<em> The Lancet.<\/em> Seg\u00fan este estudio, el n\u00famero total de a\u00f1os perdidos por mala salud y muerte prematura atribuibles a factores de riesgo metab\u00f3licos <strong>aument\u00f3 un 50 % desde el a\u00f1o 2000.<\/strong><\/p>\n\n\n\n<p>Fuente: <a href=\"https:\/\/www.lanacion.com.ar\/lifestyle\/en-las-redes\/cuantos-anos-aumentara-la-esperanza-de-vida-mundial-en-el-2050-nid24052024\/\" target=\"_blank\" rel=\"noreferrer noopener\">La Naci\u00f3n<\/a><\/p>\n","protected":false},"excerpt":{"rendered":"<p>Los aumentos ser\u00e1n mayores en pa\u00edses donde la esperanza de vida es menor, se\u00f1ala la investigaci\u00f3n, y concluye que habr\u00e1 una mejora de la calidad de vida en varias regiones<\/p>\n","protected":false},"author":1,"featured_media":75121,"comment_status":"open","ping_status":"open","sticky":false,"template":"","format":"standard","meta":{"site-sidebar-layout":"default","site-content-layout":"","ast-site-content-layout":"default","site-content-style":"default","site-sidebar-style":"default","ast-global-header-display":"","ast-banner-title-visibility":"","ast-main-header-display":"","ast-hfb-above-header-display":"","ast-hfb-below-header-display":"","ast-hfb-mobile-header-display":"","site-post-title":"","ast-breadcrumbs-content":"","ast-featured-img":"","footer-sml-layout":"","theme-transparent-header-meta":"","adv-header-id-meta":"","stick-header-meta":"","header-above-stick-meta":"","header-main-stick-meta":"","header-below-stick-meta":"","astra-migrate-meta-layouts":"default","ast-page-background-enabled":"default","ast-page-background-meta":{"desktop":{"background-color":"var(--ast-global-color-4)","background-image":"","background-repeat":"repeat","background-position":"center center","background-size":"auto","background-attachment":"scroll","background-type":"","background-media":"","overlay-type":"","overlay-color":"","overlay-opacity":"","overlay-gradient":""},"tablet":{"background-color":"","background-image":"","background-repeat":"repeat","background-position":"center center","background-size":"auto","background-attachment":"scroll","background-type":"","background-media":"","overlay-type":"","overlay-color":"","overlay-opacity":"","overlay-gradient":""},"mobile":{"background-color":"","background-image":"","background-repeat":"repeat","background-position":"center center","background-size":"auto","background-attachment":"scroll","background-type":"","background-media":"","overlay-type":"","overlay-color":"","overlay-opacity":"","overlay-gradient":""}},"ast-content-background-meta":{"desktop":{"background-color":"var(--ast-global-color-5)","background-image":"","background-repeat":"repeat","background-position":"center center","background-size":"auto","background-attachment":"scroll","background-type":"","background-media":"","overlay-type":"","overlay-color":"","overlay-opacity":"","overlay-gradient":""},"tablet":{"background-color":"var(--ast-global-color-5)","background-image":"","background-repeat":"repeat","background-position":"center center","background-size":"auto","background-attachment":"scroll","background-type":"","background-media":"","overlay-type":"","overlay-color":"","overlay-opacity":"","overlay-gradient":""},"mobile":{"background-color":"var(--ast-global-color-5)","background-image":"","background-repeat":"repeat","background-position":"center center","background-size":"auto","background-attachment":"scroll","background-type":"","background-media":"","overlay-type":"","overlay-color":"","overlay-opacity":"","overlay-gradient":""}},"footnotes":""},"categories":[8],"tags":[25394,13757,7977],"class_list":["post-75120","post","type-post","status-publish","format-standard","has-post-thumbnail","hentry","category-noticias","tag-adultez","tag-calidad-de-vida","tag-esperanza-de-vida"],"_links":{"self":[{"href":"https:\/\/losperiodistas.com.mx\/portal\/wp-json\/wp\/v2\/posts\/75120","targetHints":{"allow":["GET"]}}],"collection":[{"href":"https:\/\/losperiodistas.com.mx\/portal\/wp-json\/wp\/v2\/posts"}],"about":[{"href":"https:\/\/losperiodistas.com.mx\/portal\/wp-json\/wp\/v2\/types\/post"}],"author":[{"embeddable":true,"href":"https:\/\/losperiodistas.com.mx\/portal\/wp-json\/wp\/v2\/users\/1"}],"replies":[{"embeddable":true,"href":"https:\/\/losperiodistas.com.mx\/portal\/wp-json\/wp\/v2\/comments?post=75120"}],"version-history":[{"count":1,"href":"https:\/\/losperiodistas.com.mx\/portal\/wp-json\/wp\/v2\/posts\/75120\/revisions"}],"predecessor-version":[{"id":75125,"href":"https:\/\/losperiodistas.com.mx\/portal\/wp-json\/wp\/v2\/posts\/75120\/revisions\/75125"}],"wp:featuredmedia":[{"embeddable":true,"href":"https:\/\/losperiodistas.com.mx\/portal\/wp-json\/wp\/v2\/media\/75121"}],"wp:attachment":[{"href":"https:\/\/losperiodistas.com.mx\/portal\/wp-json\/wp\/v2\/media?parent=75120"}],"wp:term":[{"taxonomy":"category","embeddable":true,"href":"https:\/\/losperiodistas.com.mx\/portal\/wp-json\/wp\/v2\/categories?post=75120"},{"taxonomy":"post_tag","embeddable":true,"href":"https:\/\/losperiodistas.com.mx\/portal\/wp-json\/wp\/v2\/tags?post=75120"}],"curies":[{"name":"wp","href":"https:\/\/api.w.org\/{rel}","templated":true}]}}